{"id":37926,"date":"2025-03-07T19:47:19","date_gmt":"2025-03-07T19:47:19","guid":{"rendered":"https:\/\/www.africa-press.net\/togo\/politique\/semaine-du-cerveau-2025-il-y-a-100-ans-la-decouverte-de-lenfant-de-taung-bouleversait-letude-des-origines-humaines"},"modified":"2025-04-04T04:44:03","modified_gmt":"2025-04-04T04:44:03","slug":"semaine-du-cerveau-2025-il-y-a-100-ans-la-decouverte-de-lenfant-de-taung-bouleversait-letude-des-origines-humaines","status":"publish","type":"post","link":"https:\/\/www.africa-press.net\/togo\/toutes-les-actualites\/semaine-du-cerveau-2025-il-y-a-100-ans-la-decouverte-de-lenfant-de-taung-bouleversait-letude-des-origines-humaines","title":{"rendered":"Semaine du cerveau 2025 : il y a 100 ans, la d\u00e9couverte de \u00ab\u00a0l&rsquo;enfant de Taung\u00a0\u00bb bouleversait l&rsquo;\u00e9tude des origines humaines"},"content":{"rendered":"<p><span style=\"color: #ff6600\"><strong>Africa-Press &#8211; Togo. <\/strong><\/span>Cette anne\u0301e, la science ce\u0301le\u0300bre les 100 ans de la de\u0301couverte du cra\u0302ne de \u201cl\u2019enfant de Taung\u201d, retrouve\u0301 dans une carrie\u0300re en Afrique du Sud en 1924 et de\u0301crit en 1925 par l&rsquo;anthropologue australien Raymond A. Dart. Le fossile du jeune enfant est a\u0300 ce moment-la\u0300 le premier te\u0301moin d&rsquo;une nouvelle espe\u0300ce, Australopithecus africanus, constituant une e\u0301tape importante de la pale\u0301ontologie.<\/p>\n<p>Depuis sa de\u0301couverte, les innovations me\u0301thodologiques permettent de nouvelles approches, comme l\u2019emploi de la tomographie a\u0300 rayons X qui a e\u0301te\u0301 pre\u0301sente\u0301 lors de la soire\u0301e inaugurale de la Semaine du Cerveau lundi 3 mars 2025 a\u0300 l&rsquo;Ho\u0302tel de Ville de Paris. Cette manifestation mondiale, de retour pour la 27e e\u0301dition, est l&rsquo;occasion de rappeler les me\u0301thodes et les recherches qui gravitent autour de cet organe fascinant.<\/p>\n<p><b>La microtomographie pour e\u0301tudier les cerveaux disparus<\/b><\/p>\n<p>Le cerveau, e\u0301tant un tissu mou, ne se fossilise ge\u0301ne\u0301ralement pas. Mais le cerveau et la boi\u0302te cra\u0302nienne croissent au cours de la vie d&rsquo;un individu de manie\u0300re tre\u0300s intimement lie\u0301e, de sorte que, dans certains groupes et particulie\u0300rement chez les mammife\u0300res, le cerveau va laisser son empreinte a\u0300 l&rsquo;inte\u0301rieur de la boi\u0302te cra\u0302nienne. Les pale\u0301ontologues s\u2019appuient sur celle-ci, assez fide\u0300le, pour reconstituer la forme et la structure du cerveau des animaux disparus appele\u0301s les endocra\u0302nes.<\/p>\n<p>Les endocra\u0302nes peuvent e\u0302tre naturels, lorsque le cra\u0302ne se remplit de se\u0301diments qui se solidifient avec le temps, formant un moulage interne de la boi\u0302te cra\u0302nienne a\u0300 partir de la surface externe du cerveau. Les endocra\u0302nes artificiels, quant a\u0300 eux, sont re\u0301alise\u0301s par les chercheurs et chercheuses lorsque la boi\u0302te cra\u0302nienne est libre de tout se\u0301diment. Ces me\u0301thodes e\u0301tant destructives, les neuropale\u0301ontologues utilisent de\u0301sormais la microtomographie a\u0300 rayons X.<\/p>\n<p>En scannant le cra\u0302ne, ils recomposent un moulage virtuel du cerveau. Le processus, semblable a\u0300 l\u2019imagerie me\u0301dicale en milieu hospitalier, implique une source de rayons X, un de\u0301tecteur, et la rotation du fossile. Le scanner prend des mesures de densite\u0301 a\u0300 360 degre\u0301s autour du fossile, qui sont ensuite utilise\u0301es pour cre\u0301er des coupes virtuelles. Chacune d\u2019elles repre\u0301sente la densite\u0301 du mate\u0301riau a\u0300 un point donne\u0301. En assemblant ces coupes, on obtient un mode\u0300le 3D de la surface interne de la boi\u0302te cra\u0302nienne qui a la me\u0302me forme que la surface externe du cerveau.<\/p>\n<p>Trois mode\u0300les 3D d\u2019endocra\u0302nes (en bleu) d\u2019Australopithecus d&rsquo;Afrique du Sud issus de la microtomographie. Cre\u0301dits: Beaudet, A., de Jager, E., Tawane, M., &amp; Billings, B.<\/p>\n<p><b>\u00ab\u00a0L\u2019enfant de Taung\u00a0\u00bb fait encore parler de lui<\/b><\/p>\n<p>La de\u0301couverte de \u00ab\u00a0l\u2019enfant de Taung\u00a0\u00bb a bouleverse\u0301 la pale\u0301ontologie. Alors que l\u2019os du cra\u0302ne a disparu, c\u2019est l\u2019endocra\u0302ne naturel qui a e\u0301te\u0301 retrouve\u0301. A\u0300 cette e\u0301poque, c&rsquo;est le plus vieux jamais retrouve\u0301 pour la ligne\u0301e humaine, la premie\u0300re preuve tangible de ses origines africaines et le spe\u0301cimen type d&rsquo;un nouveau genre et d&rsquo;une nouvelle espe\u0300ce d&rsquo;hominide\u0301s nomme\u0301e Australopithecus africanus.<\/p>\n<p>D\u2019une grande qualite\u0301, il conserve des de\u0301tails fins de l\u2019organisation ce\u0301re\u0301brale, comme les sillons, et a ouvert des de\u0301bats majeurs sur la fac\u0327on dont le cerveau humain a e\u0301volue\u0301. \u00ab\u00a0On pouvait bien voir l&rsquo;inte\u0301rieur d&rsquo;autres fossiles, mais la\u0300, puisque la vou\u0302te n&rsquo;e\u0301tait pas conserve\u0301e, les discussions se sont focalise\u0301es sur ce qui e\u0301tait bien pre\u0301sent, l&rsquo;endocra\u0302ne\u00a0\u00bb, relate aupre\u0300s de Sciences et Avenir Antoine Balzeau, chercheur au laboratoire Histoire naturelle de l\u2019Homme pre\u0301historique du Muse\u0301um national d&rsquo;histoire naturelle (MNHN-CNRS).<\/p>\n<p><b>La Semaine du Cerveau est de retour<\/b><\/p>\n<p>La 27e e\u0301dition de la <b>Semaine du Cerveau<\/b> se de\u0301roule du 10 au 16 mars 2025. Cette manifestation emble\u0301matique du lien entre science et socie\u0301te\u0301 est pre\u0301sente dans plus de 120 villes en France Me\u0301tropolitaine et Martinique, et 50 pays. Pilote\u0301e dans l\u2019Hexagone par la Socie\u0301te\u0301 des Neurosciences, elle vise a\u0300 partager les connaissances scientifiques sur le cerveau, et expliquer les enjeux et les avance\u0301es de la recherche au grand public. Confe\u0301rences, expositions, cine\u0301-de\u0301bat&#8230; Plus de 600 e\u0301ve\u0301nements entie\u0300rement gratuits et accessibles a\u0300 tous sont propose\u0301s chaque anne\u0301e.<\/p>\n<p>Un sie\u0300cle plus tard, cet endocra\u0302ne conserve encore des secrets, notamment sur la position d\u2019un sillon de\u0301limitant le cortex visuel primaire, e\u0301le\u0301ment cle\u0301 pour retracer l\u2019histoire e\u0301volutive de la ligne\u0301e humaine. \u201cEncore aujourd\u2019hui, aucune e\u0301tude n\u2019a pu trancher la question et beaucoup de scientifiques estiment qu\u2019il est impossible d\u2019identifier avec certitude la structure en question\u201d, ajoute la pale\u0301oanthropologue Ame\u0301lie Beaudet, chercheuse CNRS au sein du laboratoire PALEVOPRIM a\u0300 l&rsquo;Universite\u0301 de Poitiers.<\/p>\n<p>\u00ab\u00a0L\u2019enfant de Taung\u00a0\u00bb maintient le de\u0301bat sur la fiabilite\u0301 de l\u2019endocra\u0302ne. \u201cIl faut e\u0302tre prudent dans les de\u0301terminations anatomiques, de nombreuses erreurs ont e\u0301te\u0301 faites\u201d, alerte le pale\u0301oanthropologue. Une e\u0301tude publie\u0301e en novembre 2023<b> <\/b>dans le Journal of Anatomy explore les limites de l\u2019analyse de la forme et de l\u2019organisation de l\u2019endocra\u0302ne. Antoine Balzeau, auteur principal de l\u2019e\u0301tude, donnera le 12 mars 2025 une confe\u0301rence au Muse\u0301e de l&rsquo;Homme dans le cadre de la Semaine du Cerveau pour discuter de ces sujets.<\/p>\n<p>Si l&rsquo;endocra\u0302ne est a\u0300 ce jour le meilleur moyen d\u2019e\u0301tudier les cerveaux disparus, \u201cil faut continuer d\u2019ame\u0301liorer notre connaissance du lien entre cerveau et endocra\u0302ne pour ne pas raconter trop de be\u0302tises\u201d. Un point de vue souligne\u0301 par Ame\u0301lie Beaudet dans un article paru en fe\u0301vrier 2025 dans la revue South African Journal of Science et durant la confe\u0301rence inaugurale de la Semaine du Cerveau 2025.<\/p>\n<p><strong>Pour plus d&rsquo;informations et d&rsquo;analyses sur la <span style=\"color: #ff6600\">Togo<\/span>, suivez <span style=\"color: #ff6600\">Africa-Press<\/span><\/strong><\/p>\n","protected":false},"excerpt":{"rendered":"<p>Africa-Press &#8211; Togo. Cette anne\u0301e, la science ce\u0301le\u0300bre les 100 ans de la de\u0301couverte du cra\u0302ne de \u201cl\u2019enfant de Taung\u201d, retrouve\u0301 dans une carrie\u0300re en Afrique du Sud en 1924 et de\u0301crit en 1925 par l&rsquo;anthropologue australien Raymond A. Dart. Le fossile du jeune enfant est a\u0300 ce moment-la\u0300 le premier te\u0301moin d&rsquo;une nouvelle espe\u0300ce, [&hellip;]<\/p>\n","protected":false},"author":82,"featured_media":37925,"comment_status":"open","ping_status":"closed","sticky":false,"template":"","format":"standard","meta":{"footnotes":""},"categories":[22,10],"tags":[50],"class_list":["post-37926","post","type-post","status-publish","format-standard","has-post-thumbnail","hentry","category-divers","category-toutes-les-actualites","tag-togo"],"yoast_head":"<!-- This site is optimized with the Yoast SEO Premium plugin v26.1 (Yoast SEO v27.0) - https:\/\/yoast.com\/product\/yoast-seo-premium-wordpress\/ -->\n<title>Semaine du cerveau 2025 : il y a 100 ans, la d\u00e9couverte de &quot;l&#039;enfant de Taung&quot; bouleversait l&#039;\u00e9tude des origines humaines - Togo<\/title>\n<meta name=\"description\" content=\"Cette anne\u0301e, la science ce\u0301le\u0300bre les 100 ans de la de\u0301couverte du cra\u0302ne de \u201cl\u2019enfant de Taung\u201d, retrouve\u0301 dans une ca ...\" \/>\n<meta name=\"robots\" content=\"index, follow, max-snippet:-1, max-image-preview:large, max-video-preview:-1\" \/>\n<link rel=\"canonical\" href=\"https:\/\/www.africa-press.net\/togo\/toutes-les-actualites\/semaine-du-cerveau-2025-il-y-a-100-ans-la-decouverte-de-lenfant-de-taung-bouleversait-letude-des-origines-humaines\" \/>\n<meta property=\"og:locale\" content=\"fr_FR\" \/>\n<meta property=\"og:type\" content=\"article\" \/>\n<meta property=\"og:title\" content=\"Semaine du cerveau 2025 : il y a 100 ans, la d\u00e9couverte de &quot;l&#039;enfant de Taung&quot; bouleversait l&#039;\u00e9tude des origines humaines\" \/>\n<meta property=\"og:description\" content=\"Cette anne\u0301e, la science ce\u0301le\u0300bre les 100 ans de la de\u0301couverte du cra\u0302ne de \u201cl\u2019enfant de Taung\u201d, retrouve\u0301 dans une ca ...\" \/>\n<meta property=\"og:url\" content=\"https:\/\/www.africa-press.net\/togo\/toutes-les-actualites\/semaine-du-cerveau-2025-il-y-a-100-ans-la-decouverte-de-lenfant-de-taung-bouleversait-letude-des-origines-humaines\" \/>\n<meta property=\"og:site_name\" content=\"Togo\" \/>\n<meta property=\"article:published_time\" content=\"2025-03-07T19:47:19+00:00\" \/>\n<meta property=\"article:modified_time\" content=\"2025-04-04T04:44:03+00:00\" \/>\n<meta property=\"og:image\" content=\"https:\/\/static.africa-press.net\/togo\/sites\/58\/2025\/03\/sm_1741365208.57057.jpg\" \/>\n\t<meta property=\"og:image:width\" content=\"1200\" \/>\n\t<meta property=\"og:image:height\" content=\"899\" \/>\n\t<meta property=\"og:image:type\" content=\"image\/jpeg\" \/>\n<meta name=\"author\" content=\"cfeditorfr\" \/>\n<meta name=\"twitter:card\" content=\"summary_large_image\" \/>\n<meta name=\"twitter:label1\" content=\"\u00c9crit par\" \/>\n\t<meta name=\"twitter:data1\" content=\"cfeditorfr\" \/>\n\t<meta name=\"twitter:label2\" content=\"Dur\u00e9e de lecture estim\u00e9e\" \/>\n\t<meta name=\"twitter:data2\" content=\"5 minutes\" \/>\n<script type=\"application\/ld+json\" class=\"yoast-schema-graph\">{\"@context\":\"https:\/\/schema.org\",\"@graph\":[{\"@type\":\"Article\",\"@id\":\"https:\/\/www.africa-press.net\/togo\/toutes-les-actualites\/semaine-du-cerveau-2025-il-y-a-100-ans-la-decouverte-de-lenfant-de-taung-bouleversait-letude-des-origines-humaines#article\",\"isPartOf\":{\"@id\":\"https:\/\/www.africa-press.net\/togo\/toutes-les-actualites\/semaine-du-cerveau-2025-il-y-a-100-ans-la-decouverte-de-lenfant-de-taung-bouleversait-letude-des-origines-humaines\"},\"author\":{\"name\":\"cfeditorfr\",\"@id\":\"https:\/\/www.africa-press.net\/togo\/#\/schema\/person\/2b1cf3cd81a31e3cd26889ca66d677f1\"},\"headline\":\"Semaine du cerveau 2025 : il y a 100 ans, la d\u00e9couverte de \u00ab\u00a0l&rsquo;enfant de Taung\u00a0\u00bb bouleversait l&rsquo;\u00e9tude des origines humaines\",\"datePublished\":\"2025-03-07T19:47:19+00:00\",\"dateModified\":\"2025-04-04T04:44:03+00:00\",\"mainEntityOfPage\":{\"@id\":\"https:\/\/www.africa-press.net\/togo\/toutes-les-actualites\/semaine-du-cerveau-2025-il-y-a-100-ans-la-decouverte-de-lenfant-de-taung-bouleversait-letude-des-origines-humaines\"},\"wordCount\":1071,\"commentCount\":0,\"image\":{\"@id\":\"https:\/\/www.africa-press.net\/togo\/toutes-les-actualites\/semaine-du-cerveau-2025-il-y-a-100-ans-la-decouverte-de-lenfant-de-taung-bouleversait-letude-des-origines-humaines#primaryimage\"},\"thumbnailUrl\":\"https:\/\/static.africa-press.net\/togo\/sites\/58\/2025\/03\/sm_1741365208.57057.jpg\",\"keywords\":[\"Togo\"],\"articleSection\":[\"Divers\",\"Toutes les actualit\u00e9s\"],\"inLanguage\":\"fr-FR\",\"potentialAction\":[{\"@type\":\"CommentAction\",\"name\":\"Comment\",\"target\":[\"https:\/\/www.africa-press.net\/togo\/toutes-les-actualites\/semaine-du-cerveau-2025-il-y-a-100-ans-la-decouverte-de-lenfant-de-taung-bouleversait-letude-des-origines-humaines#respond\"]}]},{\"@type\":\"WebPage\",\"@id\":\"https:\/\/www.africa-press.net\/togo\/toutes-les-actualites\/semaine-du-cerveau-2025-il-y-a-100-ans-la-decouverte-de-lenfant-de-taung-bouleversait-letude-des-origines-humaines\",\"url\":\"https:\/\/www.africa-press.net\/togo\/toutes-les-actualites\/semaine-du-cerveau-2025-il-y-a-100-ans-la-decouverte-de-lenfant-de-taung-bouleversait-letude-des-origines-humaines\",\"name\":\"Semaine du cerveau 2025 : il y a 100 ans, la d\u00e9couverte de \\\"l'enfant de Taung\\\" bouleversait l'\u00e9tude des origines humaines - Togo\",\"isPartOf\":{\"@id\":\"https:\/\/www.africa-press.net\/togo\/#website\"},\"primaryImageOfPage\":{\"@id\":\"https:\/\/www.africa-press.net\/togo\/toutes-les-actualites\/semaine-du-cerveau-2025-il-y-a-100-ans-la-decouverte-de-lenfant-de-taung-bouleversait-letude-des-origines-humaines#primaryimage\"},\"image\":{\"@id\":\"https:\/\/www.africa-press.net\/togo\/toutes-les-actualites\/semaine-du-cerveau-2025-il-y-a-100-ans-la-decouverte-de-lenfant-de-taung-bouleversait-letude-des-origines-humaines#primaryimage\"},\"thumbnailUrl\":\"https:\/\/static.africa-press.net\/togo\/sites\/58\/2025\/03\/sm_1741365208.57057.jpg\",\"datePublished\":\"2025-03-07T19:47:19+00:00\",\"dateModified\":\"2025-04-04T04:44:03+00:00\",\"author\":{\"@id\":\"https:\/\/www.africa-press.net\/togo\/#\/schema\/person\/2b1cf3cd81a31e3cd26889ca66d677f1\"},\"description\":\"Cette anne\u0301e, la science ce\u0301le\u0300bre les 100 ans de la de\u0301couverte du cra\u0302ne de \u201cl\u2019enfant de Taung\u201d, retrouve\u0301 dans une ca ...\",\"breadcrumb\":{\"@id\":\"https:\/\/www.africa-press.net\/togo\/toutes-les-actualites\/semaine-du-cerveau-2025-il-y-a-100-ans-la-decouverte-de-lenfant-de-taung-bouleversait-letude-des-origines-humaines#breadcrumb\"},\"inLanguage\":\"fr-FR\",\"potentialAction\":[{\"@type\":\"ReadAction\",\"target\":[\"https:\/\/www.africa-press.net\/togo\/toutes-les-actualites\/semaine-du-cerveau-2025-il-y-a-100-ans-la-decouverte-de-lenfant-de-taung-bouleversait-letude-des-origines-humaines\"]}]},{\"@type\":\"ImageObject\",\"inLanguage\":\"fr-FR\",\"@id\":\"https:\/\/www.africa-press.net\/togo\/toutes-les-actualites\/semaine-du-cerveau-2025-il-y-a-100-ans-la-decouverte-de-lenfant-de-taung-bouleversait-letude-des-origines-humaines#primaryimage\",\"url\":\"https:\/\/static.africa-press.net\/togo\/sites\/58\/2025\/03\/sm_1741365208.57057.jpg\",\"contentUrl\":\"https:\/\/static.africa-press.net\/togo\/sites\/58\/2025\/03\/sm_1741365208.57057.jpg\",\"width\":1200,\"height\":899,\"caption\":\"Semaine du cerveau 2025 : il y a 100 ans, la d\u00e9couverte de \\\"l'enfant de Taung\\\" bouleversait l'\u00e9tude des origines humaines\"},{\"@type\":\"BreadcrumbList\",\"@id\":\"https:\/\/www.africa-press.net\/togo\/toutes-les-actualites\/semaine-du-cerveau-2025-il-y-a-100-ans-la-decouverte-de-lenfant-de-taung-bouleversait-letude-des-origines-humaines#breadcrumb\",\"itemListElement\":[{\"@type\":\"ListItem\",\"position\":1,\"name\":\"Accueil\",\"item\":\"https:\/\/www.africa-press.net\/togo\/\"},{\"@type\":\"ListItem\",\"position\":2,\"name\":\"Semaine du cerveau 2025 : il y a 100 ans, la d\u00e9couverte de \u00ab\u00a0l&rsquo;enfant de Taung\u00a0\u00bb bouleversait l&rsquo;\u00e9tude des origines humaines\"}]},{\"@type\":\"WebSite\",\"@id\":\"https:\/\/www.africa-press.net\/togo\/#website\",\"url\":\"https:\/\/www.africa-press.net\/togo\/\",\"name\":\"Togo\",\"description\":\"Just another Africa News Agency Sites site\",\"potentialAction\":[{\"@type\":\"SearchAction\",\"target\":{\"@type\":\"EntryPoint\",\"urlTemplate\":\"https:\/\/www.africa-press.net\/togo\/?s={search_term_string}\"},\"query-input\":{\"@type\":\"PropertyValueSpecification\",\"valueRequired\":true,\"valueName\":\"search_term_string\"}}],\"inLanguage\":\"fr-FR\"},{\"@type\":\"Person\",\"@id\":\"https:\/\/www.africa-press.net\/togo\/#\/schema\/person\/2b1cf3cd81a31e3cd26889ca66d677f1\",\"name\":\"cfeditorfr\"}]}<\/script>\n<!-- \/ Yoast SEO Premium plugin. -->","yoast_head_json":{"title":"Semaine du cerveau 2025 : il y a 100 ans, la d\u00e9couverte de \"l'enfant de Taung\" bouleversait l'\u00e9tude des origines humaines - Togo","description":"Cette anne\u0301e, la science ce\u0301le\u0300bre les 100 ans de la de\u0301couverte du cra\u0302ne de \u201cl\u2019enfant de Taung\u201d, retrouve\u0301 dans une ca ...","robots":{"index":"index","follow":"follow","max-snippet":"max-snippet:-1","max-image-preview":"max-image-preview:large","max-video-preview":"max-video-preview:-1"},"canonical":"https:\/\/www.africa-press.net\/togo\/toutes-les-actualites\/semaine-du-cerveau-2025-il-y-a-100-ans-la-decouverte-de-lenfant-de-taung-bouleversait-letude-des-origines-humaines","og_locale":"fr_FR","og_type":"article","og_title":"Semaine du cerveau 2025 : il y a 100 ans, la d\u00e9couverte de \"l'enfant de Taung\" bouleversait l'\u00e9tude des origines humaines","og_description":"Cette anne\u0301e, la science ce\u0301le\u0300bre les 100 ans de la de\u0301couverte du cra\u0302ne de \u201cl\u2019enfant de Taung\u201d, retrouve\u0301 dans une ca ...","og_url":"https:\/\/www.africa-press.net\/togo\/toutes-les-actualites\/semaine-du-cerveau-2025-il-y-a-100-ans-la-decouverte-de-lenfant-de-taung-bouleversait-letude-des-origines-humaines","og_site_name":"Togo","article_published_time":"2025-03-07T19:47:19+00:00","article_modified_time":"2025-04-04T04:44:03+00:00","og_image":[{"width":1200,"height":899,"url":"https:\/\/static.africa-press.net\/togo\/sites\/58\/2025\/03\/sm_1741365208.57057.jpg","type":"image\/jpeg"}],"author":"cfeditorfr","twitter_card":"summary_large_image","twitter_misc":{"\u00c9crit par":"cfeditorfr","Dur\u00e9e de lecture estim\u00e9e":"5 minutes"},"schema":{"@context":"https:\/\/schema.org","@graph":[{"@type":"Article","@id":"https:\/\/www.africa-press.net\/togo\/toutes-les-actualites\/semaine-du-cerveau-2025-il-y-a-100-ans-la-decouverte-de-lenfant-de-taung-bouleversait-letude-des-origines-humaines#article","isPartOf":{"@id":"https:\/\/www.africa-press.net\/togo\/toutes-les-actualites\/semaine-du-cerveau-2025-il-y-a-100-ans-la-decouverte-de-lenfant-de-taung-bouleversait-letude-des-origines-humaines"},"author":{"name":"cfeditorfr","@id":"https:\/\/www.africa-press.net\/togo\/#\/schema\/person\/2b1cf3cd81a31e3cd26889ca66d677f1"},"headline":"Semaine du cerveau 2025 : il y a 100 ans, la d\u00e9couverte de \u00ab\u00a0l&rsquo;enfant de Taung\u00a0\u00bb bouleversait l&rsquo;\u00e9tude des origines humaines","datePublished":"2025-03-07T19:47:19+00:00","dateModified":"2025-04-04T04:44:03+00:00","mainEntityOfPage":{"@id":"https:\/\/www.africa-press.net\/togo\/toutes-les-actualites\/semaine-du-cerveau-2025-il-y-a-100-ans-la-decouverte-de-lenfant-de-taung-bouleversait-letude-des-origines-humaines"},"wordCount":1071,"commentCount":0,"image":{"@id":"https:\/\/www.africa-press.net\/togo\/toutes-les-actualites\/semaine-du-cerveau-2025-il-y-a-100-ans-la-decouverte-de-lenfant-de-taung-bouleversait-letude-des-origines-humaines#primaryimage"},"thumbnailUrl":"https:\/\/static.africa-press.net\/togo\/sites\/58\/2025\/03\/sm_1741365208.57057.jpg","keywords":["Togo"],"articleSection":["Divers","Toutes les actualit\u00e9s"],"inLanguage":"fr-FR","potentialAction":[{"@type":"CommentAction","name":"Comment","target":["https:\/\/www.africa-press.net\/togo\/toutes-les-actualites\/semaine-du-cerveau-2025-il-y-a-100-ans-la-decouverte-de-lenfant-de-taung-bouleversait-letude-des-origines-humaines#respond"]}]},{"@type":"WebPage","@id":"https:\/\/www.africa-press.net\/togo\/toutes-les-actualites\/semaine-du-cerveau-2025-il-y-a-100-ans-la-decouverte-de-lenfant-de-taung-bouleversait-letude-des-origines-humaines","url":"https:\/\/www.africa-press.net\/togo\/toutes-les-actualites\/semaine-du-cerveau-2025-il-y-a-100-ans-la-decouverte-de-lenfant-de-taung-bouleversait-letude-des-origines-humaines","name":"Semaine du cerveau 2025 : il y a 100 ans, la d\u00e9couverte de \"l'enfant de Taung\" bouleversait l'\u00e9tude des origines humaines - Togo","isPartOf":{"@id":"https:\/\/www.africa-press.net\/togo\/#website"},"primaryImageOfPage":{"@id":"https:\/\/www.africa-press.net\/togo\/toutes-les-actualites\/semaine-du-cerveau-2025-il-y-a-100-ans-la-decouverte-de-lenfant-de-taung-bouleversait-letude-des-origines-humaines#primaryimage"},"image":{"@id":"https:\/\/www.africa-press.net\/togo\/toutes-les-actualites\/semaine-du-cerveau-2025-il-y-a-100-ans-la-decouverte-de-lenfant-de-taung-bouleversait-letude-des-origines-humaines#primaryimage"},"thumbnailUrl":"https:\/\/static.africa-press.net\/togo\/sites\/58\/2025\/03\/sm_1741365208.57057.jpg","datePublished":"2025-03-07T19:47:19+00:00","dateModified":"2025-04-04T04:44:03+00:00","author":{"@id":"https:\/\/www.africa-press.net\/togo\/#\/schema\/person\/2b1cf3cd81a31e3cd26889ca66d677f1"},"description":"Cette anne\u0301e, la science ce\u0301le\u0300bre les 100 ans de la de\u0301couverte du cra\u0302ne de \u201cl\u2019enfant de Taung\u201d, retrouve\u0301 dans une ca ...","breadcrumb":{"@id":"https:\/\/www.africa-press.net\/togo\/toutes-les-actualites\/semaine-du-cerveau-2025-il-y-a-100-ans-la-decouverte-de-lenfant-de-taung-bouleversait-letude-des-origines-humaines#breadcrumb"},"inLanguage":"fr-FR","potentialAction":[{"@type":"ReadAction","target":["https:\/\/www.africa-press.net\/togo\/toutes-les-actualites\/semaine-du-cerveau-2025-il-y-a-100-ans-la-decouverte-de-lenfant-de-taung-bouleversait-letude-des-origines-humaines"]}]},{"@type":"ImageObject","inLanguage":"fr-FR","@id":"https:\/\/www.africa-press.net\/togo\/toutes-les-actualites\/semaine-du-cerveau-2025-il-y-a-100-ans-la-decouverte-de-lenfant-de-taung-bouleversait-letude-des-origines-humaines#primaryimage","url":"https:\/\/static.africa-press.net\/togo\/sites\/58\/2025\/03\/sm_1741365208.57057.jpg","contentUrl":"https:\/\/static.africa-press.net\/togo\/sites\/58\/2025\/03\/sm_1741365208.57057.jpg","width":1200,"height":899,"caption":"Semaine du cerveau 2025 : il y a 100 ans, la d\u00e9couverte de \"l'enfant de Taung\" bouleversait l'\u00e9tude des origines humaines"},{"@type":"BreadcrumbList","@id":"https:\/\/www.africa-press.net\/togo\/toutes-les-actualites\/semaine-du-cerveau-2025-il-y-a-100-ans-la-decouverte-de-lenfant-de-taung-bouleversait-letude-des-origines-humaines#breadcrumb","itemListElement":[{"@type":"ListItem","position":1,"name":"Accueil","item":"https:\/\/www.africa-press.net\/togo\/"},{"@type":"ListItem","position":2,"name":"Semaine du cerveau 2025 : il y a 100 ans, la d\u00e9couverte de \u00ab\u00a0l&rsquo;enfant de Taung\u00a0\u00bb bouleversait l&rsquo;\u00e9tude des origines humaines"}]},{"@type":"WebSite","@id":"https:\/\/www.africa-press.net\/togo\/#website","url":"https:\/\/www.africa-press.net\/togo\/","name":"Togo","description":"Just another Africa News Agency Sites site","potentialAction":[{"@type":"SearchAction","target":{"@type":"EntryPoint","urlTemplate":"https:\/\/www.africa-press.net\/togo\/?s={search_term_string}"},"query-input":{"@type":"PropertyValueSpecification","valueRequired":true,"valueName":"search_term_string"}}],"inLanguage":"fr-FR"},{"@type":"Person","@id":"https:\/\/www.africa-press.net\/togo\/#\/schema\/person\/2b1cf3cd81a31e3cd26889ca66d677f1","name":"cfeditorfr"}]}},"_links":{"self":[{"href":"https:\/\/www.africa-press.net\/togo\/wp-json\/wp\/v2\/posts\/37926","targetHints":{"allow":["GET"]}}],"collection":[{"href":"https:\/\/www.africa-press.net\/togo\/wp-json\/wp\/v2\/posts"}],"about":[{"href":"https:\/\/www.africa-press.net\/togo\/wp-json\/wp\/v2\/types\/post"}],"author":[{"embeddable":true,"href":"https:\/\/www.africa-press.net\/togo\/wp-json\/wp\/v2\/users\/82"}],"replies":[{"embeddable":true,"href":"https:\/\/www.africa-press.net\/togo\/wp-json\/wp\/v2\/comments?post=37926"}],"version-history":[{"count":0,"href":"https:\/\/www.africa-press.net\/togo\/wp-json\/wp\/v2\/posts\/37926\/revisions"}],"wp:featuredmedia":[{"embeddable":true,"href":"https:\/\/www.africa-press.net\/togo\/wp-json\/wp\/v2\/media\/37925"}],"wp:attachment":[{"href":"https:\/\/www.africa-press.net\/togo\/wp-json\/wp\/v2\/media?parent=37926"}],"wp:term":[{"taxonomy":"category","embeddable":true,"href":"https:\/\/www.africa-press.net\/togo\/wp-json\/wp\/v2\/categories?post=37926"},{"taxonomy":"post_tag","embeddable":true,"href":"https:\/\/www.africa-press.net\/togo\/wp-json\/wp\/v2\/tags?post=37926"}],"curies":[{"name":"wp","href":"https:\/\/api.w.org\/{rel}","templated":true}]}}