{"id":39393,"date":"2025-04-18T11:51:49","date_gmt":"2025-04-18T11:51:49","guid":{"rendered":"https:\/\/www.africa-press.net\/togo\/politique\/destabilisation-de-lanc-pouvoir-en-place-menace"},"modified":"2025-04-18T12:57:52","modified_gmt":"2025-04-18T12:57:52","slug":"destabilisation-de-lanc-pouvoir-en-place-menace","status":"publish","type":"post","link":"https:\/\/www.africa-press.net\/togo\/politique\/destabilisation-de-lanc-pouvoir-en-place-menace","title":{"rendered":"D\u00e9stabilisation de l&rsquo;ANC : Pouvoir en place menac\u00e9"},"content":{"rendered":"<p><span style=\"color: #ff6600\"><strong>Africa-Press &#8211; Togo. <\/strong><\/span>L\u2019Alliance Nationale pour le Changement (ANC) poursuit activement ses efforts de remobilisation. Le samedi 12 avril 2025, le parti dirige\u0301 par Jean-Pierre Fabre a organise\u0301 une rencontre d\u2019e\u0301changes avec ses fe\u0301de\u0301rations, associations du Grand-Lome\u0301, ainsi que ses militants. Ce rassemblement a permis de faire le point sur plusieurs sujets d\u2019actualite\u0301, notamment les re\u0301centes de\u0301missions, la re\u0301vision des listes e\u0301lectorales et le meeting pre\u0301vu le 27 avril a\u0300 Akassime\u0301.<\/p>\n<p>\u00ab Cette rencontre s\u2019inscrit dans une double dynamique: remobiliser nos forces et pre\u0301parer les prochaines e\u0301lections locales \u00bb, a explique\u0301 Jean-Pierre Fabre. Le leader de l\u2019ANC a salue\u0301 la fide\u0301lite\u0301 et la mobilisation des militants, tout en fe\u0301licitant les responsables locaux pour leur engagement dans un contexte marque\u0301 par de nombreux de\u0301fis.<\/p>\n<p>Lors de la re\u0301union, le Pre\u0301sident National a aborde\u0301 les man\u0153uvres de de\u0301stabilisation auxquelles le parti ferait face. Selon lui, les re\u0301centes de\u0301missions et de\u0301fections te\u0301moignent de la vitalite\u0301 de l\u2019ANC. \u00ab On attend parler de de\u0301mission, de de\u0301fection. Ce sont des choses normales dans la vie d\u2019un parti vivant. Les man\u0153uvres de de\u0301stabilisation montrent que le pouvoir en place se sent menace\u0301 par notre parti. Nous faisons notre travail d\u2019opposition re\u0301elle. Rien ne nous impressionne. Le parti est debout et pre\u0302t a\u0300 affronter tous les de\u0301fis.\u00bb<\/p>\n<p>En ce qui concerne la re\u0301vision des listes dans la Zone 1, le parti de\u0301nonce son de\u0301roulement, et conside\u0300re cet e\u0301nie\u0300me sce\u0301nario comme une strate\u0301gie visant a\u0300 e\u0301carter l\u2019opposition des e\u0301che\u0301ances e\u0301lectorales: \u00ab Tous les processus e\u0301lectoraux sont organise\u0301s au Togo pour que l\u2019opposition ne participe pas aux e\u0301lections. C\u2019est ce que nous avons encore constate\u0301 cette semaine. On a e\u0301crit a\u0300 la CENI et au gouvernement mais ils font ce qu\u2019ils veulent pour nous de\u0301courager et nous empe\u0302cher de participer a\u0300 ces prochaines e\u0301lections dans les meilleures conditions. Pour nous, les 24 heures de prolongation pour la re\u0301vision des listes dans la Zone 1 ne sont pas suffisantes. Cette re\u0301vision n\u2019a pas e\u0301te\u0301 bien organise\u0301e. Ce que nous exigeons, c\u2019est une co-organisation des e\u0301lections par l\u2019opposition et le parti au pouvoir. Seule une telle approche garantit un processus transparent et e\u0301quitable \u00bb, a affirme\u0301 Jean-Pierre Fabre.<\/p>\n<p>Il a appele\u0301 ses militants a\u0300 se mobiliser massivement pour le meeting pre\u0301vu le 27 avril prochain sur le terrain d\u2019Akassime\u0301. Cette mobilisation marquera une nouvelle e\u0301tape dans les pre\u0301paratifs des e\u0301che\u0301ances a\u0300 venir et re\u0301affirmera la de\u0301termination de l\u2019ANC a\u0300 de\u0301fendre ses ide\u0301aux face aux de\u0301fis politiques actuels.<\/p>\n<p>Source: lecorrecteur.tg<\/p>\n<p><strong>Pour plus d&rsquo;informations et d&rsquo;analyses sur la <span style=\"color: #ff6600\">Togo<\/span>, suivez <span style=\"color: #ff6600\">Africa-Press<\/span><\/strong><\/p>\n","protected":false},"excerpt":{"rendered":"<p>Africa-Press &#8211; Togo. L\u2019Alliance Nationale pour le Changement (ANC) poursuit activement ses efforts de remobilisation. Le samedi 12 avril 2025, le parti dirige\u0301 par Jean-Pierre Fabre a organise\u0301 une rencontre d\u2019e\u0301changes avec ses fe\u0301de\u0301rations, associations du Grand-Lome\u0301, ainsi que ses militants. Ce rassemblement a permis de faire le point sur plusieurs sujets d\u2019actualite\u0301, notamment les [&hellip;]<\/p>\n","protected":false},"author":82,"featured_media":39392,"comment_status":"open","ping_status":"closed","sticky":false,"template":"","format":"standard","meta":{"footnotes":""},"categories":[4,2,10],"tags":[1709,99,50],"class_list":["post-39393","post","type-post","status-publish","format-standard","has-post-thumbnail","hentry","category-parties","category-politique","category-toutes-les-actualites","tag-anc-togo","tag-jean-pierre-fabre","tag-togo"],"yoast_head":"<!-- This site is optimized with the Yoast SEO Premium plugin v26.1 (Yoast SEO v27.0) - https:\/\/yoast.com\/product\/yoast-seo-premium-wordpress\/ -->\n<title>D\u00e9stabilisation de l&#039;ANC : Pouvoir en place menac\u00e9 - Togo<\/title>\n<meta name=\"description\" content=\"L\u2019Alliance Nationale pour le Changement (ANC) poursuit activement ses efforts de remobilisation. Le samedi 12 avril 2025 ...\" \/>\n<meta name=\"robots\" content=\"index, follow, max-snippet:-1, max-image-preview:large, max-video-preview:-1\" \/>\n<link rel=\"canonical\" href=\"https:\/\/www.africa-press.net\/togo\/politique\/destabilisation-de-lanc-pouvoir-en-place-menace\" \/>\n<meta property=\"og:locale\" content=\"fr_FR\" \/>\n<meta property=\"og:type\" content=\"article\" \/>\n<meta property=\"og:title\" content=\"D\u00e9stabilisation de l&#039;ANC : Pouvoir en place menac\u00e9\" \/>\n<meta property=\"og:description\" content=\"L\u2019Alliance Nationale pour le Changement (ANC) poursuit activement ses efforts de remobilisation. Le samedi 12 avril 2025 ...\" \/>\n<meta property=\"og:url\" content=\"https:\/\/www.africa-press.net\/togo\/politique\/destabilisation-de-lanc-pouvoir-en-place-menace\" \/>\n<meta property=\"og:site_name\" content=\"Togo\" \/>\n<meta property=\"article:published_time\" content=\"2025-04-18T11:51:49+00:00\" \/>\n<meta property=\"article:modified_time\" content=\"2025-04-18T12:57:52+00:00\" \/>\n<meta property=\"og:image\" content=\"https:\/\/static.africa-press.net\/togo\/sites\/58\/2025\/04\/sm_1744968429.308168.jpg\" \/>\n\t<meta property=\"og:image:width\" content=\"720\" \/>\n\t<meta property=\"og:image:height\" content=\"483\" \/>\n\t<meta property=\"og:image:type\" content=\"image\/jpeg\" \/>\n<meta name=\"author\" content=\"cfeditorfr\" \/>\n<meta name=\"twitter:card\" content=\"summary_large_image\" \/>\n<meta name=\"twitter:label1\" content=\"\u00c9crit par\" \/>\n\t<meta name=\"twitter:data1\" content=\"cfeditorfr\" \/>\n\t<meta name=\"twitter:label2\" content=\"Dur\u00e9e de lecture estim\u00e9e\" \/>\n\t<meta name=\"twitter:data2\" content=\"2 minutes\" \/>\n<script type=\"application\/ld+json\" class=\"yoast-schema-graph\">{\"@context\":\"https:\/\/schema.org\",\"@graph\":[{\"@type\":\"Article\",\"@id\":\"https:\/\/www.africa-press.net\/togo\/politique\/destabilisation-de-lanc-pouvoir-en-place-menace#article\",\"isPartOf\":{\"@id\":\"https:\/\/www.africa-press.net\/togo\/politique\/destabilisation-de-lanc-pouvoir-en-place-menace\"},\"author\":{\"name\":\"cfeditorfr\",\"@id\":\"https:\/\/www.africa-press.net\/togo\/#\/schema\/person\/2b1cf3cd81a31e3cd26889ca66d677f1\"},\"headline\":\"D\u00e9stabilisation de l&rsquo;ANC : Pouvoir en place menac\u00e9\",\"datePublished\":\"2025-04-18T11:51:49+00:00\",\"dateModified\":\"2025-04-18T12:57:52+00:00\",\"mainEntityOfPage\":{\"@id\":\"https:\/\/www.africa-press.net\/togo\/politique\/destabilisation-de-lanc-pouvoir-en-place-menace\"},\"wordCount\":498,\"commentCount\":0,\"image\":{\"@id\":\"https:\/\/www.africa-press.net\/togo\/politique\/destabilisation-de-lanc-pouvoir-en-place-menace#primaryimage\"},\"thumbnailUrl\":\"https:\/\/static.africa-press.net\/togo\/sites\/58\/2025\/04\/sm_1744968429.308168.jpg\",\"keywords\":[\"ANC Togo\",\"Jean-Pierre Fabre\",\"Togo\"],\"articleSection\":[\"Parties\",\"Politique\",\"Toutes les actualit\u00e9s\"],\"inLanguage\":\"fr-FR\",\"potentialAction\":[{\"@type\":\"CommentAction\",\"name\":\"Comment\",\"target\":[\"https:\/\/www.africa-press.net\/togo\/politique\/destabilisation-de-lanc-pouvoir-en-place-menace#respond\"]}]},{\"@type\":\"WebPage\",\"@id\":\"https:\/\/www.africa-press.net\/togo\/politique\/destabilisation-de-lanc-pouvoir-en-place-menace\",\"url\":\"https:\/\/www.africa-press.net\/togo\/politique\/destabilisation-de-lanc-pouvoir-en-place-menace\",\"name\":\"D\u00e9stabilisation de l'ANC : Pouvoir en place menac\u00e9 - Togo\",\"isPartOf\":{\"@id\":\"https:\/\/www.africa-press.net\/togo\/#website\"},\"primaryImageOfPage\":{\"@id\":\"https:\/\/www.africa-press.net\/togo\/politique\/destabilisation-de-lanc-pouvoir-en-place-menace#primaryimage\"},\"image\":{\"@id\":\"https:\/\/www.africa-press.net\/togo\/politique\/destabilisation-de-lanc-pouvoir-en-place-menace#primaryimage\"},\"thumbnailUrl\":\"https:\/\/static.africa-press.net\/togo\/sites\/58\/2025\/04\/sm_1744968429.308168.jpg\",\"datePublished\":\"2025-04-18T11:51:49+00:00\",\"dateModified\":\"2025-04-18T12:57:52+00:00\",\"author\":{\"@id\":\"https:\/\/www.africa-press.net\/togo\/#\/schema\/person\/2b1cf3cd81a31e3cd26889ca66d677f1\"},\"description\":\"L\u2019Alliance Nationale pour le Changement (ANC) poursuit activement ses efforts de remobilisation. Le samedi 12 avril 2025 ...\",\"breadcrumb\":{\"@id\":\"https:\/\/www.africa-press.net\/togo\/politique\/destabilisation-de-lanc-pouvoir-en-place-menace#breadcrumb\"},\"inLanguage\":\"fr-FR\",\"potentialAction\":[{\"@type\":\"ReadAction\",\"target\":[\"https:\/\/www.africa-press.net\/togo\/politique\/destabilisation-de-lanc-pouvoir-en-place-menace\"]}]},{\"@type\":\"ImageObject\",\"inLanguage\":\"fr-FR\",\"@id\":\"https:\/\/www.africa-press.net\/togo\/politique\/destabilisation-de-lanc-pouvoir-en-place-menace#primaryimage\",\"url\":\"https:\/\/static.africa-press.net\/togo\/sites\/58\/2025\/04\/sm_1744968429.308168.jpg\",\"contentUrl\":\"https:\/\/static.africa-press.net\/togo\/sites\/58\/2025\/04\/sm_1744968429.308168.jpg\",\"width\":720,\"height\":483,\"caption\":\"D\u00e9stabilisation de l'ANC : Pouvoir en place menac\u00e9\"},{\"@type\":\"BreadcrumbList\",\"@id\":\"https:\/\/www.africa-press.net\/togo\/politique\/destabilisation-de-lanc-pouvoir-en-place-menace#breadcrumb\",\"itemListElement\":[{\"@type\":\"ListItem\",\"position\":1,\"name\":\"Accueil\",\"item\":\"https:\/\/www.africa-press.net\/togo\/\"},{\"@type\":\"ListItem\",\"position\":2,\"name\":\"D\u00e9stabilisation de l&rsquo;ANC : Pouvoir en place menac\u00e9\"}]},{\"@type\":\"WebSite\",\"@id\":\"https:\/\/www.africa-press.net\/togo\/#website\",\"url\":\"https:\/\/www.africa-press.net\/togo\/\",\"name\":\"Togo\",\"description\":\"Just another Africa News Agency Sites site\",\"potentialAction\":[{\"@type\":\"SearchAction\",\"target\":{\"@type\":\"EntryPoint\",\"urlTemplate\":\"https:\/\/www.africa-press.net\/togo\/?s={search_term_string}\"},\"query-input\":{\"@type\":\"PropertyValueSpecification\",\"valueRequired\":true,\"valueName\":\"search_term_string\"}}],\"inLanguage\":\"fr-FR\"},{\"@type\":\"Person\",\"@id\":\"https:\/\/www.africa-press.net\/togo\/#\/schema\/person\/2b1cf3cd81a31e3cd26889ca66d677f1\",\"name\":\"cfeditorfr\"}]}<\/script>\n<!-- \/ Yoast SEO Premium plugin. -->","yoast_head_json":{"title":"D\u00e9stabilisation de l'ANC : Pouvoir en place menac\u00e9 - Togo","description":"L\u2019Alliance Nationale pour le Changement (ANC) poursuit activement ses efforts de remobilisation. Le samedi 12 avril 2025 ...","robots":{"index":"index","follow":"follow","max-snippet":"max-snippet:-1","max-image-preview":"max-image-preview:large","max-video-preview":"max-video-preview:-1"},"canonical":"https:\/\/www.africa-press.net\/togo\/politique\/destabilisation-de-lanc-pouvoir-en-place-menace","og_locale":"fr_FR","og_type":"article","og_title":"D\u00e9stabilisation de l'ANC : Pouvoir en place menac\u00e9","og_description":"L\u2019Alliance Nationale pour le Changement (ANC) poursuit activement ses efforts de remobilisation. Le samedi 12 avril 2025 ...","og_url":"https:\/\/www.africa-press.net\/togo\/politique\/destabilisation-de-lanc-pouvoir-en-place-menace","og_site_name":"Togo","article_published_time":"2025-04-18T11:51:49+00:00","article_modified_time":"2025-04-18T12:57:52+00:00","og_image":[{"width":720,"height":483,"url":"https:\/\/static.africa-press.net\/togo\/sites\/58\/2025\/04\/sm_1744968429.308168.jpg","type":"image\/jpeg"}],"author":"cfeditorfr","twitter_card":"summary_large_image","twitter_misc":{"\u00c9crit par":"cfeditorfr","Dur\u00e9e de lecture estim\u00e9e":"2 minutes"},"schema":{"@context":"https:\/\/schema.org","@graph":[{"@type":"Article","@id":"https:\/\/www.africa-press.net\/togo\/politique\/destabilisation-de-lanc-pouvoir-en-place-menace#article","isPartOf":{"@id":"https:\/\/www.africa-press.net\/togo\/politique\/destabilisation-de-lanc-pouvoir-en-place-menace"},"author":{"name":"cfeditorfr","@id":"https:\/\/www.africa-press.net\/togo\/#\/schema\/person\/2b1cf3cd81a31e3cd26889ca66d677f1"},"headline":"D\u00e9stabilisation de l&rsquo;ANC : Pouvoir en place menac\u00e9","datePublished":"2025-04-18T11:51:49+00:00","dateModified":"2025-04-18T12:57:52+00:00","mainEntityOfPage":{"@id":"https:\/\/www.africa-press.net\/togo\/politique\/destabilisation-de-lanc-pouvoir-en-place-menace"},"wordCount":498,"commentCount":0,"image":{"@id":"https:\/\/www.africa-press.net\/togo\/politique\/destabilisation-de-lanc-pouvoir-en-place-menace#primaryimage"},"thumbnailUrl":"https:\/\/static.africa-press.net\/togo\/sites\/58\/2025\/04\/sm_1744968429.308168.jpg","keywords":["ANC Togo","Jean-Pierre Fabre","Togo"],"articleSection":["Parties","Politique","Toutes les actualit\u00e9s"],"inLanguage":"fr-FR","potentialAction":[{"@type":"CommentAction","name":"Comment","target":["https:\/\/www.africa-press.net\/togo\/politique\/destabilisation-de-lanc-pouvoir-en-place-menace#respond"]}]},{"@type":"WebPage","@id":"https:\/\/www.africa-press.net\/togo\/politique\/destabilisation-de-lanc-pouvoir-en-place-menace","url":"https:\/\/www.africa-press.net\/togo\/politique\/destabilisation-de-lanc-pouvoir-en-place-menace","name":"D\u00e9stabilisation de l'ANC : Pouvoir en place menac\u00e9 - Togo","isPartOf":{"@id":"https:\/\/www.africa-press.net\/togo\/#website"},"primaryImageOfPage":{"@id":"https:\/\/www.africa-press.net\/togo\/politique\/destabilisation-de-lanc-pouvoir-en-place-menace#primaryimage"},"image":{"@id":"https:\/\/www.africa-press.net\/togo\/politique\/destabilisation-de-lanc-pouvoir-en-place-menace#primaryimage"},"thumbnailUrl":"https:\/\/static.africa-press.net\/togo\/sites\/58\/2025\/04\/sm_1744968429.308168.jpg","datePublished":"2025-04-18T11:51:49+00:00","dateModified":"2025-04-18T12:57:52+00:00","author":{"@id":"https:\/\/www.africa-press.net\/togo\/#\/schema\/person\/2b1cf3cd81a31e3cd26889ca66d677f1"},"description":"L\u2019Alliance Nationale pour le Changement (ANC) poursuit activement ses efforts de remobilisation. Le samedi 12 avril 2025 ...","breadcrumb":{"@id":"https:\/\/www.africa-press.net\/togo\/politique\/destabilisation-de-lanc-pouvoir-en-place-menace#breadcrumb"},"inLanguage":"fr-FR","potentialAction":[{"@type":"ReadAction","target":["https:\/\/www.africa-press.net\/togo\/politique\/destabilisation-de-lanc-pouvoir-en-place-menace"]}]},{"@type":"ImageObject","inLanguage":"fr-FR","@id":"https:\/\/www.africa-press.net\/togo\/politique\/destabilisation-de-lanc-pouvoir-en-place-menace#primaryimage","url":"https:\/\/static.africa-press.net\/togo\/sites\/58\/2025\/04\/sm_1744968429.308168.jpg","contentUrl":"https:\/\/static.africa-press.net\/togo\/sites\/58\/2025\/04\/sm_1744968429.308168.jpg","width":720,"height":483,"caption":"D\u00e9stabilisation de l'ANC : Pouvoir en place menac\u00e9"},{"@type":"BreadcrumbList","@id":"https:\/\/www.africa-press.net\/togo\/politique\/destabilisation-de-lanc-pouvoir-en-place-menace#breadcrumb","itemListElement":[{"@type":"ListItem","position":1,"name":"Accueil","item":"https:\/\/www.africa-press.net\/togo\/"},{"@type":"ListItem","position":2,"name":"D\u00e9stabilisation de l&rsquo;ANC : Pouvoir en place menac\u00e9"}]},{"@type":"WebSite","@id":"https:\/\/www.africa-press.net\/togo\/#website","url":"https:\/\/www.africa-press.net\/togo\/","name":"Togo","description":"Just another Africa News Agency Sites site","potentialAction":[{"@type":"SearchAction","target":{"@type":"EntryPoint","urlTemplate":"https:\/\/www.africa-press.net\/togo\/?s={search_term_string}"},"query-input":{"@type":"PropertyValueSpecification","valueRequired":true,"valueName":"search_term_string"}}],"inLanguage":"fr-FR"},{"@type":"Person","@id":"https:\/\/www.africa-press.net\/togo\/#\/schema\/person\/2b1cf3cd81a31e3cd26889ca66d677f1","name":"cfeditorfr"}]}},"_links":{"self":[{"href":"https:\/\/www.africa-press.net\/togo\/wp-json\/wp\/v2\/posts\/39393","targetHints":{"allow":["GET"]}}],"collection":[{"href":"https:\/\/www.africa-press.net\/togo\/wp-json\/wp\/v2\/posts"}],"about":[{"href":"https:\/\/www.africa-press.net\/togo\/wp-json\/wp\/v2\/types\/post"}],"author":[{"embeddable":true,"href":"https:\/\/www.africa-press.net\/togo\/wp-json\/wp\/v2\/users\/82"}],"replies":[{"embeddable":true,"href":"https:\/\/www.africa-press.net\/togo\/wp-json\/wp\/v2\/comments?post=39393"}],"version-history":[{"count":0,"href":"https:\/\/www.africa-press.net\/togo\/wp-json\/wp\/v2\/posts\/39393\/revisions"}],"wp:featuredmedia":[{"embeddable":true,"href":"https:\/\/www.africa-press.net\/togo\/wp-json\/wp\/v2\/media\/39392"}],"wp:attachment":[{"href":"https:\/\/www.africa-press.net\/togo\/wp-json\/wp\/v2\/media?parent=39393"}],"wp:term":[{"taxonomy":"category","embeddable":true,"href":"https:\/\/www.africa-press.net\/togo\/wp-json\/wp\/v2\/categories?post=39393"},{"taxonomy":"post_tag","embeddable":true,"href":"https:\/\/www.africa-press.net\/togo\/wp-json\/wp\/v2\/tags?post=39393"}],"curies":[{"name":"wp","href":"https:\/\/api.w.org\/{rel}","templated":true}]}}