{"id":39606,"date":"2025-04-27T18:40:50","date_gmt":"2025-04-27T18:40:50","guid":{"rendered":"https:\/\/www.africa-press.net\/togo\/politique\/pape-francois-inhume-a-la-basilique-sainte-marie-majeure"},"modified":"2025-04-27T19:03:49","modified_gmt":"2025-04-27T19:03:49","slug":"pape-francois-inhume-a-la-basilique-sainte-marie-majeure","status":"publish","type":"post","link":"https:\/\/www.africa-press.net\/togo\/culture-et-art\/pape-francois-inhume-a-la-basilique-sainte-marie-majeure","title":{"rendered":"Pape Fran\u00e7ois Inhum\u00e9 \u00c0 La Basilique Sainte-Marie-Majeure"},"content":{"rendered":"<p><span style=\"color: #ff6600\"><strong>Africa-Press &#8211; Togo. <\/strong><\/span><b>Le pape Franc\u0327ois, de\u0301ce\u0301de\u0301 le lundi 21 avril apre\u0300s un accident vasculaire ce\u0301re\u0301bral (AVC), a e\u0301te\u0301 inhume\u0301 ce samedi 26 avril la basilique Sainte -Marie -Majeure au Vatican, une premie\u0300re depuis 1903.<\/b><\/p>\n<p>Son inhumation est intervenue apre\u0300s une ce\u0301re\u0301monie d\u2019hommage organise\u0301e a\u0300 la place Saint-Pierre ou\u0300 plus de 200 milles, dont plus de 50 chefs d\u2019E\u0301tats, notamment le pre\u0301sident de la Re\u0301publique, Fe\u0301lix Tshisekedi, e\u0301taient venues lui rendre des hommages.<\/p>\n<p>Dans son home\u0301lie, le cardinal Giovanni Basttista, doyen du colle\u0300ge des cardinaux a fait savoir que le Pape Franc\u0327ois a su toucher les c\u0153urs de plusieurs, il e\u0301tait attentif a\u0300 la cause de pauvres, des exclus et des immigrants.<\/p>\n<p>Mort a\u0300 88 ans de suite d\u2019un AVC, le Pape Franc\u0327ois, de nationalite\u0301 Argentine a e\u0301te\u0301 le premier pontife issu des rangs de la compagnie de Je\u0301sus, connue sous le nom de Je\u0301suites, il a occupe\u0301 le poste pendant 12 ans.<\/p>\n<p>Il sied de noter qu\u2019apre\u0300s les fune\u0301railles du pape ,des cardinaux a\u0302ge\u0301s de moins de 80 ans vont se re\u0301unir dans la chapelle Sixtine au Vatican pour e\u0301lire un autre Pape. Ce vote se de\u0301roulera en toute intimite\u0301 selon la conviction personnelle de chaque cardinal. L\u2019e\u0301lection du nouveau Pape sera confirme\u0301e par une fume\u0301e blanche qui sortira de la chapelle Sixtine.<\/p>\n<p><strong>Pour plus d&rsquo;informations et d&rsquo;analyses sur la <span style=\"color: #ff6600\">Togo<\/span>, suivez <span style=\"color: #ff6600\">Africa-Press<\/span><\/strong><\/p>\n","protected":false},"excerpt":{"rendered":"<p>Africa-Press &#8211; Togo. Le pape Franc\u0327ois, de\u0301ce\u0301de\u0301 le lundi 21 avril apre\u0300s un accident vasculaire ce\u0301re\u0301bral (AVC), a e\u0301te\u0301 inhume\u0301 ce samedi 26 avril la basilique Sainte -Marie -Majeure au Vatican, une premie\u0300re depuis 1903. Son inhumation est intervenue apre\u0300s une ce\u0301re\u0301monie d\u2019hommage organise\u0301e a\u0300 la place Saint-Pierre ou\u0300 plus de 200 milles, dont plus [&hellip;]<\/p>\n","protected":false},"author":82,"featured_media":39605,"comment_status":"open","ping_status":"closed","sticky":false,"template":"","format":"standard","meta":{"footnotes":""},"categories":[5,10],"tags":[50],"class_list":["post-39606","post","type-post","status-publish","format-standard","has-post-thumbnail","hentry","category-culture-et-art","category-toutes-les-actualites","tag-togo"],"yoast_head":"<!-- This site is optimized with the Yoast SEO Premium plugin v26.1 (Yoast SEO v27.0) - https:\/\/yoast.com\/product\/yoast-seo-premium-wordpress\/ -->\n<title>Pape Fran\u00e7ois Inhum\u00e9 \u00c0 La Basilique Sainte-Marie-Majeure - Togo<\/title>\n<meta name=\"description\" content=\"Le pape Franc\u0327ois, de\u0301ce\u0301de\u0301 le lundi 21 avril apre\u0300s un accident vasculaire ce\u0301re\u0301bral (AVC), a e\u0301te\u0301 inhume\u0301 ce sam ...\" \/>\n<meta name=\"robots\" content=\"index, follow, max-snippet:-1, max-image-preview:large, max-video-preview:-1\" \/>\n<link rel=\"canonical\" href=\"https:\/\/www.africa-press.net\/togo\/culture-et-art\/pape-francois-inhume-a-la-basilique-sainte-marie-majeure\" \/>\n<meta property=\"og:locale\" content=\"fr_FR\" \/>\n<meta property=\"og:type\" content=\"article\" \/>\n<meta property=\"og:title\" content=\"Pape Fran\u00e7ois Inhum\u00e9 \u00c0 La Basilique Sainte-Marie-Majeure\" \/>\n<meta property=\"og:description\" content=\"Le pape Franc\u0327ois, de\u0301ce\u0301de\u0301 le lundi 21 avril apre\u0300s un accident vasculaire ce\u0301re\u0301bral (AVC), a e\u0301te\u0301 inhume\u0301 ce sam ...\" \/>\n<meta property=\"og:url\" content=\"https:\/\/www.africa-press.net\/togo\/culture-et-art\/pape-francois-inhume-a-la-basilique-sainte-marie-majeure\" \/>\n<meta property=\"og:site_name\" content=\"Togo\" \/>\n<meta property=\"article:published_time\" content=\"2025-04-27T18:40:50+00:00\" \/>\n<meta property=\"article:modified_time\" content=\"2025-04-27T19:03:49+00:00\" \/>\n<meta property=\"og:image\" content=\"https:\/\/static.africa-press.net\/togo\/sites\/58\/2025\/04\/sm_1745767655.041879.jpg\" \/>\n\t<meta property=\"og:image:width\" content=\"720\" \/>\n\t<meta property=\"og:image:height\" content=\"459\" \/>\n\t<meta property=\"og:image:type\" content=\"image\/jpeg\" \/>\n<meta name=\"author\" content=\"cfeditorfr\" \/>\n<meta name=\"twitter:card\" content=\"summary_large_image\" \/>\n<meta name=\"twitter:label1\" content=\"\u00c9crit par\" \/>\n\t<meta name=\"twitter:data1\" content=\"cfeditorfr\" \/>\n\t<meta name=\"twitter:label2\" content=\"Dur\u00e9e de lecture estim\u00e9e\" \/>\n\t<meta name=\"twitter:data2\" content=\"1 minute\" \/>\n<script type=\"application\/ld+json\" class=\"yoast-schema-graph\">{\"@context\":\"https:\/\/schema.org\",\"@graph\":[{\"@type\":\"Article\",\"@id\":\"https:\/\/www.africa-press.net\/togo\/culture-et-art\/pape-francois-inhume-a-la-basilique-sainte-marie-majeure#article\",\"isPartOf\":{\"@id\":\"https:\/\/www.africa-press.net\/togo\/culture-et-art\/pape-francois-inhume-a-la-basilique-sainte-marie-majeure\"},\"author\":{\"name\":\"cfeditorfr\",\"@id\":\"https:\/\/www.africa-press.net\/togo\/#\/schema\/person\/2b1cf3cd81a31e3cd26889ca66d677f1\"},\"headline\":\"Pape Fran\u00e7ois Inhum\u00e9 \u00c0 La Basilique Sainte-Marie-Majeure\",\"datePublished\":\"2025-04-27T18:40:50+00:00\",\"dateModified\":\"2025-04-27T19:03:49+00:00\",\"mainEntityOfPage\":{\"@id\":\"https:\/\/www.africa-press.net\/togo\/culture-et-art\/pape-francois-inhume-a-la-basilique-sainte-marie-majeure\"},\"wordCount\":266,\"commentCount\":0,\"image\":{\"@id\":\"https:\/\/www.africa-press.net\/togo\/culture-et-art\/pape-francois-inhume-a-la-basilique-sainte-marie-majeure#primaryimage\"},\"thumbnailUrl\":\"https:\/\/static.africa-press.net\/togo\/sites\/58\/2025\/04\/sm_1745767655.041879.jpg\",\"keywords\":[\"Togo\"],\"articleSection\":[\"Culture et Art\",\"Toutes les actualit\u00e9s\"],\"inLanguage\":\"fr-FR\",\"potentialAction\":[{\"@type\":\"CommentAction\",\"name\":\"Comment\",\"target\":[\"https:\/\/www.africa-press.net\/togo\/culture-et-art\/pape-francois-inhume-a-la-basilique-sainte-marie-majeure#respond\"]}]},{\"@type\":\"WebPage\",\"@id\":\"https:\/\/www.africa-press.net\/togo\/culture-et-art\/pape-francois-inhume-a-la-basilique-sainte-marie-majeure\",\"url\":\"https:\/\/www.africa-press.net\/togo\/culture-et-art\/pape-francois-inhume-a-la-basilique-sainte-marie-majeure\",\"name\":\"Pape Fran\u00e7ois Inhum\u00e9 \u00c0 La Basilique Sainte-Marie-Majeure - Togo\",\"isPartOf\":{\"@id\":\"https:\/\/www.africa-press.net\/togo\/#website\"},\"primaryImageOfPage\":{\"@id\":\"https:\/\/www.africa-press.net\/togo\/culture-et-art\/pape-francois-inhume-a-la-basilique-sainte-marie-majeure#primaryimage\"},\"image\":{\"@id\":\"https:\/\/www.africa-press.net\/togo\/culture-et-art\/pape-francois-inhume-a-la-basilique-sainte-marie-majeure#primaryimage\"},\"thumbnailUrl\":\"https:\/\/static.africa-press.net\/togo\/sites\/58\/2025\/04\/sm_1745767655.041879.jpg\",\"datePublished\":\"2025-04-27T18:40:50+00:00\",\"dateModified\":\"2025-04-27T19:03:49+00:00\",\"author\":{\"@id\":\"https:\/\/www.africa-press.net\/togo\/#\/schema\/person\/2b1cf3cd81a31e3cd26889ca66d677f1\"},\"description\":\"Le pape Franc\u0327ois, de\u0301ce\u0301de\u0301 le lundi 21 avril apre\u0300s un accident vasculaire ce\u0301re\u0301bral (AVC), a e\u0301te\u0301 inhume\u0301 ce sam ...\",\"breadcrumb\":{\"@id\":\"https:\/\/www.africa-press.net\/togo\/culture-et-art\/pape-francois-inhume-a-la-basilique-sainte-marie-majeure#breadcrumb\"},\"inLanguage\":\"fr-FR\",\"potentialAction\":[{\"@type\":\"ReadAction\",\"target\":[\"https:\/\/www.africa-press.net\/togo\/culture-et-art\/pape-francois-inhume-a-la-basilique-sainte-marie-majeure\"]}]},{\"@type\":\"ImageObject\",\"inLanguage\":\"fr-FR\",\"@id\":\"https:\/\/www.africa-press.net\/togo\/culture-et-art\/pape-francois-inhume-a-la-basilique-sainte-marie-majeure#primaryimage\",\"url\":\"https:\/\/static.africa-press.net\/togo\/sites\/58\/2025\/04\/sm_1745767655.041879.jpg\",\"contentUrl\":\"https:\/\/static.africa-press.net\/togo\/sites\/58\/2025\/04\/sm_1745767655.041879.jpg\",\"width\":720,\"height\":459,\"caption\":\"Pape Fran\u00e7ois Inhum\u00e9 \u00c0 La Basilique Sainte-Marie-Majeure\"},{\"@type\":\"BreadcrumbList\",\"@id\":\"https:\/\/www.africa-press.net\/togo\/culture-et-art\/pape-francois-inhume-a-la-basilique-sainte-marie-majeure#breadcrumb\",\"itemListElement\":[{\"@type\":\"ListItem\",\"position\":1,\"name\":\"Accueil\",\"item\":\"https:\/\/www.africa-press.net\/togo\/\"},{\"@type\":\"ListItem\",\"position\":2,\"name\":\"Pape Fran\u00e7ois Inhum\u00e9 \u00c0 La Basilique Sainte-Marie-Majeure\"}]},{\"@type\":\"WebSite\",\"@id\":\"https:\/\/www.africa-press.net\/togo\/#website\",\"url\":\"https:\/\/www.africa-press.net\/togo\/\",\"name\":\"Togo\",\"description\":\"Just another Africa News Agency Sites site\",\"potentialAction\":[{\"@type\":\"SearchAction\",\"target\":{\"@type\":\"EntryPoint\",\"urlTemplate\":\"https:\/\/www.africa-press.net\/togo\/?s={search_term_string}\"},\"query-input\":{\"@type\":\"PropertyValueSpecification\",\"valueRequired\":true,\"valueName\":\"search_term_string\"}}],\"inLanguage\":\"fr-FR\"},{\"@type\":\"Person\",\"@id\":\"https:\/\/www.africa-press.net\/togo\/#\/schema\/person\/2b1cf3cd81a31e3cd26889ca66d677f1\",\"name\":\"cfeditorfr\"}]}<\/script>\n<!-- \/ Yoast SEO Premium plugin. -->","yoast_head_json":{"title":"Pape Fran\u00e7ois Inhum\u00e9 \u00c0 La Basilique Sainte-Marie-Majeure - Togo","description":"Le pape Franc\u0327ois, de\u0301ce\u0301de\u0301 le lundi 21 avril apre\u0300s un accident vasculaire ce\u0301re\u0301bral (AVC), a e\u0301te\u0301 inhume\u0301 ce sam ...","robots":{"index":"index","follow":"follow","max-snippet":"max-snippet:-1","max-image-preview":"max-image-preview:large","max-video-preview":"max-video-preview:-1"},"canonical":"https:\/\/www.africa-press.net\/togo\/culture-et-art\/pape-francois-inhume-a-la-basilique-sainte-marie-majeure","og_locale":"fr_FR","og_type":"article","og_title":"Pape Fran\u00e7ois Inhum\u00e9 \u00c0 La Basilique Sainte-Marie-Majeure","og_description":"Le pape Franc\u0327ois, de\u0301ce\u0301de\u0301 le lundi 21 avril apre\u0300s un accident vasculaire ce\u0301re\u0301bral (AVC), a e\u0301te\u0301 inhume\u0301 ce sam ...","og_url":"https:\/\/www.africa-press.net\/togo\/culture-et-art\/pape-francois-inhume-a-la-basilique-sainte-marie-majeure","og_site_name":"Togo","article_published_time":"2025-04-27T18:40:50+00:00","article_modified_time":"2025-04-27T19:03:49+00:00","og_image":[{"width":720,"height":459,"url":"https:\/\/static.africa-press.net\/togo\/sites\/58\/2025\/04\/sm_1745767655.041879.jpg","type":"image\/jpeg"}],"author":"cfeditorfr","twitter_card":"summary_large_image","twitter_misc":{"\u00c9crit par":"cfeditorfr","Dur\u00e9e de lecture estim\u00e9e":"1 minute"},"schema":{"@context":"https:\/\/schema.org","@graph":[{"@type":"Article","@id":"https:\/\/www.africa-press.net\/togo\/culture-et-art\/pape-francois-inhume-a-la-basilique-sainte-marie-majeure#article","isPartOf":{"@id":"https:\/\/www.africa-press.net\/togo\/culture-et-art\/pape-francois-inhume-a-la-basilique-sainte-marie-majeure"},"author":{"name":"cfeditorfr","@id":"https:\/\/www.africa-press.net\/togo\/#\/schema\/person\/2b1cf3cd81a31e3cd26889ca66d677f1"},"headline":"Pape Fran\u00e7ois Inhum\u00e9 \u00c0 La Basilique Sainte-Marie-Majeure","datePublished":"2025-04-27T18:40:50+00:00","dateModified":"2025-04-27T19:03:49+00:00","mainEntityOfPage":{"@id":"https:\/\/www.africa-press.net\/togo\/culture-et-art\/pape-francois-inhume-a-la-basilique-sainte-marie-majeure"},"wordCount":266,"commentCount":0,"image":{"@id":"https:\/\/www.africa-press.net\/togo\/culture-et-art\/pape-francois-inhume-a-la-basilique-sainte-marie-majeure#primaryimage"},"thumbnailUrl":"https:\/\/static.africa-press.net\/togo\/sites\/58\/2025\/04\/sm_1745767655.041879.jpg","keywords":["Togo"],"articleSection":["Culture et Art","Toutes les actualit\u00e9s"],"inLanguage":"fr-FR","potentialAction":[{"@type":"CommentAction","name":"Comment","target":["https:\/\/www.africa-press.net\/togo\/culture-et-art\/pape-francois-inhume-a-la-basilique-sainte-marie-majeure#respond"]}]},{"@type":"WebPage","@id":"https:\/\/www.africa-press.net\/togo\/culture-et-art\/pape-francois-inhume-a-la-basilique-sainte-marie-majeure","url":"https:\/\/www.africa-press.net\/togo\/culture-et-art\/pape-francois-inhume-a-la-basilique-sainte-marie-majeure","name":"Pape Fran\u00e7ois Inhum\u00e9 \u00c0 La Basilique Sainte-Marie-Majeure - Togo","isPartOf":{"@id":"https:\/\/www.africa-press.net\/togo\/#website"},"primaryImageOfPage":{"@id":"https:\/\/www.africa-press.net\/togo\/culture-et-art\/pape-francois-inhume-a-la-basilique-sainte-marie-majeure#primaryimage"},"image":{"@id":"https:\/\/www.africa-press.net\/togo\/culture-et-art\/pape-francois-inhume-a-la-basilique-sainte-marie-majeure#primaryimage"},"thumbnailUrl":"https:\/\/static.africa-press.net\/togo\/sites\/58\/2025\/04\/sm_1745767655.041879.jpg","datePublished":"2025-04-27T18:40:50+00:00","dateModified":"2025-04-27T19:03:49+00:00","author":{"@id":"https:\/\/www.africa-press.net\/togo\/#\/schema\/person\/2b1cf3cd81a31e3cd26889ca66d677f1"},"description":"Le pape Franc\u0327ois, de\u0301ce\u0301de\u0301 le lundi 21 avril apre\u0300s un accident vasculaire ce\u0301re\u0301bral (AVC), a e\u0301te\u0301 inhume\u0301 ce sam ...","breadcrumb":{"@id":"https:\/\/www.africa-press.net\/togo\/culture-et-art\/pape-francois-inhume-a-la-basilique-sainte-marie-majeure#breadcrumb"},"inLanguage":"fr-FR","potentialAction":[{"@type":"ReadAction","target":["https:\/\/www.africa-press.net\/togo\/culture-et-art\/pape-francois-inhume-a-la-basilique-sainte-marie-majeure"]}]},{"@type":"ImageObject","inLanguage":"fr-FR","@id":"https:\/\/www.africa-press.net\/togo\/culture-et-art\/pape-francois-inhume-a-la-basilique-sainte-marie-majeure#primaryimage","url":"https:\/\/static.africa-press.net\/togo\/sites\/58\/2025\/04\/sm_1745767655.041879.jpg","contentUrl":"https:\/\/static.africa-press.net\/togo\/sites\/58\/2025\/04\/sm_1745767655.041879.jpg","width":720,"height":459,"caption":"Pape Fran\u00e7ois Inhum\u00e9 \u00c0 La Basilique Sainte-Marie-Majeure"},{"@type":"BreadcrumbList","@id":"https:\/\/www.africa-press.net\/togo\/culture-et-art\/pape-francois-inhume-a-la-basilique-sainte-marie-majeure#breadcrumb","itemListElement":[{"@type":"ListItem","position":1,"name":"Accueil","item":"https:\/\/www.africa-press.net\/togo\/"},{"@type":"ListItem","position":2,"name":"Pape Fran\u00e7ois Inhum\u00e9 \u00c0 La Basilique Sainte-Marie-Majeure"}]},{"@type":"WebSite","@id":"https:\/\/www.africa-press.net\/togo\/#website","url":"https:\/\/www.africa-press.net\/togo\/","name":"Togo","description":"Just another Africa News Agency Sites site","potentialAction":[{"@type":"SearchAction","target":{"@type":"EntryPoint","urlTemplate":"https:\/\/www.africa-press.net\/togo\/?s={search_term_string}"},"query-input":{"@type":"PropertyValueSpecification","valueRequired":true,"valueName":"search_term_string"}}],"inLanguage":"fr-FR"},{"@type":"Person","@id":"https:\/\/www.africa-press.net\/togo\/#\/schema\/person\/2b1cf3cd81a31e3cd26889ca66d677f1","name":"cfeditorfr"}]}},"_links":{"self":[{"href":"https:\/\/www.africa-press.net\/togo\/wp-json\/wp\/v2\/posts\/39606","targetHints":{"allow":["GET"]}}],"collection":[{"href":"https:\/\/www.africa-press.net\/togo\/wp-json\/wp\/v2\/posts"}],"about":[{"href":"https:\/\/www.africa-press.net\/togo\/wp-json\/wp\/v2\/types\/post"}],"author":[{"embeddable":true,"href":"https:\/\/www.africa-press.net\/togo\/wp-json\/wp\/v2\/users\/82"}],"replies":[{"embeddable":true,"href":"https:\/\/www.africa-press.net\/togo\/wp-json\/wp\/v2\/comments?post=39606"}],"version-history":[{"count":0,"href":"https:\/\/www.africa-press.net\/togo\/wp-json\/wp\/v2\/posts\/39606\/revisions"}],"wp:featuredmedia":[{"embeddable":true,"href":"https:\/\/www.africa-press.net\/togo\/wp-json\/wp\/v2\/media\/39605"}],"wp:attachment":[{"href":"https:\/\/www.africa-press.net\/togo\/wp-json\/wp\/v2\/media?parent=39606"}],"wp:term":[{"taxonomy":"category","embeddable":true,"href":"https:\/\/www.africa-press.net\/togo\/wp-json\/wp\/v2\/categories?post=39606"},{"taxonomy":"post_tag","embeddable":true,"href":"https:\/\/www.africa-press.net\/togo\/wp-json\/wp\/v2\/tags?post=39606"}],"curies":[{"name":"wp","href":"https:\/\/api.w.org\/{rel}","templated":true}]}}