{"id":39862,"date":"2025-05-07T23:51:27","date_gmt":"2025-05-07T23:51:27","guid":{"rendered":"https:\/\/www.africa-press.net\/togo\/politique\/conclave-2025-elections-papales-reprises-jeudi-matin"},"modified":"2025-05-08T00:23:10","modified_gmt":"2025-05-08T00:23:10","slug":"conclave-2025-elections-papales-reprises-jeudi-matin","status":"publish","type":"post","link":"https:\/\/www.africa-press.net\/togo\/culture-et-art\/conclave-2025-elections-papales-reprises-jeudi-matin","title":{"rendered":"Conclave 2025: E\u0301Lections Papales Reprises Jeudi Matin"},"content":{"rendered":"<p><span style=\"color: #ff6600\"><strong>Africa-Press &#8211; Togo. <\/strong><\/span><b>Ce mercredi 7 mai 2025, a\u0300 21h, une fume\u0301e noire s\u2019est e\u0301chappe\u0301e de la chemine\u0301e de la chapelle Sixtine, au Vatican, indiquant l&rsquo;absence d\u2019un consensus parmi les cardinaux re\u0301unis en conclave. Aucun successeur de Jorge Mario Bergoglio n\u2019a e\u0301te\u0301 e\u0301lu lors de ce premier tour de scrutin.<\/b><\/p>\n<p>Les regards du monde entier e\u0301taient tourne\u0301s vers la place Saint-Pierre, dans l\u2019attente du signal traditionnel qui marque le re\u0301sultat du vote. Comme le veut la tradition, la fume\u0301e noire signifie que le scrutin n\u2019a pas abouti a\u0300 l\u2019e\u0301lection d\u2019un pape. La chapelle Sixtine reste donc le the\u0301a\u0302tre de discussions et de discernement entre les 119 cardinaux e\u0301lecteurs.<\/p>\n<p>Le conclave reprendra ce jeudi a\u0300 10h30 (heure de Rome), avec de nouveaux scrutins pre\u0301vus pour de\u0301signer le 267e pape de l\u2019E\u0301glise catholique.<\/p>\n<p>Ce processus se poursuit dans le plus grand secret, les cardinaux e\u0301tant isole\u0301s du monde exte\u0301rieur jusqu\u2019a\u0300 l\u2019e\u0301lection du nouveau souverain pontife. La fume\u0301e blanche, tant attendue, viendra signaler que l\u2019E\u0301glise a un nouveau chef spirituel.<\/p>\n<p><strong>Pour plus d&rsquo;informations et d&rsquo;analyses sur la <span style=\"color: #ff6600\">Togo<\/span>, suivez <span style=\"color: #ff6600\">Africa-Press<\/span><\/strong><\/p>\n","protected":false},"excerpt":{"rendered":"<p>Africa-Press &#8211; Togo. Ce mercredi 7 mai 2025, a\u0300 21h, une fume\u0301e noire s\u2019est e\u0301chappe\u0301e de la chemine\u0301e de la chapelle Sixtine, au Vatican, indiquant l&rsquo;absence d\u2019un consensus parmi les cardinaux re\u0301unis en conclave. Aucun successeur de Jorge Mario Bergoglio n\u2019a e\u0301te\u0301 e\u0301lu lors de ce premier tour de scrutin. Les regards du monde entier [&hellip;]<\/p>\n","protected":false},"author":82,"featured_media":39861,"comment_status":"open","ping_status":"closed","sticky":false,"template":"","format":"standard","meta":{"footnotes":""},"categories":[5,10],"tags":[50],"class_list":["post-39862","post","type-post","status-publish","format-standard","has-post-thumbnail","hentry","category-culture-et-art","category-toutes-les-actualites","tag-togo"],"yoast_head":"<!-- This site is optimized with the Yoast SEO Premium plugin v26.1 (Yoast SEO v27.0) - https:\/\/yoast.com\/product\/yoast-seo-premium-wordpress\/ -->\n<title>Conclave 2025: E\u0301Lections Papales Reprises Jeudi Matin - Togo<\/title>\n<meta name=\"description\" content=\"Ce mercredi 7 mai 2025, a\u0300 21h, une fume\u0301e noire s\u2019est e\u0301chappe\u0301e de la chemine\u0301e de la chapelle Sixtine, au Vatican, ...\" \/>\n<meta name=\"robots\" content=\"index, follow, max-snippet:-1, max-image-preview:large, max-video-preview:-1\" \/>\n<link rel=\"canonical\" href=\"https:\/\/www.africa-press.net\/togo\/culture-et-art\/conclave-2025-elections-papales-reprises-jeudi-matin\" \/>\n<meta property=\"og:locale\" content=\"fr_FR\" \/>\n<meta property=\"og:type\" content=\"article\" \/>\n<meta property=\"og:title\" content=\"Conclave 2025: E\u0301Lections Papales Reprises Jeudi Matin\" \/>\n<meta property=\"og:description\" content=\"Ce mercredi 7 mai 2025, a\u0300 21h, une fume\u0301e noire s\u2019est e\u0301chappe\u0301e de la chemine\u0301e de la chapelle Sixtine, au Vatican, ...\" \/>\n<meta property=\"og:url\" content=\"https:\/\/www.africa-press.net\/togo\/culture-et-art\/conclave-2025-elections-papales-reprises-jeudi-matin\" \/>\n<meta property=\"og:site_name\" content=\"Togo\" \/>\n<meta property=\"article:published_time\" content=\"2025-05-07T23:51:27+00:00\" \/>\n<meta property=\"article:modified_time\" content=\"2025-05-08T00:23:10+00:00\" \/>\n<meta property=\"og:image\" content=\"https:\/\/static.africa-press.net\/togo\/sites\/58\/2025\/05\/sm_1746650760.219291.jpg\" \/>\n\t<meta property=\"og:image:width\" content=\"1280\" \/>\n\t<meta property=\"og:image:height\" content=\"687\" \/>\n\t<meta property=\"og:image:type\" content=\"image\/jpeg\" \/>\n<meta name=\"author\" content=\"cfeditorfr\" \/>\n<meta name=\"twitter:card\" content=\"summary_large_image\" \/>\n<meta name=\"twitter:label1\" content=\"\u00c9crit par\" \/>\n\t<meta name=\"twitter:data1\" content=\"cfeditorfr\" \/>\n\t<meta name=\"twitter:label2\" content=\"Dur\u00e9e de lecture estim\u00e9e\" \/>\n\t<meta name=\"twitter:data2\" content=\"1 minute\" \/>\n<script type=\"application\/ld+json\" class=\"yoast-schema-graph\">{\"@context\":\"https:\/\/schema.org\",\"@graph\":[{\"@type\":\"Article\",\"@id\":\"https:\/\/www.africa-press.net\/togo\/culture-et-art\/conclave-2025-elections-papales-reprises-jeudi-matin#article\",\"isPartOf\":{\"@id\":\"https:\/\/www.africa-press.net\/togo\/culture-et-art\/conclave-2025-elections-papales-reprises-jeudi-matin\"},\"author\":{\"name\":\"cfeditorfr\",\"@id\":\"https:\/\/www.africa-press.net\/togo\/#\/schema\/person\/2b1cf3cd81a31e3cd26889ca66d677f1\"},\"headline\":\"Conclave 2025: E\u0301Lections Papales Reprises Jeudi Matin\",\"datePublished\":\"2025-05-07T23:51:27+00:00\",\"dateModified\":\"2025-05-08T00:23:10+00:00\",\"mainEntityOfPage\":{\"@id\":\"https:\/\/www.africa-press.net\/togo\/culture-et-art\/conclave-2025-elections-papales-reprises-jeudi-matin\"},\"wordCount\":219,\"commentCount\":0,\"image\":{\"@id\":\"https:\/\/www.africa-press.net\/togo\/culture-et-art\/conclave-2025-elections-papales-reprises-jeudi-matin#primaryimage\"},\"thumbnailUrl\":\"https:\/\/static.africa-press.net\/togo\/sites\/58\/2025\/05\/sm_1746650760.219291.jpg\",\"keywords\":[\"Togo\"],\"articleSection\":[\"Culture et Art\",\"Toutes les actualit\u00e9s\"],\"inLanguage\":\"fr-FR\",\"potentialAction\":[{\"@type\":\"CommentAction\",\"name\":\"Comment\",\"target\":[\"https:\/\/www.africa-press.net\/togo\/culture-et-art\/conclave-2025-elections-papales-reprises-jeudi-matin#respond\"]}]},{\"@type\":\"WebPage\",\"@id\":\"https:\/\/www.africa-press.net\/togo\/culture-et-art\/conclave-2025-elections-papales-reprises-jeudi-matin\",\"url\":\"https:\/\/www.africa-press.net\/togo\/culture-et-art\/conclave-2025-elections-papales-reprises-jeudi-matin\",\"name\":\"Conclave 2025: E\u0301Lections Papales Reprises Jeudi Matin - Togo\",\"isPartOf\":{\"@id\":\"https:\/\/www.africa-press.net\/togo\/#website\"},\"primaryImageOfPage\":{\"@id\":\"https:\/\/www.africa-press.net\/togo\/culture-et-art\/conclave-2025-elections-papales-reprises-jeudi-matin#primaryimage\"},\"image\":{\"@id\":\"https:\/\/www.africa-press.net\/togo\/culture-et-art\/conclave-2025-elections-papales-reprises-jeudi-matin#primaryimage\"},\"thumbnailUrl\":\"https:\/\/static.africa-press.net\/togo\/sites\/58\/2025\/05\/sm_1746650760.219291.jpg\",\"datePublished\":\"2025-05-07T23:51:27+00:00\",\"dateModified\":\"2025-05-08T00:23:10+00:00\",\"author\":{\"@id\":\"https:\/\/www.africa-press.net\/togo\/#\/schema\/person\/2b1cf3cd81a31e3cd26889ca66d677f1\"},\"description\":\"Ce mercredi 7 mai 2025, a\u0300 21h, une fume\u0301e noire s\u2019est e\u0301chappe\u0301e de la chemine\u0301e de la chapelle Sixtine, au Vatican, ...\",\"breadcrumb\":{\"@id\":\"https:\/\/www.africa-press.net\/togo\/culture-et-art\/conclave-2025-elections-papales-reprises-jeudi-matin#breadcrumb\"},\"inLanguage\":\"fr-FR\",\"potentialAction\":[{\"@type\":\"ReadAction\",\"target\":[\"https:\/\/www.africa-press.net\/togo\/culture-et-art\/conclave-2025-elections-papales-reprises-jeudi-matin\"]}]},{\"@type\":\"ImageObject\",\"inLanguage\":\"fr-FR\",\"@id\":\"https:\/\/www.africa-press.net\/togo\/culture-et-art\/conclave-2025-elections-papales-reprises-jeudi-matin#primaryimage\",\"url\":\"https:\/\/static.africa-press.net\/togo\/sites\/58\/2025\/05\/sm_1746650760.219291.jpg\",\"contentUrl\":\"https:\/\/static.africa-press.net\/togo\/sites\/58\/2025\/05\/sm_1746650760.219291.jpg\",\"width\":1280,\"height\":687,\"caption\":\"Conclave 2025: E\u0301Lections Papales Reprises Jeudi Matin\"},{\"@type\":\"BreadcrumbList\",\"@id\":\"https:\/\/www.africa-press.net\/togo\/culture-et-art\/conclave-2025-elections-papales-reprises-jeudi-matin#breadcrumb\",\"itemListElement\":[{\"@type\":\"ListItem\",\"position\":1,\"name\":\"Accueil\",\"item\":\"https:\/\/www.africa-press.net\/togo\/\"},{\"@type\":\"ListItem\",\"position\":2,\"name\":\"Conclave 2025: E\u0301Lections Papales Reprises Jeudi Matin\"}]},{\"@type\":\"WebSite\",\"@id\":\"https:\/\/www.africa-press.net\/togo\/#website\",\"url\":\"https:\/\/www.africa-press.net\/togo\/\",\"name\":\"Togo\",\"description\":\"Just another Africa News Agency Sites site\",\"potentialAction\":[{\"@type\":\"SearchAction\",\"target\":{\"@type\":\"EntryPoint\",\"urlTemplate\":\"https:\/\/www.africa-press.net\/togo\/?s={search_term_string}\"},\"query-input\":{\"@type\":\"PropertyValueSpecification\",\"valueRequired\":true,\"valueName\":\"search_term_string\"}}],\"inLanguage\":\"fr-FR\"},{\"@type\":\"Person\",\"@id\":\"https:\/\/www.africa-press.net\/togo\/#\/schema\/person\/2b1cf3cd81a31e3cd26889ca66d677f1\",\"name\":\"cfeditorfr\"}]}<\/script>\n<!-- \/ Yoast SEO Premium plugin. -->","yoast_head_json":{"title":"Conclave 2025: E\u0301Lections Papales Reprises Jeudi Matin - Togo","description":"Ce mercredi 7 mai 2025, a\u0300 21h, une fume\u0301e noire s\u2019est e\u0301chappe\u0301e de la chemine\u0301e de la chapelle Sixtine, au Vatican, ...","robots":{"index":"index","follow":"follow","max-snippet":"max-snippet:-1","max-image-preview":"max-image-preview:large","max-video-preview":"max-video-preview:-1"},"canonical":"https:\/\/www.africa-press.net\/togo\/culture-et-art\/conclave-2025-elections-papales-reprises-jeudi-matin","og_locale":"fr_FR","og_type":"article","og_title":"Conclave 2025: E\u0301Lections Papales Reprises Jeudi Matin","og_description":"Ce mercredi 7 mai 2025, a\u0300 21h, une fume\u0301e noire s\u2019est e\u0301chappe\u0301e de la chemine\u0301e de la chapelle Sixtine, au Vatican, ...","og_url":"https:\/\/www.africa-press.net\/togo\/culture-et-art\/conclave-2025-elections-papales-reprises-jeudi-matin","og_site_name":"Togo","article_published_time":"2025-05-07T23:51:27+00:00","article_modified_time":"2025-05-08T00:23:10+00:00","og_image":[{"width":1280,"height":687,"url":"https:\/\/static.africa-press.net\/togo\/sites\/58\/2025\/05\/sm_1746650760.219291.jpg","type":"image\/jpeg"}],"author":"cfeditorfr","twitter_card":"summary_large_image","twitter_misc":{"\u00c9crit par":"cfeditorfr","Dur\u00e9e de lecture estim\u00e9e":"1 minute"},"schema":{"@context":"https:\/\/schema.org","@graph":[{"@type":"Article","@id":"https:\/\/www.africa-press.net\/togo\/culture-et-art\/conclave-2025-elections-papales-reprises-jeudi-matin#article","isPartOf":{"@id":"https:\/\/www.africa-press.net\/togo\/culture-et-art\/conclave-2025-elections-papales-reprises-jeudi-matin"},"author":{"name":"cfeditorfr","@id":"https:\/\/www.africa-press.net\/togo\/#\/schema\/person\/2b1cf3cd81a31e3cd26889ca66d677f1"},"headline":"Conclave 2025: E\u0301Lections Papales Reprises Jeudi Matin","datePublished":"2025-05-07T23:51:27+00:00","dateModified":"2025-05-08T00:23:10+00:00","mainEntityOfPage":{"@id":"https:\/\/www.africa-press.net\/togo\/culture-et-art\/conclave-2025-elections-papales-reprises-jeudi-matin"},"wordCount":219,"commentCount":0,"image":{"@id":"https:\/\/www.africa-press.net\/togo\/culture-et-art\/conclave-2025-elections-papales-reprises-jeudi-matin#primaryimage"},"thumbnailUrl":"https:\/\/static.africa-press.net\/togo\/sites\/58\/2025\/05\/sm_1746650760.219291.jpg","keywords":["Togo"],"articleSection":["Culture et Art","Toutes les actualit\u00e9s"],"inLanguage":"fr-FR","potentialAction":[{"@type":"CommentAction","name":"Comment","target":["https:\/\/www.africa-press.net\/togo\/culture-et-art\/conclave-2025-elections-papales-reprises-jeudi-matin#respond"]}]},{"@type":"WebPage","@id":"https:\/\/www.africa-press.net\/togo\/culture-et-art\/conclave-2025-elections-papales-reprises-jeudi-matin","url":"https:\/\/www.africa-press.net\/togo\/culture-et-art\/conclave-2025-elections-papales-reprises-jeudi-matin","name":"Conclave 2025: E\u0301Lections Papales Reprises Jeudi Matin - Togo","isPartOf":{"@id":"https:\/\/www.africa-press.net\/togo\/#website"},"primaryImageOfPage":{"@id":"https:\/\/www.africa-press.net\/togo\/culture-et-art\/conclave-2025-elections-papales-reprises-jeudi-matin#primaryimage"},"image":{"@id":"https:\/\/www.africa-press.net\/togo\/culture-et-art\/conclave-2025-elections-papales-reprises-jeudi-matin#primaryimage"},"thumbnailUrl":"https:\/\/static.africa-press.net\/togo\/sites\/58\/2025\/05\/sm_1746650760.219291.jpg","datePublished":"2025-05-07T23:51:27+00:00","dateModified":"2025-05-08T00:23:10+00:00","author":{"@id":"https:\/\/www.africa-press.net\/togo\/#\/schema\/person\/2b1cf3cd81a31e3cd26889ca66d677f1"},"description":"Ce mercredi 7 mai 2025, a\u0300 21h, une fume\u0301e noire s\u2019est e\u0301chappe\u0301e de la chemine\u0301e de la chapelle Sixtine, au Vatican, ...","breadcrumb":{"@id":"https:\/\/www.africa-press.net\/togo\/culture-et-art\/conclave-2025-elections-papales-reprises-jeudi-matin#breadcrumb"},"inLanguage":"fr-FR","potentialAction":[{"@type":"ReadAction","target":["https:\/\/www.africa-press.net\/togo\/culture-et-art\/conclave-2025-elections-papales-reprises-jeudi-matin"]}]},{"@type":"ImageObject","inLanguage":"fr-FR","@id":"https:\/\/www.africa-press.net\/togo\/culture-et-art\/conclave-2025-elections-papales-reprises-jeudi-matin#primaryimage","url":"https:\/\/static.africa-press.net\/togo\/sites\/58\/2025\/05\/sm_1746650760.219291.jpg","contentUrl":"https:\/\/static.africa-press.net\/togo\/sites\/58\/2025\/05\/sm_1746650760.219291.jpg","width":1280,"height":687,"caption":"Conclave 2025: E\u0301Lections Papales Reprises Jeudi Matin"},{"@type":"BreadcrumbList","@id":"https:\/\/www.africa-press.net\/togo\/culture-et-art\/conclave-2025-elections-papales-reprises-jeudi-matin#breadcrumb","itemListElement":[{"@type":"ListItem","position":1,"name":"Accueil","item":"https:\/\/www.africa-press.net\/togo\/"},{"@type":"ListItem","position":2,"name":"Conclave 2025: E\u0301Lections Papales Reprises Jeudi Matin"}]},{"@type":"WebSite","@id":"https:\/\/www.africa-press.net\/togo\/#website","url":"https:\/\/www.africa-press.net\/togo\/","name":"Togo","description":"Just another Africa News Agency Sites site","potentialAction":[{"@type":"SearchAction","target":{"@type":"EntryPoint","urlTemplate":"https:\/\/www.africa-press.net\/togo\/?s={search_term_string}"},"query-input":{"@type":"PropertyValueSpecification","valueRequired":true,"valueName":"search_term_string"}}],"inLanguage":"fr-FR"},{"@type":"Person","@id":"https:\/\/www.africa-press.net\/togo\/#\/schema\/person\/2b1cf3cd81a31e3cd26889ca66d677f1","name":"cfeditorfr"}]}},"_links":{"self":[{"href":"https:\/\/www.africa-press.net\/togo\/wp-json\/wp\/v2\/posts\/39862","targetHints":{"allow":["GET"]}}],"collection":[{"href":"https:\/\/www.africa-press.net\/togo\/wp-json\/wp\/v2\/posts"}],"about":[{"href":"https:\/\/www.africa-press.net\/togo\/wp-json\/wp\/v2\/types\/post"}],"author":[{"embeddable":true,"href":"https:\/\/www.africa-press.net\/togo\/wp-json\/wp\/v2\/users\/82"}],"replies":[{"embeddable":true,"href":"https:\/\/www.africa-press.net\/togo\/wp-json\/wp\/v2\/comments?post=39862"}],"version-history":[{"count":0,"href":"https:\/\/www.africa-press.net\/togo\/wp-json\/wp\/v2\/posts\/39862\/revisions"}],"wp:featuredmedia":[{"embeddable":true,"href":"https:\/\/www.africa-press.net\/togo\/wp-json\/wp\/v2\/media\/39861"}],"wp:attachment":[{"href":"https:\/\/www.africa-press.net\/togo\/wp-json\/wp\/v2\/media?parent=39862"}],"wp:term":[{"taxonomy":"category","embeddable":true,"href":"https:\/\/www.africa-press.net\/togo\/wp-json\/wp\/v2\/categories?post=39862"},{"taxonomy":"post_tag","embeddable":true,"href":"https:\/\/www.africa-press.net\/togo\/wp-json\/wp\/v2\/tags?post=39862"}],"curies":[{"name":"wp","href":"https:\/\/api.w.org\/{rel}","templated":true}]}}