{"id":39866,"date":"2025-05-07T23:52:01","date_gmt":"2025-05-07T23:52:01","guid":{"rendered":"https:\/\/www.africa-press.net\/togo\/politique\/fridolin-ambongo-successeur-potentiel-du-pape-francois"},"modified":"2025-05-08T00:25:58","modified_gmt":"2025-05-08T00:25:58","slug":"fridolin-ambongo-successeur-potentiel-du-pape-francois","status":"publish","type":"post","link":"https:\/\/www.africa-press.net\/togo\/culture-et-art\/fridolin-ambongo-successeur-potentiel-du-pape-francois","title":{"rendered":"Fridolin Ambongo, Successeur Potentiel du Pape Fran\u00e7ois"},"content":{"rendered":"<p><span style=\"color: #ff6600\"><strong>Africa-Press &#8211; Togo. <\/strong><\/span><b>Cinq cardinaux africains dont le congolais Fridolin Ambongo figurent parmi les personnalite\u0301s cle\u0301s du conclave qui s\u2019ouvre ce mercredi 7 mai au Vatican pour de\u0301signer le prochain pape.<\/b><\/p>\n<p>Ils repre\u0301sentent diffe\u0301rentes branches de l\u2019E\u0301glise, des tre\u0300s conservatrices aux re\u0301formistes.<\/p>\n<p>En Re\u0301publique De\u0301mocratique du Congo, certains pre\u0302tres et fide\u0300les de l\u2019E\u0301glise citent Fridolin Ambongo comme possible successeur de Franc\u0327ois.<\/p>\n<p>\u00ab Fridolin Ambongo a le me\u0302me profil que notre de\u0301funt Pape Franc\u0327ois. Tous nos voeux est qu\u2019il soit notre prochain Pape de l\u2019E\u0301glise. Que le saint esprit interce\u0300de pour le peuple congolais au conclave qui s\u2019ouvre ce mercredi \u00bb , confie Abbe\u0301 Brunch Kabemba, pre\u0302tre de l\u2019espace Grand Kasai\u0308.<\/p>\n<p>Ne\u0301 le 24 janvier 1960 a\u0300 Boto, dans la province du Nord-Ubangi, Fridolin Ambongo est un pre\u0301lat catholique congolais.<\/p>\n<p>Il est archeve\u0302que de Kinshasa depuis sa nomination le 1er novembre 2018 et cardinal depuis le consistoire du 5 octobre 2019.<\/p>\n<p><strong>Pour plus d&rsquo;informations et d&rsquo;analyses sur la <span style=\"color: #ff6600\">Togo<\/span>, suivez <span style=\"color: #ff6600\">Africa-Press<\/span><\/strong><\/p>\n","protected":false},"excerpt":{"rendered":"<p>Africa-Press &#8211; Togo. Cinq cardinaux africains dont le congolais Fridolin Ambongo figurent parmi les personnalite\u0301s cle\u0301s du conclave qui s\u2019ouvre ce mercredi 7 mai au Vatican pour de\u0301signer le prochain pape. Ils repre\u0301sentent diffe\u0301rentes branches de l\u2019E\u0301glise, des tre\u0300s conservatrices aux re\u0301formistes. En Re\u0301publique De\u0301mocratique du Congo, certains pre\u0302tres et fide\u0300les de l\u2019E\u0301glise citent Fridolin [&hellip;]<\/p>\n","protected":false},"author":82,"featured_media":39865,"comment_status":"open","ping_status":"closed","sticky":false,"template":"","format":"standard","meta":{"footnotes":""},"categories":[5,10],"tags":[50],"class_list":["post-39866","post","type-post","status-publish","format-standard","has-post-thumbnail","hentry","category-culture-et-art","category-toutes-les-actualites","tag-togo"],"yoast_head":"<!-- This site is optimized with the Yoast SEO Premium plugin v26.1 (Yoast SEO v27.0) - https:\/\/yoast.com\/product\/yoast-seo-premium-wordpress\/ -->\n<title>Fridolin Ambongo, Successeur Potentiel du Pape Fran\u00e7ois - Togo<\/title>\n<meta name=\"description\" content=\"Cinq cardinaux africains dont le congolais Fridolin Ambongo figurent parmi les personnalite\u0301s cle\u0301s du conclave qui s ...\" \/>\n<meta name=\"robots\" content=\"index, follow, max-snippet:-1, max-image-preview:large, max-video-preview:-1\" \/>\n<link rel=\"canonical\" href=\"https:\/\/www.africa-press.net\/togo\/culture-et-art\/fridolin-ambongo-successeur-potentiel-du-pape-francois\" \/>\n<meta property=\"og:locale\" content=\"fr_FR\" \/>\n<meta property=\"og:type\" content=\"article\" \/>\n<meta property=\"og:title\" content=\"Fridolin Ambongo, Successeur Potentiel du Pape Fran\u00e7ois\" \/>\n<meta property=\"og:description\" content=\"Cinq cardinaux africains dont le congolais Fridolin Ambongo figurent parmi les personnalite\u0301s cle\u0301s du conclave qui s ...\" \/>\n<meta property=\"og:url\" content=\"https:\/\/www.africa-press.net\/togo\/culture-et-art\/fridolin-ambongo-successeur-potentiel-du-pape-francois\" \/>\n<meta property=\"og:site_name\" content=\"Togo\" \/>\n<meta property=\"article:published_time\" content=\"2025-05-07T23:52:01+00:00\" \/>\n<meta property=\"article:modified_time\" content=\"2025-05-08T00:25:58+00:00\" \/>\n<meta property=\"og:image\" content=\"https:\/\/static.africa-press.net\/togo\/sites\/58\/2025\/05\/sm_1746650874.597609.jpg\" \/>\n\t<meta property=\"og:image:width\" content=\"720\" \/>\n\t<meta property=\"og:image:height\" content=\"481\" \/>\n\t<meta property=\"og:image:type\" content=\"image\/jpeg\" \/>\n<meta name=\"author\" content=\"cfeditorfr\" \/>\n<meta name=\"twitter:card\" content=\"summary_large_image\" \/>\n<meta name=\"twitter:label1\" content=\"\u00c9crit par\" \/>\n\t<meta name=\"twitter:data1\" content=\"cfeditorfr\" \/>\n\t<meta name=\"twitter:label2\" content=\"Dur\u00e9e de lecture estim\u00e9e\" \/>\n\t<meta name=\"twitter:data2\" content=\"1 minute\" \/>\n<script type=\"application\/ld+json\" class=\"yoast-schema-graph\">{\"@context\":\"https:\/\/schema.org\",\"@graph\":[{\"@type\":\"Article\",\"@id\":\"https:\/\/www.africa-press.net\/togo\/culture-et-art\/fridolin-ambongo-successeur-potentiel-du-pape-francois#article\",\"isPartOf\":{\"@id\":\"https:\/\/www.africa-press.net\/togo\/culture-et-art\/fridolin-ambongo-successeur-potentiel-du-pape-francois\"},\"author\":{\"name\":\"cfeditorfr\",\"@id\":\"https:\/\/www.africa-press.net\/togo\/#\/schema\/person\/2b1cf3cd81a31e3cd26889ca66d677f1\"},\"headline\":\"Fridolin Ambongo, Successeur Potentiel du Pape Fran\u00e7ois\",\"datePublished\":\"2025-05-07T23:52:01+00:00\",\"dateModified\":\"2025-05-08T00:25:58+00:00\",\"mainEntityOfPage\":{\"@id\":\"https:\/\/www.africa-press.net\/togo\/culture-et-art\/fridolin-ambongo-successeur-potentiel-du-pape-francois\"},\"wordCount\":190,\"commentCount\":0,\"image\":{\"@id\":\"https:\/\/www.africa-press.net\/togo\/culture-et-art\/fridolin-ambongo-successeur-potentiel-du-pape-francois#primaryimage\"},\"thumbnailUrl\":\"https:\/\/static.africa-press.net\/togo\/sites\/58\/2025\/05\/sm_1746650874.597609.jpg\",\"keywords\":[\"Togo\"],\"articleSection\":[\"Culture et Art\",\"Toutes les actualit\u00e9s\"],\"inLanguage\":\"fr-FR\",\"potentialAction\":[{\"@type\":\"CommentAction\",\"name\":\"Comment\",\"target\":[\"https:\/\/www.africa-press.net\/togo\/culture-et-art\/fridolin-ambongo-successeur-potentiel-du-pape-francois#respond\"]}]},{\"@type\":\"WebPage\",\"@id\":\"https:\/\/www.africa-press.net\/togo\/culture-et-art\/fridolin-ambongo-successeur-potentiel-du-pape-francois\",\"url\":\"https:\/\/www.africa-press.net\/togo\/culture-et-art\/fridolin-ambongo-successeur-potentiel-du-pape-francois\",\"name\":\"Fridolin Ambongo, Successeur Potentiel du Pape Fran\u00e7ois - Togo\",\"isPartOf\":{\"@id\":\"https:\/\/www.africa-press.net\/togo\/#website\"},\"primaryImageOfPage\":{\"@id\":\"https:\/\/www.africa-press.net\/togo\/culture-et-art\/fridolin-ambongo-successeur-potentiel-du-pape-francois#primaryimage\"},\"image\":{\"@id\":\"https:\/\/www.africa-press.net\/togo\/culture-et-art\/fridolin-ambongo-successeur-potentiel-du-pape-francois#primaryimage\"},\"thumbnailUrl\":\"https:\/\/static.africa-press.net\/togo\/sites\/58\/2025\/05\/sm_1746650874.597609.jpg\",\"datePublished\":\"2025-05-07T23:52:01+00:00\",\"dateModified\":\"2025-05-08T00:25:58+00:00\",\"author\":{\"@id\":\"https:\/\/www.africa-press.net\/togo\/#\/schema\/person\/2b1cf3cd81a31e3cd26889ca66d677f1\"},\"description\":\"Cinq cardinaux africains dont le congolais Fridolin Ambongo figurent parmi les personnalite\u0301s cle\u0301s du conclave qui s ...\",\"breadcrumb\":{\"@id\":\"https:\/\/www.africa-press.net\/togo\/culture-et-art\/fridolin-ambongo-successeur-potentiel-du-pape-francois#breadcrumb\"},\"inLanguage\":\"fr-FR\",\"potentialAction\":[{\"@type\":\"ReadAction\",\"target\":[\"https:\/\/www.africa-press.net\/togo\/culture-et-art\/fridolin-ambongo-successeur-potentiel-du-pape-francois\"]}]},{\"@type\":\"ImageObject\",\"inLanguage\":\"fr-FR\",\"@id\":\"https:\/\/www.africa-press.net\/togo\/culture-et-art\/fridolin-ambongo-successeur-potentiel-du-pape-francois#primaryimage\",\"url\":\"https:\/\/static.africa-press.net\/togo\/sites\/58\/2025\/05\/sm_1746650874.597609.jpg\",\"contentUrl\":\"https:\/\/static.africa-press.net\/togo\/sites\/58\/2025\/05\/sm_1746650874.597609.jpg\",\"width\":720,\"height\":481,\"caption\":\"Fridolin Ambongo, Successeur Potentiel du Pape Fran\u00e7ois\"},{\"@type\":\"BreadcrumbList\",\"@id\":\"https:\/\/www.africa-press.net\/togo\/culture-et-art\/fridolin-ambongo-successeur-potentiel-du-pape-francois#breadcrumb\",\"itemListElement\":[{\"@type\":\"ListItem\",\"position\":1,\"name\":\"Accueil\",\"item\":\"https:\/\/www.africa-press.net\/togo\/\"},{\"@type\":\"ListItem\",\"position\":2,\"name\":\"Fridolin Ambongo, Successeur Potentiel du Pape Fran\u00e7ois\"}]},{\"@type\":\"WebSite\",\"@id\":\"https:\/\/www.africa-press.net\/togo\/#website\",\"url\":\"https:\/\/www.africa-press.net\/togo\/\",\"name\":\"Togo\",\"description\":\"Just another Africa News Agency Sites site\",\"potentialAction\":[{\"@type\":\"SearchAction\",\"target\":{\"@type\":\"EntryPoint\",\"urlTemplate\":\"https:\/\/www.africa-press.net\/togo\/?s={search_term_string}\"},\"query-input\":{\"@type\":\"PropertyValueSpecification\",\"valueRequired\":true,\"valueName\":\"search_term_string\"}}],\"inLanguage\":\"fr-FR\"},{\"@type\":\"Person\",\"@id\":\"https:\/\/www.africa-press.net\/togo\/#\/schema\/person\/2b1cf3cd81a31e3cd26889ca66d677f1\",\"name\":\"cfeditorfr\"}]}<\/script>\n<!-- \/ Yoast SEO Premium plugin. -->","yoast_head_json":{"title":"Fridolin Ambongo, Successeur Potentiel du Pape Fran\u00e7ois - Togo","description":"Cinq cardinaux africains dont le congolais Fridolin Ambongo figurent parmi les personnalite\u0301s cle\u0301s du conclave qui s ...","robots":{"index":"index","follow":"follow","max-snippet":"max-snippet:-1","max-image-preview":"max-image-preview:large","max-video-preview":"max-video-preview:-1"},"canonical":"https:\/\/www.africa-press.net\/togo\/culture-et-art\/fridolin-ambongo-successeur-potentiel-du-pape-francois","og_locale":"fr_FR","og_type":"article","og_title":"Fridolin Ambongo, Successeur Potentiel du Pape Fran\u00e7ois","og_description":"Cinq cardinaux africains dont le congolais Fridolin Ambongo figurent parmi les personnalite\u0301s cle\u0301s du conclave qui s ...","og_url":"https:\/\/www.africa-press.net\/togo\/culture-et-art\/fridolin-ambongo-successeur-potentiel-du-pape-francois","og_site_name":"Togo","article_published_time":"2025-05-07T23:52:01+00:00","article_modified_time":"2025-05-08T00:25:58+00:00","og_image":[{"width":720,"height":481,"url":"https:\/\/static.africa-press.net\/togo\/sites\/58\/2025\/05\/sm_1746650874.597609.jpg","type":"image\/jpeg"}],"author":"cfeditorfr","twitter_card":"summary_large_image","twitter_misc":{"\u00c9crit par":"cfeditorfr","Dur\u00e9e de lecture estim\u00e9e":"1 minute"},"schema":{"@context":"https:\/\/schema.org","@graph":[{"@type":"Article","@id":"https:\/\/www.africa-press.net\/togo\/culture-et-art\/fridolin-ambongo-successeur-potentiel-du-pape-francois#article","isPartOf":{"@id":"https:\/\/www.africa-press.net\/togo\/culture-et-art\/fridolin-ambongo-successeur-potentiel-du-pape-francois"},"author":{"name":"cfeditorfr","@id":"https:\/\/www.africa-press.net\/togo\/#\/schema\/person\/2b1cf3cd81a31e3cd26889ca66d677f1"},"headline":"Fridolin Ambongo, Successeur Potentiel du Pape Fran\u00e7ois","datePublished":"2025-05-07T23:52:01+00:00","dateModified":"2025-05-08T00:25:58+00:00","mainEntityOfPage":{"@id":"https:\/\/www.africa-press.net\/togo\/culture-et-art\/fridolin-ambongo-successeur-potentiel-du-pape-francois"},"wordCount":190,"commentCount":0,"image":{"@id":"https:\/\/www.africa-press.net\/togo\/culture-et-art\/fridolin-ambongo-successeur-potentiel-du-pape-francois#primaryimage"},"thumbnailUrl":"https:\/\/static.africa-press.net\/togo\/sites\/58\/2025\/05\/sm_1746650874.597609.jpg","keywords":["Togo"],"articleSection":["Culture et Art","Toutes les actualit\u00e9s"],"inLanguage":"fr-FR","potentialAction":[{"@type":"CommentAction","name":"Comment","target":["https:\/\/www.africa-press.net\/togo\/culture-et-art\/fridolin-ambongo-successeur-potentiel-du-pape-francois#respond"]}]},{"@type":"WebPage","@id":"https:\/\/www.africa-press.net\/togo\/culture-et-art\/fridolin-ambongo-successeur-potentiel-du-pape-francois","url":"https:\/\/www.africa-press.net\/togo\/culture-et-art\/fridolin-ambongo-successeur-potentiel-du-pape-francois","name":"Fridolin Ambongo, Successeur Potentiel du Pape Fran\u00e7ois - Togo","isPartOf":{"@id":"https:\/\/www.africa-press.net\/togo\/#website"},"primaryImageOfPage":{"@id":"https:\/\/www.africa-press.net\/togo\/culture-et-art\/fridolin-ambongo-successeur-potentiel-du-pape-francois#primaryimage"},"image":{"@id":"https:\/\/www.africa-press.net\/togo\/culture-et-art\/fridolin-ambongo-successeur-potentiel-du-pape-francois#primaryimage"},"thumbnailUrl":"https:\/\/static.africa-press.net\/togo\/sites\/58\/2025\/05\/sm_1746650874.597609.jpg","datePublished":"2025-05-07T23:52:01+00:00","dateModified":"2025-05-08T00:25:58+00:00","author":{"@id":"https:\/\/www.africa-press.net\/togo\/#\/schema\/person\/2b1cf3cd81a31e3cd26889ca66d677f1"},"description":"Cinq cardinaux africains dont le congolais Fridolin Ambongo figurent parmi les personnalite\u0301s cle\u0301s du conclave qui s ...","breadcrumb":{"@id":"https:\/\/www.africa-press.net\/togo\/culture-et-art\/fridolin-ambongo-successeur-potentiel-du-pape-francois#breadcrumb"},"inLanguage":"fr-FR","potentialAction":[{"@type":"ReadAction","target":["https:\/\/www.africa-press.net\/togo\/culture-et-art\/fridolin-ambongo-successeur-potentiel-du-pape-francois"]}]},{"@type":"ImageObject","inLanguage":"fr-FR","@id":"https:\/\/www.africa-press.net\/togo\/culture-et-art\/fridolin-ambongo-successeur-potentiel-du-pape-francois#primaryimage","url":"https:\/\/static.africa-press.net\/togo\/sites\/58\/2025\/05\/sm_1746650874.597609.jpg","contentUrl":"https:\/\/static.africa-press.net\/togo\/sites\/58\/2025\/05\/sm_1746650874.597609.jpg","width":720,"height":481,"caption":"Fridolin Ambongo, Successeur Potentiel du Pape Fran\u00e7ois"},{"@type":"BreadcrumbList","@id":"https:\/\/www.africa-press.net\/togo\/culture-et-art\/fridolin-ambongo-successeur-potentiel-du-pape-francois#breadcrumb","itemListElement":[{"@type":"ListItem","position":1,"name":"Accueil","item":"https:\/\/www.africa-press.net\/togo\/"},{"@type":"ListItem","position":2,"name":"Fridolin Ambongo, Successeur Potentiel du Pape Fran\u00e7ois"}]},{"@type":"WebSite","@id":"https:\/\/www.africa-press.net\/togo\/#website","url":"https:\/\/www.africa-press.net\/togo\/","name":"Togo","description":"Just another Africa News Agency Sites site","potentialAction":[{"@type":"SearchAction","target":{"@type":"EntryPoint","urlTemplate":"https:\/\/www.africa-press.net\/togo\/?s={search_term_string}"},"query-input":{"@type":"PropertyValueSpecification","valueRequired":true,"valueName":"search_term_string"}}],"inLanguage":"fr-FR"},{"@type":"Person","@id":"https:\/\/www.africa-press.net\/togo\/#\/schema\/person\/2b1cf3cd81a31e3cd26889ca66d677f1","name":"cfeditorfr"}]}},"_links":{"self":[{"href":"https:\/\/www.africa-press.net\/togo\/wp-json\/wp\/v2\/posts\/39866","targetHints":{"allow":["GET"]}}],"collection":[{"href":"https:\/\/www.africa-press.net\/togo\/wp-json\/wp\/v2\/posts"}],"about":[{"href":"https:\/\/www.africa-press.net\/togo\/wp-json\/wp\/v2\/types\/post"}],"author":[{"embeddable":true,"href":"https:\/\/www.africa-press.net\/togo\/wp-json\/wp\/v2\/users\/82"}],"replies":[{"embeddable":true,"href":"https:\/\/www.africa-press.net\/togo\/wp-json\/wp\/v2\/comments?post=39866"}],"version-history":[{"count":0,"href":"https:\/\/www.africa-press.net\/togo\/wp-json\/wp\/v2\/posts\/39866\/revisions"}],"wp:featuredmedia":[{"embeddable":true,"href":"https:\/\/www.africa-press.net\/togo\/wp-json\/wp\/v2\/media\/39865"}],"wp:attachment":[{"href":"https:\/\/www.africa-press.net\/togo\/wp-json\/wp\/v2\/media?parent=39866"}],"wp:term":[{"taxonomy":"category","embeddable":true,"href":"https:\/\/www.africa-press.net\/togo\/wp-json\/wp\/v2\/categories?post=39866"},{"taxonomy":"post_tag","embeddable":true,"href":"https:\/\/www.africa-press.net\/togo\/wp-json\/wp\/v2\/tags?post=39866"}],"curies":[{"name":"wp","href":"https:\/\/api.w.org\/{rel}","templated":true}]}}