{"id":40274,"date":"2025-05-21T22:35:40","date_gmt":"2025-05-21T22:35:40","guid":{"rendered":"https:\/\/www.africa-press.net\/togo\/politique\/operation-de-surveillance-renforcee-de-larmee-au-togo"},"modified":"2025-05-21T22:59:56","modified_gmt":"2025-05-21T22:59:56","slug":"operation-de-surveillance-renforcee-de-larmee-au-togo","status":"publish","type":"post","link":"https:\/\/www.africa-press.net\/togo\/politique\/operation-de-surveillance-renforcee-de-larmee-au-togo","title":{"rendered":"Op\u00e9ration de Surveillance Renforc\u00e9e de l&rsquo;Arm\u00e9e au Togo"},"content":{"rendered":"<p><span style=\"color: #ff6600\"><strong>Africa-Press &#8211; Togo. <\/strong><\/span>Face a\u0300 la monte\u0301e du nombre de militaires ayant de\u0301serte\u0301, e\u0301te\u0301 re\u0301forme\u0301s ou radie\u0301s des rangs par de\u0301cision de justice, l\u2019arme\u0301e togolaise prend des mesures fermes. Dans une note de service signe\u0301e par le Chef d\u2019e\u0301tat-major ge\u0301ne\u0301ral des Forces arme\u0301es togolaises (FAT), le Ge\u0301ne\u0301ral de Brigade ALLAHARE Dimini, un nouveau dispositif de suivi rigoureux vient d\u2019e\u0302tre instaure\u0301 afin de pre\u0301venir les risques se\u0301curitaires que pourraient repre\u0301senter ces anciens soldats.<\/p>\n<p>\u00ab Forme\u0301s au maniement des armes et souvent prive\u0301s de ressources stables, ces anciens militaires pourraient repre\u0301senter une menace pour la se\u0301curite\u0301 publique \u00bb, alerte la hie\u0301rarchie militaire dans le document. L\u2019objectif affiche\u0301 est clair: e\u0301viter que ces profils, juge\u0301s \u00ab volatiles \u00bb, ne soient implique\u0301s dans des actes criminels ou d\u2019extre\u0301misme violent.<\/p>\n<p>La Division des ressources humaines de l\u2019e\u0301tat-major ge\u0301ne\u0301ral des FAT est de\u0301sormais charge\u0301e de centraliser et d\u2019actualiser les bases de donne\u0301es relatives a\u0300 ces anciens militaires. Ces fichiers seront re\u0301gulie\u0300rement transmis aux services concerne\u0301s: gendarmerie nationale, Agence nationale de renseignement (ANR), Direction du renseignement militaire (DRM) et justice militaire.<\/p>\n<p>Les trois entite\u0301s se\u0301curitaires auront notamment pour mission de rechercher activement les de\u0301serteurs non re\u0301forme\u0301s afin de les remettre a\u0300 la justice militaire. Paralle\u0300lement, pour les militaires re\u0301forme\u0301s ou destitue\u0301s, un suivi biome\u0301trique sera instaure\u0301 et leurs activite\u0301s seront scrute\u0301es de pre\u0300s.<\/p>\n<p>Les chefs de corps sont tenus de constituer un fichier des de\u0301serteurs et de participer activement a\u0300 leur localisation. En cas d\u2019arrestation, un rapport disciplinaire devra e\u0302tre transmis a\u0300 la hie\u0301rarchie militaire. Ils devront e\u0301galement empe\u0302cher tout ancien militaire re\u0301forme\u0301 ou radie\u0301 d\u2019acce\u0301der aux enceintes militaires et surveiller leurs de\u0301placements sur le territoire.<\/p>\n<p>La note de service invite aussi chaque militaire a\u0300 faire preuve de vigilance. Tout soldat ayant connaissance de la pre\u0301sence d\u2019un de\u0301serteur ou de comportements suspects chez un ancien camarade est prie\u0301 de le signaler sans de\u0301lai. \u00ab Cette vigilance collective constitue une barrie\u0300re essentielle contre la criminalite\u0301 et l\u2019extre\u0301misme violent \u00bb, insiste le document.<\/p>\n<p>Alors que les de\u0301fis se\u0301curitaires s\u2019intensifient dans la sous-re\u0301gion, cette initiative traduit la volonte\u0301 des FAT de renforcer leur discipline interne tout en garantissant la stabilite\u0301 nationale. Le respect strict des nouvelles directives est exige\u0301 de tous les e\u0301chelons de commandement, des chefs d\u2019e\u0301tat-major aux responsables de services.<\/p>\n<p><strong>Pour plus d&rsquo;informations et d&rsquo;analyses sur la <span style=\"color: #ff6600\">Togo<\/span>, suivez <span style=\"color: #ff6600\">Africa-Press<\/span><\/strong><\/p>\n","protected":false},"excerpt":{"rendered":"<p>Africa-Press &#8211; Togo. Face a\u0300 la monte\u0301e du nombre de militaires ayant de\u0301serte\u0301, e\u0301te\u0301 re\u0301forme\u0301s ou radie\u0301s des rangs par de\u0301cision de justice, l\u2019arme\u0301e togolaise prend des mesures fermes. Dans une note de service signe\u0301e par le Chef d\u2019e\u0301tat-major ge\u0301ne\u0301ral des Forces arme\u0301es togolaises (FAT), le Ge\u0301ne\u0301ral de Brigade ALLAHARE Dimini, un nouveau dispositif de [&hellip;]<\/p>\n","protected":false},"author":82,"featured_media":40273,"comment_status":"open","ping_status":"closed","sticky":false,"template":"","format":"standard","meta":{"footnotes":""},"categories":[2,10],"tags":[506,50],"class_list":["post-40274","post","type-post","status-publish","format-standard","has-post-thumbnail","hentry","category-politique","category-toutes-les-actualites","tag-armee-togolaise","tag-togo"],"yoast_head":"<!-- This site is optimized with the Yoast SEO Premium plugin v26.1 (Yoast SEO v27.0) - https:\/\/yoast.com\/product\/yoast-seo-premium-wordpress\/ -->\n<title>Op\u00e9ration de Surveillance Renforc\u00e9e de l&#039;Arm\u00e9e au Togo - Togo<\/title>\n<meta name=\"description\" content=\"Face a\u0300 la monte\u0301e du nombre de militaires ayant de\u0301serte\u0301, e\u0301te\u0301 re\u0301forme\u0301s ou radie\u0301s des rangs par de\u0301cision de justi ...\" \/>\n<meta name=\"robots\" content=\"index, follow, max-snippet:-1, max-image-preview:large, max-video-preview:-1\" \/>\n<link rel=\"canonical\" href=\"https:\/\/www.africa-press.net\/togo\/politique\/operation-de-surveillance-renforcee-de-larmee-au-togo\" \/>\n<meta property=\"og:locale\" content=\"fr_FR\" \/>\n<meta property=\"og:type\" content=\"article\" \/>\n<meta property=\"og:title\" content=\"Op\u00e9ration de Surveillance Renforc\u00e9e de l&#039;Arm\u00e9e au Togo\" \/>\n<meta property=\"og:description\" content=\"Face a\u0300 la monte\u0301e du nombre de militaires ayant de\u0301serte\u0301, e\u0301te\u0301 re\u0301forme\u0301s ou radie\u0301s des rangs par de\u0301cision de justi ...\" \/>\n<meta property=\"og:url\" content=\"https:\/\/www.africa-press.net\/togo\/politique\/operation-de-surveillance-renforcee-de-larmee-au-togo\" \/>\n<meta property=\"og:site_name\" content=\"Togo\" \/>\n<meta property=\"article:published_time\" content=\"2025-05-21T22:35:40+00:00\" \/>\n<meta property=\"article:modified_time\" content=\"2025-05-21T22:59:56+00:00\" \/>\n<meta property=\"og:image\" content=\"https:\/\/static.africa-press.net\/togo\/sites\/58\/2025\/05\/sm_1747855615.145299.jpg\" \/>\n\t<meta property=\"og:image:width\" content=\"720\" \/>\n\t<meta property=\"og:image:height\" content=\"479\" \/>\n\t<meta property=\"og:image:type\" content=\"image\/jpeg\" \/>\n<meta name=\"author\" content=\"cfeditorfr\" \/>\n<meta name=\"twitter:card\" content=\"summary_large_image\" \/>\n<meta name=\"twitter:label1\" content=\"\u00c9crit par\" \/>\n\t<meta name=\"twitter:data1\" content=\"cfeditorfr\" \/>\n\t<meta name=\"twitter:label2\" content=\"Dur\u00e9e de lecture estim\u00e9e\" \/>\n\t<meta name=\"twitter:data2\" content=\"2 minutes\" \/>\n<script type=\"application\/ld+json\" class=\"yoast-schema-graph\">{\"@context\":\"https:\/\/schema.org\",\"@graph\":[{\"@type\":\"Article\",\"@id\":\"https:\/\/www.africa-press.net\/togo\/politique\/operation-de-surveillance-renforcee-de-larmee-au-togo#article\",\"isPartOf\":{\"@id\":\"https:\/\/www.africa-press.net\/togo\/politique\/operation-de-surveillance-renforcee-de-larmee-au-togo\"},\"author\":{\"name\":\"cfeditorfr\",\"@id\":\"https:\/\/www.africa-press.net\/togo\/#\/schema\/person\/2b1cf3cd81a31e3cd26889ca66d677f1\"},\"headline\":\"Op\u00e9ration de Surveillance Renforc\u00e9e de l&rsquo;Arm\u00e9e au Togo\",\"datePublished\":\"2025-05-21T22:35:40+00:00\",\"dateModified\":\"2025-05-21T22:59:56+00:00\",\"mainEntityOfPage\":{\"@id\":\"https:\/\/www.africa-press.net\/togo\/politique\/operation-de-surveillance-renforcee-de-larmee-au-togo\"},\"wordCount\":471,\"commentCount\":0,\"image\":{\"@id\":\"https:\/\/www.africa-press.net\/togo\/politique\/operation-de-surveillance-renforcee-de-larmee-au-togo#primaryimage\"},\"thumbnailUrl\":\"https:\/\/static.africa-press.net\/togo\/sites\/58\/2025\/05\/sm_1747855615.145299.jpg\",\"keywords\":[\"Arm\u00e9e togolaise\",\"Togo\"],\"articleSection\":[\"Politique\",\"Toutes les actualit\u00e9s\"],\"inLanguage\":\"fr-FR\",\"potentialAction\":[{\"@type\":\"CommentAction\",\"name\":\"Comment\",\"target\":[\"https:\/\/www.africa-press.net\/togo\/politique\/operation-de-surveillance-renforcee-de-larmee-au-togo#respond\"]}]},{\"@type\":\"WebPage\",\"@id\":\"https:\/\/www.africa-press.net\/togo\/politique\/operation-de-surveillance-renforcee-de-larmee-au-togo\",\"url\":\"https:\/\/www.africa-press.net\/togo\/politique\/operation-de-surveillance-renforcee-de-larmee-au-togo\",\"name\":\"Op\u00e9ration de Surveillance Renforc\u00e9e de l'Arm\u00e9e au Togo - Togo\",\"isPartOf\":{\"@id\":\"https:\/\/www.africa-press.net\/togo\/#website\"},\"primaryImageOfPage\":{\"@id\":\"https:\/\/www.africa-press.net\/togo\/politique\/operation-de-surveillance-renforcee-de-larmee-au-togo#primaryimage\"},\"image\":{\"@id\":\"https:\/\/www.africa-press.net\/togo\/politique\/operation-de-surveillance-renforcee-de-larmee-au-togo#primaryimage\"},\"thumbnailUrl\":\"https:\/\/static.africa-press.net\/togo\/sites\/58\/2025\/05\/sm_1747855615.145299.jpg\",\"datePublished\":\"2025-05-21T22:35:40+00:00\",\"dateModified\":\"2025-05-21T22:59:56+00:00\",\"author\":{\"@id\":\"https:\/\/www.africa-press.net\/togo\/#\/schema\/person\/2b1cf3cd81a31e3cd26889ca66d677f1\"},\"description\":\"Face a\u0300 la monte\u0301e du nombre de militaires ayant de\u0301serte\u0301, e\u0301te\u0301 re\u0301forme\u0301s ou radie\u0301s des rangs par de\u0301cision de justi ...\",\"breadcrumb\":{\"@id\":\"https:\/\/www.africa-press.net\/togo\/politique\/operation-de-surveillance-renforcee-de-larmee-au-togo#breadcrumb\"},\"inLanguage\":\"fr-FR\",\"potentialAction\":[{\"@type\":\"ReadAction\",\"target\":[\"https:\/\/www.africa-press.net\/togo\/politique\/operation-de-surveillance-renforcee-de-larmee-au-togo\"]}]},{\"@type\":\"ImageObject\",\"inLanguage\":\"fr-FR\",\"@id\":\"https:\/\/www.africa-press.net\/togo\/politique\/operation-de-surveillance-renforcee-de-larmee-au-togo#primaryimage\",\"url\":\"https:\/\/static.africa-press.net\/togo\/sites\/58\/2025\/05\/sm_1747855615.145299.jpg\",\"contentUrl\":\"https:\/\/static.africa-press.net\/togo\/sites\/58\/2025\/05\/sm_1747855615.145299.jpg\",\"width\":720,\"height\":479,\"caption\":\"Op\u00e9ration de Surveillance Renforc\u00e9e de l'Arm\u00e9e au Togo\"},{\"@type\":\"BreadcrumbList\",\"@id\":\"https:\/\/www.africa-press.net\/togo\/politique\/operation-de-surveillance-renforcee-de-larmee-au-togo#breadcrumb\",\"itemListElement\":[{\"@type\":\"ListItem\",\"position\":1,\"name\":\"Accueil\",\"item\":\"https:\/\/www.africa-press.net\/togo\/\"},{\"@type\":\"ListItem\",\"position\":2,\"name\":\"Op\u00e9ration de Surveillance Renforc\u00e9e de l&rsquo;Arm\u00e9e au Togo\"}]},{\"@type\":\"WebSite\",\"@id\":\"https:\/\/www.africa-press.net\/togo\/#website\",\"url\":\"https:\/\/www.africa-press.net\/togo\/\",\"name\":\"Togo\",\"description\":\"Just another Africa News Agency Sites site\",\"potentialAction\":[{\"@type\":\"SearchAction\",\"target\":{\"@type\":\"EntryPoint\",\"urlTemplate\":\"https:\/\/www.africa-press.net\/togo\/?s={search_term_string}\"},\"query-input\":{\"@type\":\"PropertyValueSpecification\",\"valueRequired\":true,\"valueName\":\"search_term_string\"}}],\"inLanguage\":\"fr-FR\"},{\"@type\":\"Person\",\"@id\":\"https:\/\/www.africa-press.net\/togo\/#\/schema\/person\/2b1cf3cd81a31e3cd26889ca66d677f1\",\"name\":\"cfeditorfr\"}]}<\/script>\n<!-- \/ Yoast SEO Premium plugin. -->","yoast_head_json":{"title":"Op\u00e9ration de Surveillance Renforc\u00e9e de l'Arm\u00e9e au Togo - Togo","description":"Face a\u0300 la monte\u0301e du nombre de militaires ayant de\u0301serte\u0301, e\u0301te\u0301 re\u0301forme\u0301s ou radie\u0301s des rangs par de\u0301cision de justi ...","robots":{"index":"index","follow":"follow","max-snippet":"max-snippet:-1","max-image-preview":"max-image-preview:large","max-video-preview":"max-video-preview:-1"},"canonical":"https:\/\/www.africa-press.net\/togo\/politique\/operation-de-surveillance-renforcee-de-larmee-au-togo","og_locale":"fr_FR","og_type":"article","og_title":"Op\u00e9ration de Surveillance Renforc\u00e9e de l'Arm\u00e9e au Togo","og_description":"Face a\u0300 la monte\u0301e du nombre de militaires ayant de\u0301serte\u0301, e\u0301te\u0301 re\u0301forme\u0301s ou radie\u0301s des rangs par de\u0301cision de justi ...","og_url":"https:\/\/www.africa-press.net\/togo\/politique\/operation-de-surveillance-renforcee-de-larmee-au-togo","og_site_name":"Togo","article_published_time":"2025-05-21T22:35:40+00:00","article_modified_time":"2025-05-21T22:59:56+00:00","og_image":[{"width":720,"height":479,"url":"https:\/\/static.africa-press.net\/togo\/sites\/58\/2025\/05\/sm_1747855615.145299.jpg","type":"image\/jpeg"}],"author":"cfeditorfr","twitter_card":"summary_large_image","twitter_misc":{"\u00c9crit par":"cfeditorfr","Dur\u00e9e de lecture estim\u00e9e":"2 minutes"},"schema":{"@context":"https:\/\/schema.org","@graph":[{"@type":"Article","@id":"https:\/\/www.africa-press.net\/togo\/politique\/operation-de-surveillance-renforcee-de-larmee-au-togo#article","isPartOf":{"@id":"https:\/\/www.africa-press.net\/togo\/politique\/operation-de-surveillance-renforcee-de-larmee-au-togo"},"author":{"name":"cfeditorfr","@id":"https:\/\/www.africa-press.net\/togo\/#\/schema\/person\/2b1cf3cd81a31e3cd26889ca66d677f1"},"headline":"Op\u00e9ration de Surveillance Renforc\u00e9e de l&rsquo;Arm\u00e9e au Togo","datePublished":"2025-05-21T22:35:40+00:00","dateModified":"2025-05-21T22:59:56+00:00","mainEntityOfPage":{"@id":"https:\/\/www.africa-press.net\/togo\/politique\/operation-de-surveillance-renforcee-de-larmee-au-togo"},"wordCount":471,"commentCount":0,"image":{"@id":"https:\/\/www.africa-press.net\/togo\/politique\/operation-de-surveillance-renforcee-de-larmee-au-togo#primaryimage"},"thumbnailUrl":"https:\/\/static.africa-press.net\/togo\/sites\/58\/2025\/05\/sm_1747855615.145299.jpg","keywords":["Arm\u00e9e togolaise","Togo"],"articleSection":["Politique","Toutes les actualit\u00e9s"],"inLanguage":"fr-FR","potentialAction":[{"@type":"CommentAction","name":"Comment","target":["https:\/\/www.africa-press.net\/togo\/politique\/operation-de-surveillance-renforcee-de-larmee-au-togo#respond"]}]},{"@type":"WebPage","@id":"https:\/\/www.africa-press.net\/togo\/politique\/operation-de-surveillance-renforcee-de-larmee-au-togo","url":"https:\/\/www.africa-press.net\/togo\/politique\/operation-de-surveillance-renforcee-de-larmee-au-togo","name":"Op\u00e9ration de Surveillance Renforc\u00e9e de l'Arm\u00e9e au Togo - Togo","isPartOf":{"@id":"https:\/\/www.africa-press.net\/togo\/#website"},"primaryImageOfPage":{"@id":"https:\/\/www.africa-press.net\/togo\/politique\/operation-de-surveillance-renforcee-de-larmee-au-togo#primaryimage"},"image":{"@id":"https:\/\/www.africa-press.net\/togo\/politique\/operation-de-surveillance-renforcee-de-larmee-au-togo#primaryimage"},"thumbnailUrl":"https:\/\/static.africa-press.net\/togo\/sites\/58\/2025\/05\/sm_1747855615.145299.jpg","datePublished":"2025-05-21T22:35:40+00:00","dateModified":"2025-05-21T22:59:56+00:00","author":{"@id":"https:\/\/www.africa-press.net\/togo\/#\/schema\/person\/2b1cf3cd81a31e3cd26889ca66d677f1"},"description":"Face a\u0300 la monte\u0301e du nombre de militaires ayant de\u0301serte\u0301, e\u0301te\u0301 re\u0301forme\u0301s ou radie\u0301s des rangs par de\u0301cision de justi ...","breadcrumb":{"@id":"https:\/\/www.africa-press.net\/togo\/politique\/operation-de-surveillance-renforcee-de-larmee-au-togo#breadcrumb"},"inLanguage":"fr-FR","potentialAction":[{"@type":"ReadAction","target":["https:\/\/www.africa-press.net\/togo\/politique\/operation-de-surveillance-renforcee-de-larmee-au-togo"]}]},{"@type":"ImageObject","inLanguage":"fr-FR","@id":"https:\/\/www.africa-press.net\/togo\/politique\/operation-de-surveillance-renforcee-de-larmee-au-togo#primaryimage","url":"https:\/\/static.africa-press.net\/togo\/sites\/58\/2025\/05\/sm_1747855615.145299.jpg","contentUrl":"https:\/\/static.africa-press.net\/togo\/sites\/58\/2025\/05\/sm_1747855615.145299.jpg","width":720,"height":479,"caption":"Op\u00e9ration de Surveillance Renforc\u00e9e de l'Arm\u00e9e au Togo"},{"@type":"BreadcrumbList","@id":"https:\/\/www.africa-press.net\/togo\/politique\/operation-de-surveillance-renforcee-de-larmee-au-togo#breadcrumb","itemListElement":[{"@type":"ListItem","position":1,"name":"Accueil","item":"https:\/\/www.africa-press.net\/togo\/"},{"@type":"ListItem","position":2,"name":"Op\u00e9ration de Surveillance Renforc\u00e9e de l&rsquo;Arm\u00e9e au Togo"}]},{"@type":"WebSite","@id":"https:\/\/www.africa-press.net\/togo\/#website","url":"https:\/\/www.africa-press.net\/togo\/","name":"Togo","description":"Just another Africa News Agency Sites site","potentialAction":[{"@type":"SearchAction","target":{"@type":"EntryPoint","urlTemplate":"https:\/\/www.africa-press.net\/togo\/?s={search_term_string}"},"query-input":{"@type":"PropertyValueSpecification","valueRequired":true,"valueName":"search_term_string"}}],"inLanguage":"fr-FR"},{"@type":"Person","@id":"https:\/\/www.africa-press.net\/togo\/#\/schema\/person\/2b1cf3cd81a31e3cd26889ca66d677f1","name":"cfeditorfr"}]}},"_links":{"self":[{"href":"https:\/\/www.africa-press.net\/togo\/wp-json\/wp\/v2\/posts\/40274","targetHints":{"allow":["GET"]}}],"collection":[{"href":"https:\/\/www.africa-press.net\/togo\/wp-json\/wp\/v2\/posts"}],"about":[{"href":"https:\/\/www.africa-press.net\/togo\/wp-json\/wp\/v2\/types\/post"}],"author":[{"embeddable":true,"href":"https:\/\/www.africa-press.net\/togo\/wp-json\/wp\/v2\/users\/82"}],"replies":[{"embeddable":true,"href":"https:\/\/www.africa-press.net\/togo\/wp-json\/wp\/v2\/comments?post=40274"}],"version-history":[{"count":0,"href":"https:\/\/www.africa-press.net\/togo\/wp-json\/wp\/v2\/posts\/40274\/revisions"}],"wp:featuredmedia":[{"embeddable":true,"href":"https:\/\/www.africa-press.net\/togo\/wp-json\/wp\/v2\/media\/40273"}],"wp:attachment":[{"href":"https:\/\/www.africa-press.net\/togo\/wp-json\/wp\/v2\/media?parent=40274"}],"wp:term":[{"taxonomy":"category","embeddable":true,"href":"https:\/\/www.africa-press.net\/togo\/wp-json\/wp\/v2\/categories?post=40274"},{"taxonomy":"post_tag","embeddable":true,"href":"https:\/\/www.africa-press.net\/togo\/wp-json\/wp\/v2\/tags?post=40274"}],"curies":[{"name":"wp","href":"https:\/\/api.w.org\/{rel}","templated":true}]}}