{"id":40328,"date":"2025-05-23T18:14:18","date_gmt":"2025-05-23T18:14:18","guid":{"rendered":"https:\/\/www.africa-press.net\/togo\/politique\/derives-autoritaires-dans-les-forces-de-securite-au-togo"},"modified":"2025-05-23T18:36:10","modified_gmt":"2025-05-23T18:36:10","slug":"derives-autoritaires-dans-les-forces-de-securite-au-togo","status":"publish","type":"post","link":"https:\/\/www.africa-press.net\/togo\/politique\/derives-autoritaires-dans-les-forces-de-securite-au-togo","title":{"rendered":"D\u00e9rives Autoritaires Dans Les Forces De S\u00e9curit\u00e9 Au Togo"},"content":{"rendered":"<p><span style=\"color: #ff6600\"><strong>Africa-Press &#8211; Togo. <\/strong><\/span>Le dernier nume\u0301ro du trihebdomadaire Liberte\u0301 en date du 22 mai 2025, e\u0301voquant le comportement d\u2019un commissaire de police, me pousse a\u0300 m\u2019adresser, avec gravite\u0301 mais dans le respect des institutions, a\u0300 Monsieur le Ministre de la Se\u0301curite\u0301, a\u0300 la haute hie\u0301rarchie militaire ainsi qu\u2019aux autorite\u0301s judiciaires. Mon objectif est de solliciter une prise de conscience et une action vigoureuse en faveur de la protection des plus vulne\u0301rables.<\/p>\n<p>Dans cette parution, il est rapporte\u0301 qu\u2019un commissaire de police aurait propose\u0301 de conduire une de ses connaissances a\u0300 l\u2019ae\u0301roport de Cotonou pour un vol a\u0300 destination de Paris, a\u0300 bord du ve\u0301hicule personnel de cette dernie\u0300re, estime\u0301 a\u0300 2 500 000 F CFA. Avant son de\u0301part, la dame lui aurait demande\u0301, a\u0300 son retour, de de\u0301poser le ve\u0301hicule chez un parent de confiance. Or, elle de\u0301couvre plus tard, avec stupeur, que le commissaire s\u2019est approprie\u0301 le ve\u0301hicule et en fait un usage personnel.<\/p>\n<p>Confronte\u0301 a\u0300 ses demandes insistantes de restitution, celui-ci lui aurait alors de\u0301clare\u0301 avoir vendu le ve\u0301hicule, affirmant vouloir lui en acheter un autre, de qualite\u0301 supe\u0301rieure, d\u2019une valeur de 4 000 000 F CFA. Il lui demande, pour ce faire, un comple\u0301ment de 1 500 000 F CFA. Mue par la confiance, la dame s\u2019exe\u0301cute. Mais depuis ce versement effectue\u0301 en 2019, non seulement aucun nouveau ve\u0301hicule ne lui a e\u0301te\u0301 remis, mais le commissaire continue d\u2019utiliser l\u2019ancien, comme si de rien n\u2019e\u0301tait.<\/p>\n<p>Interroge\u0301 par le journal, l\u2019inte\u0301resse\u0301 ne nie pas les faits, se contentant de renouveler des promesses sans lendemain. Et pourtant, il aurait pris un engagement e\u0301crit, date\u0301 du 28 fe\u0301vrier 2019, dans lequel il s\u2019engageait a\u0300 restituer les fonds dans un de\u0301lai d\u2019un mois. Ce comportement suscite une profonde indignation, d\u2019autant plus qu\u2019une plainte aurait e\u0301te\u0301 de\u0301pose\u0301e aupre\u0300s du procureur depuis mars 2020, sans qu\u2019aucune suite judiciaire ne soit donne\u0301e a\u0300 ce jour. Une telle inertie interroge: pourquoi la justice ne se saisit-elle pas avec rigueur d\u2019un dossier aussi clair, mettant en cause un de\u0301positaire de l\u2019autorite\u0301 publique, cense\u0301 garantir le respect de la loi?<\/p>\n<p>Ce cas, aussi choquant soit-il, n\u2019est malheureusement pas isole\u0301. En mai 2024, nous avions de\u0301ja\u0300 alerte\u0301 le ministre de la Se\u0301curite\u0301 au sujet d\u2019une bavure policie\u0300re commise sur un cordonnier. Bien que ce cas ait connu une re\u0301solution rapide, nous continuons de recevoir des signalements pre\u0301occupants de de\u0301rives policie\u0300res, notamment dans plusieurs villages recule\u0301s. Nous redirigeons syste\u0301matiquement les victimes vers le nume\u0301ro vert.<\/p>\n<p>Plus re\u0301cemment encore, une brigade de gendarmerie dans un village a e\u0301te\u0301 accuse\u0301e d\u2019actes de torture. Ce dossier, porte\u0301 a\u0300 la connaissance des autorite\u0301s locales et du ministe\u0300re, attend toujours des re\u0301ponses concre\u0300tes. A\u0300 cela s\u2019ajoute un incident survenu ce mois-ci, devant nous: un agent de police, en e\u0301tat d\u2019ivresse manifeste, a cause\u0301 un accident grave en percutant un motocycliste. L\u2019agent a refuse\u0301 d\u2019accompagner la victime a\u0300 l\u2019ho\u0302pital, obligeant les te\u0301moins, dont moi-me\u0302me, a\u0300 alerter le directeur de l\u2019ho\u0302pital pour une prise en charge d\u2019urgence. Deux jours plus tard, l\u2019agent en cause n\u2019avait toujours assume\u0301 aucune responsabilite\u0301, nous contraignant a\u0300 solliciter l\u2019intervention de son supe\u0301rieur hie\u0301rarchique.<\/p>\n<p>Au cours de cette me\u0302me semaine, nous avons assiste\u0301 a\u0300 une sce\u0300ne ou\u0300 un camion militaire a violemment enfreint les feux tricolores au carrefour de Lama, mettant en danger de nombreux usagers. Malgre\u0301 l\u2019e\u0301vidence, les agents de police poste\u0301s sur les lieux ont garde\u0301 une indiffe\u0301rence troublante, sans doute en raison du statut militaire du ve\u0301hicule.<\/p>\n<p>Ces faits, pris isole\u0301ment ou ensemble, constituent autant d\u2019abus d\u2019autorite\u0301 qui sapent la confiance des citoyens envers les forces cense\u0301es les prote\u0301ger. Nous les soulevons non pas pour stigmatiser, mais pour appeler solennellement a\u0300 une prise de responsabilite\u0301 collective.<\/p>\n<p>Nous lanc\u0327ons donc cet appel non dans un esprit de re\u0301volte, mais comme un cri d\u2019alarme citoyen, anime\u0301 par l\u2019espoir d\u2019un redressement. Il est impe\u0301ratif d\u2019intensifier la sensibilisation des agents en uniforme, de renforcer les me\u0301canismes de contro\u0302le interne, et de garantir que nul ne soit au-dessus des lois.<\/p>\n<p>La justice, quant a\u0300 elle, doit se montrer ferme et impartiale. Il est de la responsabilite\u0301 des magistrats de rendre justice non en fonction de la la tenue que porte le mis en cause, mais au nom du peuple, et en faveur des plus faibles. C\u2019est la\u0300 le fondement me\u0302me de l\u2019E\u0301tat de droit.<\/p>\n<p>Ricardo Agouzou<\/p>\n<p><strong>Pour plus d&rsquo;informations et d&rsquo;analyses sur la <span style=\"color: #ff6600\">Togo<\/span>, suivez <span style=\"color: #ff6600\">Africa-Press<\/span><\/strong><\/p>\n","protected":false},"excerpt":{"rendered":"<p>Africa-Press &#8211; Togo. Le dernier nume\u0301ro du trihebdomadaire Liberte\u0301 en date du 22 mai 2025, e\u0301voquant le comportement d\u2019un commissaire de police, me pousse a\u0300 m\u2019adresser, avec gravite\u0301 mais dans le respect des institutions, a\u0300 Monsieur le Ministre de la Se\u0301curite\u0301, a\u0300 la haute hie\u0301rarchie militaire ainsi qu\u2019aux autorite\u0301s judiciaires. Mon objectif est de solliciter [&hellip;]<\/p>\n","protected":false},"author":82,"featured_media":40327,"comment_status":"open","ping_status":"closed","sticky":false,"template":"","format":"standard","meta":{"footnotes":""},"categories":[2,10],"tags":[506,50],"class_list":["post-40328","post","type-post","status-publish","format-standard","has-post-thumbnail","hentry","category-politique","category-toutes-les-actualites","tag-armee-togolaise","tag-togo"],"yoast_head":"<!-- This site is optimized with the Yoast SEO Premium plugin v26.1 (Yoast SEO v27.0) - https:\/\/yoast.com\/product\/yoast-seo-premium-wordpress\/ -->\n<title>D\u00e9rives Autoritaires Dans Les Forces De S\u00e9curit\u00e9 Au Togo - Togo<\/title>\n<meta name=\"description\" content=\"Le dernier nume\u0301ro du trihebdomadaire Liberte\u0301 en date du 22 mai 2025, e\u0301voquant le comportement d\u2019un commissaire de pol ...\" \/>\n<meta name=\"robots\" content=\"index, follow, max-snippet:-1, max-image-preview:large, max-video-preview:-1\" \/>\n<link rel=\"canonical\" href=\"https:\/\/www.africa-press.net\/togo\/politique\/derives-autoritaires-dans-les-forces-de-securite-au-togo\" \/>\n<meta property=\"og:locale\" content=\"fr_FR\" \/>\n<meta property=\"og:type\" content=\"article\" \/>\n<meta property=\"og:title\" content=\"D\u00e9rives Autoritaires Dans Les Forces De S\u00e9curit\u00e9 Au Togo\" \/>\n<meta property=\"og:description\" content=\"Le dernier nume\u0301ro du trihebdomadaire Liberte\u0301 en date du 22 mai 2025, e\u0301voquant le comportement d\u2019un commissaire de pol ...\" \/>\n<meta property=\"og:url\" content=\"https:\/\/www.africa-press.net\/togo\/politique\/derives-autoritaires-dans-les-forces-de-securite-au-togo\" \/>\n<meta property=\"og:site_name\" content=\"Togo\" \/>\n<meta property=\"article:published_time\" content=\"2025-05-23T18:14:18+00:00\" \/>\n<meta property=\"article:modified_time\" content=\"2025-05-23T18:36:10+00:00\" \/>\n<meta property=\"og:image\" content=\"https:\/\/static.africa-press.net\/togo\/sites\/58\/2025\/05\/sm_1748012558.170523.jpg\" \/>\n\t<meta property=\"og:image:width\" content=\"720\" \/>\n\t<meta property=\"og:image:height\" content=\"480\" \/>\n\t<meta property=\"og:image:type\" content=\"image\/jpeg\" \/>\n<meta name=\"author\" content=\"cfeditorfr\" \/>\n<meta name=\"twitter:card\" content=\"summary_large_image\" \/>\n<meta name=\"twitter:label1\" content=\"\u00c9crit par\" \/>\n\t<meta name=\"twitter:data1\" content=\"cfeditorfr\" \/>\n\t<meta name=\"twitter:label2\" content=\"Dur\u00e9e de lecture estim\u00e9e\" \/>\n\t<meta name=\"twitter:data2\" content=\"4 minutes\" \/>\n<script type=\"application\/ld+json\" class=\"yoast-schema-graph\">{\"@context\":\"https:\/\/schema.org\",\"@graph\":[{\"@type\":\"Article\",\"@id\":\"https:\/\/www.africa-press.net\/togo\/politique\/derives-autoritaires-dans-les-forces-de-securite-au-togo#article\",\"isPartOf\":{\"@id\":\"https:\/\/www.africa-press.net\/togo\/politique\/derives-autoritaires-dans-les-forces-de-securite-au-togo\"},\"author\":{\"name\":\"cfeditorfr\",\"@id\":\"https:\/\/www.africa-press.net\/togo\/#\/schema\/person\/2b1cf3cd81a31e3cd26889ca66d677f1\"},\"headline\":\"D\u00e9rives Autoritaires Dans Les Forces De S\u00e9curit\u00e9 Au Togo\",\"datePublished\":\"2025-05-23T18:14:18+00:00\",\"dateModified\":\"2025-05-23T18:36:10+00:00\",\"mainEntityOfPage\":{\"@id\":\"https:\/\/www.africa-press.net\/togo\/politique\/derives-autoritaires-dans-les-forces-de-securite-au-togo\"},\"wordCount\":832,\"commentCount\":0,\"image\":{\"@id\":\"https:\/\/www.africa-press.net\/togo\/politique\/derives-autoritaires-dans-les-forces-de-securite-au-togo#primaryimage\"},\"thumbnailUrl\":\"https:\/\/static.africa-press.net\/togo\/sites\/58\/2025\/05\/sm_1748012558.170523.jpg\",\"keywords\":[\"Arm\u00e9e togolaise\",\"Togo\"],\"articleSection\":[\"Politique\",\"Toutes les actualit\u00e9s\"],\"inLanguage\":\"fr-FR\",\"potentialAction\":[{\"@type\":\"CommentAction\",\"name\":\"Comment\",\"target\":[\"https:\/\/www.africa-press.net\/togo\/politique\/derives-autoritaires-dans-les-forces-de-securite-au-togo#respond\"]}]},{\"@type\":\"WebPage\",\"@id\":\"https:\/\/www.africa-press.net\/togo\/politique\/derives-autoritaires-dans-les-forces-de-securite-au-togo\",\"url\":\"https:\/\/www.africa-press.net\/togo\/politique\/derives-autoritaires-dans-les-forces-de-securite-au-togo\",\"name\":\"D\u00e9rives Autoritaires Dans Les Forces De S\u00e9curit\u00e9 Au Togo - Togo\",\"isPartOf\":{\"@id\":\"https:\/\/www.africa-press.net\/togo\/#website\"},\"primaryImageOfPage\":{\"@id\":\"https:\/\/www.africa-press.net\/togo\/politique\/derives-autoritaires-dans-les-forces-de-securite-au-togo#primaryimage\"},\"image\":{\"@id\":\"https:\/\/www.africa-press.net\/togo\/politique\/derives-autoritaires-dans-les-forces-de-securite-au-togo#primaryimage\"},\"thumbnailUrl\":\"https:\/\/static.africa-press.net\/togo\/sites\/58\/2025\/05\/sm_1748012558.170523.jpg\",\"datePublished\":\"2025-05-23T18:14:18+00:00\",\"dateModified\":\"2025-05-23T18:36:10+00:00\",\"author\":{\"@id\":\"https:\/\/www.africa-press.net\/togo\/#\/schema\/person\/2b1cf3cd81a31e3cd26889ca66d677f1\"},\"description\":\"Le dernier nume\u0301ro du trihebdomadaire Liberte\u0301 en date du 22 mai 2025, e\u0301voquant le comportement d\u2019un commissaire de pol ...\",\"breadcrumb\":{\"@id\":\"https:\/\/www.africa-press.net\/togo\/politique\/derives-autoritaires-dans-les-forces-de-securite-au-togo#breadcrumb\"},\"inLanguage\":\"fr-FR\",\"potentialAction\":[{\"@type\":\"ReadAction\",\"target\":[\"https:\/\/www.africa-press.net\/togo\/politique\/derives-autoritaires-dans-les-forces-de-securite-au-togo\"]}]},{\"@type\":\"ImageObject\",\"inLanguage\":\"fr-FR\",\"@id\":\"https:\/\/www.africa-press.net\/togo\/politique\/derives-autoritaires-dans-les-forces-de-securite-au-togo#primaryimage\",\"url\":\"https:\/\/static.africa-press.net\/togo\/sites\/58\/2025\/05\/sm_1748012558.170523.jpg\",\"contentUrl\":\"https:\/\/static.africa-press.net\/togo\/sites\/58\/2025\/05\/sm_1748012558.170523.jpg\",\"width\":720,\"height\":480,\"caption\":\"D\u00e9rives Autoritaires Dans Les Forces De S\u00e9curit\u00e9 Au Togo\"},{\"@type\":\"BreadcrumbList\",\"@id\":\"https:\/\/www.africa-press.net\/togo\/politique\/derives-autoritaires-dans-les-forces-de-securite-au-togo#breadcrumb\",\"itemListElement\":[{\"@type\":\"ListItem\",\"position\":1,\"name\":\"Accueil\",\"item\":\"https:\/\/www.africa-press.net\/togo\/\"},{\"@type\":\"ListItem\",\"position\":2,\"name\":\"D\u00e9rives Autoritaires Dans Les Forces De S\u00e9curit\u00e9 Au Togo\"}]},{\"@type\":\"WebSite\",\"@id\":\"https:\/\/www.africa-press.net\/togo\/#website\",\"url\":\"https:\/\/www.africa-press.net\/togo\/\",\"name\":\"Togo\",\"description\":\"Just another Africa News Agency Sites site\",\"potentialAction\":[{\"@type\":\"SearchAction\",\"target\":{\"@type\":\"EntryPoint\",\"urlTemplate\":\"https:\/\/www.africa-press.net\/togo\/?s={search_term_string}\"},\"query-input\":{\"@type\":\"PropertyValueSpecification\",\"valueRequired\":true,\"valueName\":\"search_term_string\"}}],\"inLanguage\":\"fr-FR\"},{\"@type\":\"Person\",\"@id\":\"https:\/\/www.africa-press.net\/togo\/#\/schema\/person\/2b1cf3cd81a31e3cd26889ca66d677f1\",\"name\":\"cfeditorfr\"}]}<\/script>\n<!-- \/ Yoast SEO Premium plugin. -->","yoast_head_json":{"title":"D\u00e9rives Autoritaires Dans Les Forces De S\u00e9curit\u00e9 Au Togo - Togo","description":"Le dernier nume\u0301ro du trihebdomadaire Liberte\u0301 en date du 22 mai 2025, e\u0301voquant le comportement d\u2019un commissaire de pol ...","robots":{"index":"index","follow":"follow","max-snippet":"max-snippet:-1","max-image-preview":"max-image-preview:large","max-video-preview":"max-video-preview:-1"},"canonical":"https:\/\/www.africa-press.net\/togo\/politique\/derives-autoritaires-dans-les-forces-de-securite-au-togo","og_locale":"fr_FR","og_type":"article","og_title":"D\u00e9rives Autoritaires Dans Les Forces De S\u00e9curit\u00e9 Au Togo","og_description":"Le dernier nume\u0301ro du trihebdomadaire Liberte\u0301 en date du 22 mai 2025, e\u0301voquant le comportement d\u2019un commissaire de pol ...","og_url":"https:\/\/www.africa-press.net\/togo\/politique\/derives-autoritaires-dans-les-forces-de-securite-au-togo","og_site_name":"Togo","article_published_time":"2025-05-23T18:14:18+00:00","article_modified_time":"2025-05-23T18:36:10+00:00","og_image":[{"width":720,"height":480,"url":"https:\/\/static.africa-press.net\/togo\/sites\/58\/2025\/05\/sm_1748012558.170523.jpg","type":"image\/jpeg"}],"author":"cfeditorfr","twitter_card":"summary_large_image","twitter_misc":{"\u00c9crit par":"cfeditorfr","Dur\u00e9e de lecture estim\u00e9e":"4 minutes"},"schema":{"@context":"https:\/\/schema.org","@graph":[{"@type":"Article","@id":"https:\/\/www.africa-press.net\/togo\/politique\/derives-autoritaires-dans-les-forces-de-securite-au-togo#article","isPartOf":{"@id":"https:\/\/www.africa-press.net\/togo\/politique\/derives-autoritaires-dans-les-forces-de-securite-au-togo"},"author":{"name":"cfeditorfr","@id":"https:\/\/www.africa-press.net\/togo\/#\/schema\/person\/2b1cf3cd81a31e3cd26889ca66d677f1"},"headline":"D\u00e9rives Autoritaires Dans Les Forces De S\u00e9curit\u00e9 Au Togo","datePublished":"2025-05-23T18:14:18+00:00","dateModified":"2025-05-23T18:36:10+00:00","mainEntityOfPage":{"@id":"https:\/\/www.africa-press.net\/togo\/politique\/derives-autoritaires-dans-les-forces-de-securite-au-togo"},"wordCount":832,"commentCount":0,"image":{"@id":"https:\/\/www.africa-press.net\/togo\/politique\/derives-autoritaires-dans-les-forces-de-securite-au-togo#primaryimage"},"thumbnailUrl":"https:\/\/static.africa-press.net\/togo\/sites\/58\/2025\/05\/sm_1748012558.170523.jpg","keywords":["Arm\u00e9e togolaise","Togo"],"articleSection":["Politique","Toutes les actualit\u00e9s"],"inLanguage":"fr-FR","potentialAction":[{"@type":"CommentAction","name":"Comment","target":["https:\/\/www.africa-press.net\/togo\/politique\/derives-autoritaires-dans-les-forces-de-securite-au-togo#respond"]}]},{"@type":"WebPage","@id":"https:\/\/www.africa-press.net\/togo\/politique\/derives-autoritaires-dans-les-forces-de-securite-au-togo","url":"https:\/\/www.africa-press.net\/togo\/politique\/derives-autoritaires-dans-les-forces-de-securite-au-togo","name":"D\u00e9rives Autoritaires Dans Les Forces De S\u00e9curit\u00e9 Au Togo - Togo","isPartOf":{"@id":"https:\/\/www.africa-press.net\/togo\/#website"},"primaryImageOfPage":{"@id":"https:\/\/www.africa-press.net\/togo\/politique\/derives-autoritaires-dans-les-forces-de-securite-au-togo#primaryimage"},"image":{"@id":"https:\/\/www.africa-press.net\/togo\/politique\/derives-autoritaires-dans-les-forces-de-securite-au-togo#primaryimage"},"thumbnailUrl":"https:\/\/static.africa-press.net\/togo\/sites\/58\/2025\/05\/sm_1748012558.170523.jpg","datePublished":"2025-05-23T18:14:18+00:00","dateModified":"2025-05-23T18:36:10+00:00","author":{"@id":"https:\/\/www.africa-press.net\/togo\/#\/schema\/person\/2b1cf3cd81a31e3cd26889ca66d677f1"},"description":"Le dernier nume\u0301ro du trihebdomadaire Liberte\u0301 en date du 22 mai 2025, e\u0301voquant le comportement d\u2019un commissaire de pol ...","breadcrumb":{"@id":"https:\/\/www.africa-press.net\/togo\/politique\/derives-autoritaires-dans-les-forces-de-securite-au-togo#breadcrumb"},"inLanguage":"fr-FR","potentialAction":[{"@type":"ReadAction","target":["https:\/\/www.africa-press.net\/togo\/politique\/derives-autoritaires-dans-les-forces-de-securite-au-togo"]}]},{"@type":"ImageObject","inLanguage":"fr-FR","@id":"https:\/\/www.africa-press.net\/togo\/politique\/derives-autoritaires-dans-les-forces-de-securite-au-togo#primaryimage","url":"https:\/\/static.africa-press.net\/togo\/sites\/58\/2025\/05\/sm_1748012558.170523.jpg","contentUrl":"https:\/\/static.africa-press.net\/togo\/sites\/58\/2025\/05\/sm_1748012558.170523.jpg","width":720,"height":480,"caption":"D\u00e9rives Autoritaires Dans Les Forces De S\u00e9curit\u00e9 Au Togo"},{"@type":"BreadcrumbList","@id":"https:\/\/www.africa-press.net\/togo\/politique\/derives-autoritaires-dans-les-forces-de-securite-au-togo#breadcrumb","itemListElement":[{"@type":"ListItem","position":1,"name":"Accueil","item":"https:\/\/www.africa-press.net\/togo\/"},{"@type":"ListItem","position":2,"name":"D\u00e9rives Autoritaires Dans Les Forces De S\u00e9curit\u00e9 Au Togo"}]},{"@type":"WebSite","@id":"https:\/\/www.africa-press.net\/togo\/#website","url":"https:\/\/www.africa-press.net\/togo\/","name":"Togo","description":"Just another Africa News Agency Sites site","potentialAction":[{"@type":"SearchAction","target":{"@type":"EntryPoint","urlTemplate":"https:\/\/www.africa-press.net\/togo\/?s={search_term_string}"},"query-input":{"@type":"PropertyValueSpecification","valueRequired":true,"valueName":"search_term_string"}}],"inLanguage":"fr-FR"},{"@type":"Person","@id":"https:\/\/www.africa-press.net\/togo\/#\/schema\/person\/2b1cf3cd81a31e3cd26889ca66d677f1","name":"cfeditorfr"}]}},"_links":{"self":[{"href":"https:\/\/www.africa-press.net\/togo\/wp-json\/wp\/v2\/posts\/40328","targetHints":{"allow":["GET"]}}],"collection":[{"href":"https:\/\/www.africa-press.net\/togo\/wp-json\/wp\/v2\/posts"}],"about":[{"href":"https:\/\/www.africa-press.net\/togo\/wp-json\/wp\/v2\/types\/post"}],"author":[{"embeddable":true,"href":"https:\/\/www.africa-press.net\/togo\/wp-json\/wp\/v2\/users\/82"}],"replies":[{"embeddable":true,"href":"https:\/\/www.africa-press.net\/togo\/wp-json\/wp\/v2\/comments?post=40328"}],"version-history":[{"count":0,"href":"https:\/\/www.africa-press.net\/togo\/wp-json\/wp\/v2\/posts\/40328\/revisions"}],"wp:featuredmedia":[{"embeddable":true,"href":"https:\/\/www.africa-press.net\/togo\/wp-json\/wp\/v2\/media\/40327"}],"wp:attachment":[{"href":"https:\/\/www.africa-press.net\/togo\/wp-json\/wp\/v2\/media?parent=40328"}],"wp:term":[{"taxonomy":"category","embeddable":true,"href":"https:\/\/www.africa-press.net\/togo\/wp-json\/wp\/v2\/categories?post=40328"},{"taxonomy":"post_tag","embeddable":true,"href":"https:\/\/www.africa-press.net\/togo\/wp-json\/wp\/v2\/tags?post=40328"}],"curies":[{"name":"wp","href":"https:\/\/api.w.org\/{rel}","templated":true}]}}