{"id":40336,"date":"2025-05-23T18:17:46","date_gmt":"2025-05-23T18:17:46","guid":{"rendered":"https:\/\/www.africa-press.net\/togo\/politique\/sept-cadres-convoques-devant-le-conseil-de-discipline"},"modified":"2025-05-23T18:37:09","modified_gmt":"2025-05-23T18:37:09","slug":"sept-cadres-convoques-devant-le-conseil-de-discipline","status":"publish","type":"post","link":"https:\/\/www.africa-press.net\/togo\/parties\/sept-cadres-convoques-devant-le-conseil-de-discipline","title":{"rendered":"Sept Cadres Convoqu\u00e9s Devant le Conseil de Discipline"},"content":{"rendered":"<p><span style=\"color: #ff6600\"><strong>Africa-Press &#8211; Togo. <\/strong><\/span>Le Nouvel Engagement Togolais (NET) traverse une nouvelle zone de turbulences. Dans une note interne rendue publique ce 22 mai 2025, le pre\u0301sident national du parti, Jules A. Amim, annonce la convocation de huit cadres \u2013 anciens et actuels \u2013 devant le Conseil de discipline du parti. La session est fixe\u0301e au 30 mai a\u0300 18h30 au sie\u0300ge du bureau national.<\/p>\n<p>Selon le document re\u0301fe\u0301rence\u0301 N\u00b0 008\/2025\/BEN\/PR-NET, cette proce\u0301dure disciplinaire fait suite a\u0300 des \u00ab faits porte\u0301s a\u0300 la connaissance des instances dirigeantes \u00bb et mettant en cause le respect des obligations statutaires du parti. Les personnes convoque\u0301es sont soupc\u0327onne\u0301es de manquements graves aux principes fondamentaux du NET.<\/p>\n<p>Parmi les figures cite\u0301es dans la note figurent:<\/p>\n<p>Gontran YAGUIWATA, adjoint au maire d\u2019Agoe\u0300-Nyive\u0301 1<\/p>\n<p>Tanko Ismae\u0308l MAMOUDOU, conseiller municipal du Golfe 3<\/p>\n<p>Se\u0301idou ADOU, ex-secre\u0301taire exe\u0301cutif<\/p>\n<p>Magloire ATTOH-MENSAH, ex-conseiller du bureau national<\/p>\n<p>Rabiou ALASSANI, actuel charge\u0301 de communication<\/p>\n<p>Komlan EFABO, ex-tre\u0301sorier adjoint<\/p>\n<p>Alves NAOTO, ex-secre\u0301taire ge\u0301ne\u0301ral adjoint<\/p>\n<p>Le pre\u0301sident Jules A. Amim pre\u0301cise que cette de\u0301marche s\u2019inscrit dans le respect des statuts et du re\u0300glement inte\u0301rieur du parti. Il invite les concerne\u0301s a\u0300 se pre\u0301senter devant le Conseil de discipline pour \u00ab fournir des explications sur les faits reproche\u0301s \u00bb.<\/p>\n<p>Cette vague de convocations intervient dans un contexte de tensions internes au sein du NET, ou\u0300 les divergences politiques et les luttes de positionnement semblent de plus en plus marque\u0301es. Si les raisons exactes de ces convocations n\u2019ont pas e\u0301te\u0301 de\u0301taille\u0301es, certains observateurs y voient les signes d\u2019un durcissement de la gouvernance interne et d\u2019une volonte\u0301 de resserrer les rangs autour de la direction actuelle.<\/p>\n<p><strong>Pour plus d&rsquo;informations et d&rsquo;analyses sur la <span style=\"color: #ff6600\">Togo<\/span>, suivez <span style=\"color: #ff6600\">Africa-Press<\/span><\/strong><\/p>\n","protected":false},"excerpt":{"rendered":"<p>Africa-Press &#8211; Togo. Le Nouvel Engagement Togolais (NET) traverse une nouvelle zone de turbulences. Dans une note interne rendue publique ce 22 mai 2025, le pre\u0301sident national du parti, Jules A. Amim, annonce la convocation de huit cadres \u2013 anciens et actuels \u2013 devant le Conseil de discipline du parti. La session est fixe\u0301e au [&hellip;]<\/p>\n","protected":false},"author":82,"featured_media":40335,"comment_status":"open","ping_status":"closed","sticky":false,"template":"","format":"standard","meta":{"footnotes":""},"categories":[4,10],"tags":[2909,50],"class_list":["post-40336","post","type-post","status-publish","format-standard","has-post-thumbnail","hentry","category-parties","category-toutes-les-actualites","tag-le-net","tag-togo"],"yoast_head":"<!-- This site is optimized with the Yoast SEO Premium plugin v26.1 (Yoast SEO v27.0) - https:\/\/yoast.com\/product\/yoast-seo-premium-wordpress\/ -->\n<title>Sept Cadres Convoqu\u00e9s Devant le Conseil de Discipline - Togo<\/title>\n<meta name=\"description\" content=\"Le Nouvel Engagement Togolais (NET) traverse une nouvelle zone de turbulences. Dans une note interne rendue publique ce ...\" \/>\n<meta name=\"robots\" content=\"index, follow, max-snippet:-1, max-image-preview:large, max-video-preview:-1\" \/>\n<link rel=\"canonical\" href=\"https:\/\/www.africa-press.net\/togo\/parties\/sept-cadres-convoques-devant-le-conseil-de-discipline\" \/>\n<meta property=\"og:locale\" content=\"fr_FR\" \/>\n<meta property=\"og:type\" content=\"article\" \/>\n<meta property=\"og:title\" content=\"Sept Cadres Convoqu\u00e9s Devant le Conseil de Discipline\" \/>\n<meta property=\"og:description\" content=\"Le Nouvel Engagement Togolais (NET) traverse une nouvelle zone de turbulences. Dans une note interne rendue publique ce ...\" \/>\n<meta property=\"og:url\" content=\"https:\/\/www.africa-press.net\/togo\/parties\/sept-cadres-convoques-devant-le-conseil-de-discipline\" \/>\n<meta property=\"og:site_name\" content=\"Togo\" \/>\n<meta property=\"article:published_time\" content=\"2025-05-23T18:17:46+00:00\" \/>\n<meta property=\"article:modified_time\" content=\"2025-05-23T18:37:09+00:00\" \/>\n<meta property=\"og:image\" content=\"https:\/\/static.africa-press.net\/togo\/sites\/58\/2025\/05\/sm_1748012598.172069.jpg\" \/>\n\t<meta property=\"og:image:width\" content=\"720\" \/>\n\t<meta property=\"og:image:height\" content=\"480\" \/>\n\t<meta property=\"og:image:type\" content=\"image\/jpeg\" \/>\n<meta name=\"author\" content=\"cfeditorfr\" \/>\n<meta name=\"twitter:card\" content=\"summary_large_image\" \/>\n<meta name=\"twitter:label1\" content=\"\u00c9crit par\" \/>\n\t<meta name=\"twitter:data1\" content=\"cfeditorfr\" \/>\n\t<meta name=\"twitter:label2\" content=\"Dur\u00e9e de lecture estim\u00e9e\" \/>\n\t<meta name=\"twitter:data2\" content=\"2 minutes\" \/>\n<script type=\"application\/ld+json\" class=\"yoast-schema-graph\">{\"@context\":\"https:\/\/schema.org\",\"@graph\":[{\"@type\":\"Article\",\"@id\":\"https:\/\/www.africa-press.net\/togo\/parties\/sept-cadres-convoques-devant-le-conseil-de-discipline#article\",\"isPartOf\":{\"@id\":\"https:\/\/www.africa-press.net\/togo\/parties\/sept-cadres-convoques-devant-le-conseil-de-discipline\"},\"author\":{\"name\":\"cfeditorfr\",\"@id\":\"https:\/\/www.africa-press.net\/togo\/#\/schema\/person\/2b1cf3cd81a31e3cd26889ca66d677f1\"},\"headline\":\"Sept Cadres Convoqu\u00e9s Devant le Conseil de Discipline\",\"datePublished\":\"2025-05-23T18:17:46+00:00\",\"dateModified\":\"2025-05-23T18:37:09+00:00\",\"mainEntityOfPage\":{\"@id\":\"https:\/\/www.africa-press.net\/togo\/parties\/sept-cadres-convoques-devant-le-conseil-de-discipline\"},\"wordCount\":315,\"commentCount\":0,\"image\":{\"@id\":\"https:\/\/www.africa-press.net\/togo\/parties\/sept-cadres-convoques-devant-le-conseil-de-discipline#primaryimage\"},\"thumbnailUrl\":\"https:\/\/static.africa-press.net\/togo\/sites\/58\/2025\/05\/sm_1748012598.172069.jpg\",\"keywords\":[\"Le NET\",\"Togo\"],\"articleSection\":[\"Parties\",\"Toutes les actualit\u00e9s\"],\"inLanguage\":\"fr-FR\",\"potentialAction\":[{\"@type\":\"CommentAction\",\"name\":\"Comment\",\"target\":[\"https:\/\/www.africa-press.net\/togo\/parties\/sept-cadres-convoques-devant-le-conseil-de-discipline#respond\"]}]},{\"@type\":\"WebPage\",\"@id\":\"https:\/\/www.africa-press.net\/togo\/parties\/sept-cadres-convoques-devant-le-conseil-de-discipline\",\"url\":\"https:\/\/www.africa-press.net\/togo\/parties\/sept-cadres-convoques-devant-le-conseil-de-discipline\",\"name\":\"Sept Cadres Convoqu\u00e9s Devant le Conseil de Discipline - Togo\",\"isPartOf\":{\"@id\":\"https:\/\/www.africa-press.net\/togo\/#website\"},\"primaryImageOfPage\":{\"@id\":\"https:\/\/www.africa-press.net\/togo\/parties\/sept-cadres-convoques-devant-le-conseil-de-discipline#primaryimage\"},\"image\":{\"@id\":\"https:\/\/www.africa-press.net\/togo\/parties\/sept-cadres-convoques-devant-le-conseil-de-discipline#primaryimage\"},\"thumbnailUrl\":\"https:\/\/static.africa-press.net\/togo\/sites\/58\/2025\/05\/sm_1748012598.172069.jpg\",\"datePublished\":\"2025-05-23T18:17:46+00:00\",\"dateModified\":\"2025-05-23T18:37:09+00:00\",\"author\":{\"@id\":\"https:\/\/www.africa-press.net\/togo\/#\/schema\/person\/2b1cf3cd81a31e3cd26889ca66d677f1\"},\"description\":\"Le Nouvel Engagement Togolais (NET) traverse une nouvelle zone de turbulences. Dans une note interne rendue publique ce ...\",\"breadcrumb\":{\"@id\":\"https:\/\/www.africa-press.net\/togo\/parties\/sept-cadres-convoques-devant-le-conseil-de-discipline#breadcrumb\"},\"inLanguage\":\"fr-FR\",\"potentialAction\":[{\"@type\":\"ReadAction\",\"target\":[\"https:\/\/www.africa-press.net\/togo\/parties\/sept-cadres-convoques-devant-le-conseil-de-discipline\"]}]},{\"@type\":\"ImageObject\",\"inLanguage\":\"fr-FR\",\"@id\":\"https:\/\/www.africa-press.net\/togo\/parties\/sept-cadres-convoques-devant-le-conseil-de-discipline#primaryimage\",\"url\":\"https:\/\/static.africa-press.net\/togo\/sites\/58\/2025\/05\/sm_1748012598.172069.jpg\",\"contentUrl\":\"https:\/\/static.africa-press.net\/togo\/sites\/58\/2025\/05\/sm_1748012598.172069.jpg\",\"width\":720,\"height\":480,\"caption\":\"Sept Cadres Convoqu\u00e9s Devant le Conseil de Discipline\"},{\"@type\":\"BreadcrumbList\",\"@id\":\"https:\/\/www.africa-press.net\/togo\/parties\/sept-cadres-convoques-devant-le-conseil-de-discipline#breadcrumb\",\"itemListElement\":[{\"@type\":\"ListItem\",\"position\":1,\"name\":\"Accueil\",\"item\":\"https:\/\/www.africa-press.net\/togo\/\"},{\"@type\":\"ListItem\",\"position\":2,\"name\":\"Sept Cadres Convoqu\u00e9s Devant le Conseil de Discipline\"}]},{\"@type\":\"WebSite\",\"@id\":\"https:\/\/www.africa-press.net\/togo\/#website\",\"url\":\"https:\/\/www.africa-press.net\/togo\/\",\"name\":\"Togo\",\"description\":\"Just another Africa News Agency Sites site\",\"potentialAction\":[{\"@type\":\"SearchAction\",\"target\":{\"@type\":\"EntryPoint\",\"urlTemplate\":\"https:\/\/www.africa-press.net\/togo\/?s={search_term_string}\"},\"query-input\":{\"@type\":\"PropertyValueSpecification\",\"valueRequired\":true,\"valueName\":\"search_term_string\"}}],\"inLanguage\":\"fr-FR\"},{\"@type\":\"Person\",\"@id\":\"https:\/\/www.africa-press.net\/togo\/#\/schema\/person\/2b1cf3cd81a31e3cd26889ca66d677f1\",\"name\":\"cfeditorfr\"}]}<\/script>\n<!-- \/ Yoast SEO Premium plugin. -->","yoast_head_json":{"title":"Sept Cadres Convoqu\u00e9s Devant le Conseil de Discipline - Togo","description":"Le Nouvel Engagement Togolais (NET) traverse une nouvelle zone de turbulences. Dans une note interne rendue publique ce ...","robots":{"index":"index","follow":"follow","max-snippet":"max-snippet:-1","max-image-preview":"max-image-preview:large","max-video-preview":"max-video-preview:-1"},"canonical":"https:\/\/www.africa-press.net\/togo\/parties\/sept-cadres-convoques-devant-le-conseil-de-discipline","og_locale":"fr_FR","og_type":"article","og_title":"Sept Cadres Convoqu\u00e9s Devant le Conseil de Discipline","og_description":"Le Nouvel Engagement Togolais (NET) traverse une nouvelle zone de turbulences. Dans une note interne rendue publique ce ...","og_url":"https:\/\/www.africa-press.net\/togo\/parties\/sept-cadres-convoques-devant-le-conseil-de-discipline","og_site_name":"Togo","article_published_time":"2025-05-23T18:17:46+00:00","article_modified_time":"2025-05-23T18:37:09+00:00","og_image":[{"width":720,"height":480,"url":"https:\/\/static.africa-press.net\/togo\/sites\/58\/2025\/05\/sm_1748012598.172069.jpg","type":"image\/jpeg"}],"author":"cfeditorfr","twitter_card":"summary_large_image","twitter_misc":{"\u00c9crit par":"cfeditorfr","Dur\u00e9e de lecture estim\u00e9e":"2 minutes"},"schema":{"@context":"https:\/\/schema.org","@graph":[{"@type":"Article","@id":"https:\/\/www.africa-press.net\/togo\/parties\/sept-cadres-convoques-devant-le-conseil-de-discipline#article","isPartOf":{"@id":"https:\/\/www.africa-press.net\/togo\/parties\/sept-cadres-convoques-devant-le-conseil-de-discipline"},"author":{"name":"cfeditorfr","@id":"https:\/\/www.africa-press.net\/togo\/#\/schema\/person\/2b1cf3cd81a31e3cd26889ca66d677f1"},"headline":"Sept Cadres Convoqu\u00e9s Devant le Conseil de Discipline","datePublished":"2025-05-23T18:17:46+00:00","dateModified":"2025-05-23T18:37:09+00:00","mainEntityOfPage":{"@id":"https:\/\/www.africa-press.net\/togo\/parties\/sept-cadres-convoques-devant-le-conseil-de-discipline"},"wordCount":315,"commentCount":0,"image":{"@id":"https:\/\/www.africa-press.net\/togo\/parties\/sept-cadres-convoques-devant-le-conseil-de-discipline#primaryimage"},"thumbnailUrl":"https:\/\/static.africa-press.net\/togo\/sites\/58\/2025\/05\/sm_1748012598.172069.jpg","keywords":["Le NET","Togo"],"articleSection":["Parties","Toutes les actualit\u00e9s"],"inLanguage":"fr-FR","potentialAction":[{"@type":"CommentAction","name":"Comment","target":["https:\/\/www.africa-press.net\/togo\/parties\/sept-cadres-convoques-devant-le-conseil-de-discipline#respond"]}]},{"@type":"WebPage","@id":"https:\/\/www.africa-press.net\/togo\/parties\/sept-cadres-convoques-devant-le-conseil-de-discipline","url":"https:\/\/www.africa-press.net\/togo\/parties\/sept-cadres-convoques-devant-le-conseil-de-discipline","name":"Sept Cadres Convoqu\u00e9s Devant le Conseil de Discipline - Togo","isPartOf":{"@id":"https:\/\/www.africa-press.net\/togo\/#website"},"primaryImageOfPage":{"@id":"https:\/\/www.africa-press.net\/togo\/parties\/sept-cadres-convoques-devant-le-conseil-de-discipline#primaryimage"},"image":{"@id":"https:\/\/www.africa-press.net\/togo\/parties\/sept-cadres-convoques-devant-le-conseil-de-discipline#primaryimage"},"thumbnailUrl":"https:\/\/static.africa-press.net\/togo\/sites\/58\/2025\/05\/sm_1748012598.172069.jpg","datePublished":"2025-05-23T18:17:46+00:00","dateModified":"2025-05-23T18:37:09+00:00","author":{"@id":"https:\/\/www.africa-press.net\/togo\/#\/schema\/person\/2b1cf3cd81a31e3cd26889ca66d677f1"},"description":"Le Nouvel Engagement Togolais (NET) traverse une nouvelle zone de turbulences. Dans une note interne rendue publique ce ...","breadcrumb":{"@id":"https:\/\/www.africa-press.net\/togo\/parties\/sept-cadres-convoques-devant-le-conseil-de-discipline#breadcrumb"},"inLanguage":"fr-FR","potentialAction":[{"@type":"ReadAction","target":["https:\/\/www.africa-press.net\/togo\/parties\/sept-cadres-convoques-devant-le-conseil-de-discipline"]}]},{"@type":"ImageObject","inLanguage":"fr-FR","@id":"https:\/\/www.africa-press.net\/togo\/parties\/sept-cadres-convoques-devant-le-conseil-de-discipline#primaryimage","url":"https:\/\/static.africa-press.net\/togo\/sites\/58\/2025\/05\/sm_1748012598.172069.jpg","contentUrl":"https:\/\/static.africa-press.net\/togo\/sites\/58\/2025\/05\/sm_1748012598.172069.jpg","width":720,"height":480,"caption":"Sept Cadres Convoqu\u00e9s Devant le Conseil de Discipline"},{"@type":"BreadcrumbList","@id":"https:\/\/www.africa-press.net\/togo\/parties\/sept-cadres-convoques-devant-le-conseil-de-discipline#breadcrumb","itemListElement":[{"@type":"ListItem","position":1,"name":"Accueil","item":"https:\/\/www.africa-press.net\/togo\/"},{"@type":"ListItem","position":2,"name":"Sept Cadres Convoqu\u00e9s Devant le Conseil de Discipline"}]},{"@type":"WebSite","@id":"https:\/\/www.africa-press.net\/togo\/#website","url":"https:\/\/www.africa-press.net\/togo\/","name":"Togo","description":"Just another Africa News Agency Sites site","potentialAction":[{"@type":"SearchAction","target":{"@type":"EntryPoint","urlTemplate":"https:\/\/www.africa-press.net\/togo\/?s={search_term_string}"},"query-input":{"@type":"PropertyValueSpecification","valueRequired":true,"valueName":"search_term_string"}}],"inLanguage":"fr-FR"},{"@type":"Person","@id":"https:\/\/www.africa-press.net\/togo\/#\/schema\/person\/2b1cf3cd81a31e3cd26889ca66d677f1","name":"cfeditorfr"}]}},"_links":{"self":[{"href":"https:\/\/www.africa-press.net\/togo\/wp-json\/wp\/v2\/posts\/40336","targetHints":{"allow":["GET"]}}],"collection":[{"href":"https:\/\/www.africa-press.net\/togo\/wp-json\/wp\/v2\/posts"}],"about":[{"href":"https:\/\/www.africa-press.net\/togo\/wp-json\/wp\/v2\/types\/post"}],"author":[{"embeddable":true,"href":"https:\/\/www.africa-press.net\/togo\/wp-json\/wp\/v2\/users\/82"}],"replies":[{"embeddable":true,"href":"https:\/\/www.africa-press.net\/togo\/wp-json\/wp\/v2\/comments?post=40336"}],"version-history":[{"count":0,"href":"https:\/\/www.africa-press.net\/togo\/wp-json\/wp\/v2\/posts\/40336\/revisions"}],"wp:featuredmedia":[{"embeddable":true,"href":"https:\/\/www.africa-press.net\/togo\/wp-json\/wp\/v2\/media\/40335"}],"wp:attachment":[{"href":"https:\/\/www.africa-press.net\/togo\/wp-json\/wp\/v2\/media?parent=40336"}],"wp:term":[{"taxonomy":"category","embeddable":true,"href":"https:\/\/www.africa-press.net\/togo\/wp-json\/wp\/v2\/categories?post=40336"},{"taxonomy":"post_tag","embeddable":true,"href":"https:\/\/www.africa-press.net\/togo\/wp-json\/wp\/v2\/tags?post=40336"}],"curies":[{"name":"wp","href":"https:\/\/api.w.org\/{rel}","templated":true}]}}