{"id":41576,"date":"2025-07-16T22:45:45","date_gmt":"2025-07-16T22:45:45","guid":{"rendered":"https:\/\/www.africa-press.net\/togo\/politique\/arrestation-de-cadres-dmk-reagit-avec-force"},"modified":"2025-07-16T23:43:45","modified_gmt":"2025-07-16T23:43:45","slug":"arrestation-de-cadres-dmk-reagit-avec-force","status":"publish","type":"post","link":"https:\/\/www.africa-press.net\/togo\/politique\/arrestation-de-cadres-dmk-reagit-avec-force","title":{"rendered":"Arrestation de Cadres, DMK R\u00e9agit avec Force"},"content":{"rendered":"<p><span style=\"color: #ff6600\"><strong>Africa-Press &#8211; Togo. <\/strong><\/span><b>Face a\u0300 une nouvelle vague de re\u0301pression, cinq organisations politiques et citoyennes de\u0301noncent l\u2019arrestation de deux de leurs cadres a\u0300 la veille des manifestations annonce\u0301es pour les 16 et 17 juillet au Togo. Dans un communique\u0301 conjoint, la DMK, le FLN, l\u2019UR, la CDT et le RC 150 pointent une \u201cde\u0301tention arbitraire\u201d, des \u201ctortures\u201d et une volonte\u0301 manifeste de museler les voix dissidentes. Elles exigent leur libe\u0301ration imme\u0301diate et alertent la communaute\u0301 internationale sur une situation juge\u0301e alarmante pour les droits de l\u2019homme au Togo<\/b>.<\/p>\n<p><b>COMMUNIQUE\u0301 DE PRESSE CONJOINT DU 16 JUILLET 2025 DE LA DYNAMIQUE MONSEIGNEUR KPODZRO (DMK), DU FRONT DE LIBE\u0301RATION NATIONALE (FLN), DE L\u2019URGENCE RE\u0301PUBLICAINE (UR), DE LA CONFE\u0301RENCE DE LA DIASPORA TOGOLAISE (CDT) ET DU RE\u0301SEAU CITOYEN 150 (RC 150)<\/b><br \/>\n<b>TOGO: CIMETIERE DES DROITS DE L\u2019HOMME ET IMPE\u0301RATIF DU TRIOMPHE DE LA RE\u0301VOLUTION CITOYENNE 150 (RC 150)<\/b><\/p>\n<p>La Dynamique Monseigneur Kpodzro (DMK), le Front de Libe\u0301ration Nationale (FLN), L\u2019Urgence Re\u0301publicaine (UR), la Confe\u0301rence de la Diaspora Togolaise (CDT) et le Re\u0301seau Citoyen 150 (RC 150) extre\u0302mement pre\u0301occupe\u0301s par la de\u0301sacralisation permanente de la vie humaine au Togo, portent a\u0300 la connaissance de l\u2019opinion nationale et internationale la de\u0301tention arbitraire dans un endroit tenu secret depuis plus de 24 heures de M. Honore\u0301 Amati, Conseiller Spe\u0301cial charge\u0301 de la Jeunesse et de la Citoyennete\u0301 de la DMK, et du Dr Senam Kossi Ahiable\u0301, membre de la DMK et Responsable Re\u0301gional du Re\u0301seau Citoyen 150 (RC 150).<\/p>\n<p>Les deux hauts responsables de l\u2019Ecosyste\u0300me DMK ont e\u0301te\u0301 interpelle\u0301s a\u0300 Noe\u0301pe\u0301, hier mardi 15 juillet 2025 apre\u0300s 14H GMT dans la re\u0301sidence prive\u0301e de M. Honore\u0301 Amati, par des e\u0301le\u0301ments des forces de se\u0301curite\u0301 en civil qui ont fait effraction sans mandat d\u2019arre\u0302t et ont ramasse\u0301 les banderoles, drapeaux de la Palestine, de l\u2019AES et de la Russie pre\u0301pare\u0301s pour les manifestations citoyennes des 16 et 17 juillet 2025 sur toute l\u2019e\u0301tendue du territoire national. Conduits menotte\u0301s au commissariat d\u2019Ake\u0301pe\u0301 ou\u0300 ils ont e\u0301te\u0301 humilie\u0301s et torture\u0301s avec le drapeau russe enroule\u0301 au cou, ils ont e\u0301te\u0301 mis a\u0300 la disposition le soir de la Direction centrale de la police judiciaire (DCPJ) a\u0300 Lome\u0301 au motif d\u2019une proce\u0301dure ouverte relativement aux manifestations ge\u0301ne\u0301rales pacifiques en perspective organise\u0301es par la Jeunesse togolaise d\u2019apre\u0300s le retour de la Procureure de Kpalime\u0301, territoire juridique de leur arrestation contacte\u0301e par Me Gabriel Komlan mandate\u0301 pour la de\u0301fense de leurs inte\u0301re\u0302ts.<\/p>\n<p>Une de\u0301le\u0301gation de l\u2019Ecosyste\u0300me compose\u0301e de Mme Akossiwa Yemey, Coordinatrice ge\u0301ne\u0301rale de L\u2019UR et 2e\u0300me Coordinatrice ge\u0301ne\u0301nale adjointe de la DMK et du Pasteur Godwill Nyonator, 1er Coordinateur national du FLN et Pre\u0301sident de la Commission Droits de l\u2019Homme et Affaires Sociales de la DMK, de\u0301pe\u0302che\u0301e ce matin a\u0300 la Direction centrale de la police judiciaire (DCPJ) a\u0300 Lome\u0301 s\u2019est vue signifier que les cadres de l\u2019Ecosyste\u0300me DMK ne s\u2019y trouvent pas. Me\u0302me rhe\u0301torique servie aux membres de familles arrive\u0301s apre\u0300s eux ce matin a\u0300 la.DCPJ.<\/p>\n<p>La Dynamique Monseigneur Kpodzro (DMK), le Front de Libe\u0301ration Nationale (FLN), L\u2019Urgence Re\u0301publicaine (UR), la Confe\u0301rence de la Diaspora Togolaise (CDT) et le Re\u0301seau Citoyen 150 (RC 150) rappellent opportune\u0301ment que le Togo est partie prenante de nombreux instruments internationaux qui garantissent le respect des droits humains, la liberte\u0301 d\u2019expression et de manifestation e\u0301galement consacre\u0301s par les lois de la Re\u0301publique. Raison pour laquel l\u2019Ecosyste\u0300me DMK et le Gouvernement le\u0301gitime du Togo en exil ont mandate\u0301 inde\u0301pendamment de Me Gabriel Komlan, Me Elom Kpade\u0301 et au niveau international Me Sai\u0308d Larifou pour la de\u0301fense des inte\u0301re\u0302ts de ses cadres arbitrairement de\u0301tenus, humilie\u0301s et torture\u0301s.<\/p>\n<p>Comment interpre\u0301ter l\u2019ignominieux enroulement au cou des cadres de la DMK du drapeau russe parmi tous les drapeaux (AES, Palestine, Togo) si ce n\u2019est un signal clair d\u2019opposition a\u0300 la ligne souverainiste de l\u2019Ecosyste\u0300me DMK et du Gouvernement le\u0301gitime du Togo en exil, quant a\u0300 la vassalisation incontestable du Togo au bloc anglo-sioniste incarne\u0301 par les Occidentaux avec en premie\u0300re ligne la Franc\u0327afrique?<\/p>\n<p>Aux dernie\u0300res nouvelles, les deux cadres de la DMK seront de\u0301fe\u0301re\u0301s et pre\u0301sente\u0301s cet apre\u0300s midi au Procureur de la Re\u0301publique avec d\u2019autres Patriotes arre\u0302te\u0301s dans le cadre des manifestations citoyennes des 16 et 17 juillet 2025 pour le chef d\u2019accusation de complot contre la su\u0302rete\u0301 de l\u2019Etat.<\/p>\n<p>Les organisations signataires du pre\u0301sent communique\u0301 exigent la libe\u0301ration imme\u0301diate et sans condition de leur deux cadres arbitrairement de\u0301tenus trois semaines apre\u0300s la relaxation sans condition le 24 juin 2025 de M. Honore\u0301 Amati pre\u0301ce\u0301demment de\u0301tenu, a\u0300 la veille des dernie\u0300res manifestations citoyennes de juin dernier, 04 jours durant au Service central de recherche et d\u2019investigation criminelle (SCRIC); et prennent a\u0300 te\u0301moin l\u2019opinion nationale et internationale de la re\u0301currencedes perse\u0301cutions dont font l\u2019objet l\u2019Ecosyste\u0300me DMK et le Gouvernement le\u0301gitime du Togo en exil depuis l\u2019e\u0301clatante victoire e\u0301lectorale a\u0300 l\u2019issue de la pre\u0301sidentielle du 22 fe\u0301vrier 2020.<\/p>\n<p>Les organisations signataires du pre\u0301sent communique\u0301 exigent la libe\u0301ration imme\u0301diate et sans condition de tous les Patriotes arbitrairement de\u0301tenus, et rappellent utilement que les perse\u0301cutions des combattants de la Liberte\u0301 et des Souverainistes en lutte pour la fin de\u0301fintive de la dictature ne\u0301ocolonialiste et du syste\u0300me international de pre\u0301dation inhumaine au Togo n\u2019empe\u0302cheront en aucun cas l\u2019ardeur et la de\u0301termination re\u0301solue du Souverain Peuple togolais.<\/p>\n<p>Les organisations signataires du pre\u0301sent communique\u0301 expriment leur vive gratitude a\u0300 toutes les bonnes volonte\u0301s mobilise\u0301es de par le monde aux co\u0302te\u0301s du Souverain Peuple togolais, et interpellent les organisations de de\u0301fense des droits de l\u2019homme de me\u0302me que la communaute\u0301 internationale a\u0300 prendre la mesure de la gravite\u0301 de la situation au Togo ou\u0300 s\u2019impose l\u2019obligation de prote\u0301ger et une sortie de crise pacifique avant qu\u2019il ne soit trop tard.<\/p>\n<p>Le triomphe sans de\u0301lai de la Re\u0301volution citoyenne est un impe\u0301ratif cate\u0301gorique, et que l\u2019E\u0301ternel be\u0301nisse le Togo et chacun.e de ses enfants !<\/p>\n<p><b>TRIOMPHONS DE LA PEUR ET EN AVANT TOUTE ENSEMBLE DANS LA VE\u0301RITE\u0301 QUI EST AMOUR POUR LA SOUVERAINETE\u0301 INTE\u0301GRALE DU TOGO (SITO) !<\/b><br \/>\n<b>SIGNE\u0301 LE COLLEGE DES COORDINATEURS<\/b><br \/>\n<b>1. M. Thomas Nsoukpoe, Coordinateur national DMK<\/b><\/p>\n<p>2. Dr Komlan Apla, Coordinateur national FLN<\/p>\n<p>3. Mme Akossiwa Yemey, Coordinatrice ge\u0301ne\u0301rale UR<\/p>\n<p>4. M. Rigobert Nofodji, Coordinateur international provisoire CDT<\/p>\n<p>5. Pasteur Emmanuel Aziatroga, Coordinateur provisoire RC 150<\/p>\n<p><strong>Pour plus d&rsquo;informations et d&rsquo;analyses sur la <span style=\"color: #ff6600\">Togo<\/span>, suivez <span style=\"color: #ff6600\">Africa-Press<\/span><\/strong><\/p>\n","protected":false},"excerpt":{"rendered":"<p>Africa-Press &#8211; Togo. Face a\u0300 une nouvelle vague de re\u0301pression, cinq organisations politiques et citoyennes de\u0301noncent l\u2019arrestation de deux de leurs cadres a\u0300 la veille des manifestations annonce\u0301es pour les 16 et 17 juillet au Togo. Dans un communique\u0301 conjoint, la DMK, le FLN, l\u2019UR, la CDT et le RC 150 pointent une \u201cde\u0301tention arbitraire\u201d, [&hellip;]<\/p>\n","protected":false},"author":82,"featured_media":41575,"comment_status":"open","ping_status":"closed","sticky":false,"template":"","format":"standard","meta":{"footnotes":""},"categories":[2,10],"tags":[417,395,50],"class_list":["post-41576","post","type-post","status-publish","format-standard","has-post-thumbnail","hentry","category-politique","category-toutes-les-actualites","tag-arrestation","tag-dmk","tag-togo"],"yoast_head":"<!-- This site is optimized with the Yoast SEO Premium plugin v26.1 (Yoast SEO v27.0) - https:\/\/yoast.com\/product\/yoast-seo-premium-wordpress\/ -->\n<title>Arrestation de Cadres, DMK R\u00e9agit avec Force - Togo<\/title>\n<meta name=\"description\" content=\"Face a\u0300 une nouvelle vague de re\u0301pression, cinq organisations politiques et citoyennes de\u0301noncent l\u2019arrestation de de ...\" \/>\n<meta name=\"robots\" content=\"index, follow, max-snippet:-1, max-image-preview:large, max-video-preview:-1\" \/>\n<link rel=\"canonical\" href=\"https:\/\/www.africa-press.net\/togo\/politique\/arrestation-de-cadres-dmk-reagit-avec-force\" \/>\n<meta property=\"og:locale\" content=\"fr_FR\" \/>\n<meta property=\"og:type\" content=\"article\" \/>\n<meta property=\"og:title\" content=\"Arrestation de Cadres, DMK R\u00e9agit avec Force\" \/>\n<meta property=\"og:description\" content=\"Face a\u0300 une nouvelle vague de re\u0301pression, cinq organisations politiques et citoyennes de\u0301noncent l\u2019arrestation de de ...\" \/>\n<meta property=\"og:url\" content=\"https:\/\/www.africa-press.net\/togo\/politique\/arrestation-de-cadres-dmk-reagit-avec-force\" \/>\n<meta property=\"og:site_name\" content=\"Togo\" \/>\n<meta property=\"article:published_time\" content=\"2025-07-16T22:45:45+00:00\" \/>\n<meta property=\"article:modified_time\" content=\"2025-07-16T23:43:45+00:00\" \/>\n<meta property=\"og:image\" content=\"https:\/\/static.africa-press.net\/togo\/sites\/58\/2025\/07\/sm_1752696185.735317.jpg\" \/>\n\t<meta property=\"og:image:width\" content=\"720\" \/>\n\t<meta property=\"og:image:height\" content=\"480\" \/>\n\t<meta property=\"og:image:type\" content=\"image\/jpeg\" \/>\n<meta name=\"author\" content=\"cfeditorfr\" \/>\n<meta name=\"twitter:card\" content=\"summary_large_image\" \/>\n<meta name=\"twitter:label1\" content=\"\u00c9crit par\" \/>\n\t<meta name=\"twitter:data1\" content=\"cfeditorfr\" \/>\n\t<meta name=\"twitter:label2\" content=\"Dur\u00e9e de lecture estim\u00e9e\" \/>\n\t<meta name=\"twitter:data2\" content=\"6 minutes\" \/>\n<script type=\"application\/ld+json\" class=\"yoast-schema-graph\">{\"@context\":\"https:\/\/schema.org\",\"@graph\":[{\"@type\":\"Article\",\"@id\":\"https:\/\/www.africa-press.net\/togo\/politique\/arrestation-de-cadres-dmk-reagit-avec-force#article\",\"isPartOf\":{\"@id\":\"https:\/\/www.africa-press.net\/togo\/politique\/arrestation-de-cadres-dmk-reagit-avec-force\"},\"author\":{\"name\":\"cfeditorfr\",\"@id\":\"https:\/\/www.africa-press.net\/togo\/#\/schema\/person\/2b1cf3cd81a31e3cd26889ca66d677f1\"},\"headline\":\"Arrestation de Cadres, DMK R\u00e9agit avec Force\",\"datePublished\":\"2025-07-16T22:45:45+00:00\",\"dateModified\":\"2025-07-16T23:43:45+00:00\",\"mainEntityOfPage\":{\"@id\":\"https:\/\/www.africa-press.net\/togo\/politique\/arrestation-de-cadres-dmk-reagit-avec-force\"},\"wordCount\":1203,\"commentCount\":0,\"image\":{\"@id\":\"https:\/\/www.africa-press.net\/togo\/politique\/arrestation-de-cadres-dmk-reagit-avec-force#primaryimage\"},\"thumbnailUrl\":\"https:\/\/static.africa-press.net\/togo\/sites\/58\/2025\/07\/sm_1752696185.735317.jpg\",\"keywords\":[\"arrestation\",\"DMK\",\"Togo\"],\"articleSection\":[\"Politique\",\"Toutes les actualit\u00e9s\"],\"inLanguage\":\"fr-FR\",\"potentialAction\":[{\"@type\":\"CommentAction\",\"name\":\"Comment\",\"target\":[\"https:\/\/www.africa-press.net\/togo\/politique\/arrestation-de-cadres-dmk-reagit-avec-force#respond\"]}]},{\"@type\":\"WebPage\",\"@id\":\"https:\/\/www.africa-press.net\/togo\/politique\/arrestation-de-cadres-dmk-reagit-avec-force\",\"url\":\"https:\/\/www.africa-press.net\/togo\/politique\/arrestation-de-cadres-dmk-reagit-avec-force\",\"name\":\"Arrestation de Cadres, DMK R\u00e9agit avec Force - Togo\",\"isPartOf\":{\"@id\":\"https:\/\/www.africa-press.net\/togo\/#website\"},\"primaryImageOfPage\":{\"@id\":\"https:\/\/www.africa-press.net\/togo\/politique\/arrestation-de-cadres-dmk-reagit-avec-force#primaryimage\"},\"image\":{\"@id\":\"https:\/\/www.africa-press.net\/togo\/politique\/arrestation-de-cadres-dmk-reagit-avec-force#primaryimage\"},\"thumbnailUrl\":\"https:\/\/static.africa-press.net\/togo\/sites\/58\/2025\/07\/sm_1752696185.735317.jpg\",\"datePublished\":\"2025-07-16T22:45:45+00:00\",\"dateModified\":\"2025-07-16T23:43:45+00:00\",\"author\":{\"@id\":\"https:\/\/www.africa-press.net\/togo\/#\/schema\/person\/2b1cf3cd81a31e3cd26889ca66d677f1\"},\"description\":\"Face a\u0300 une nouvelle vague de re\u0301pression, cinq organisations politiques et citoyennes de\u0301noncent l\u2019arrestation de de ...\",\"breadcrumb\":{\"@id\":\"https:\/\/www.africa-press.net\/togo\/politique\/arrestation-de-cadres-dmk-reagit-avec-force#breadcrumb\"},\"inLanguage\":\"fr-FR\",\"potentialAction\":[{\"@type\":\"ReadAction\",\"target\":[\"https:\/\/www.africa-press.net\/togo\/politique\/arrestation-de-cadres-dmk-reagit-avec-force\"]}]},{\"@type\":\"ImageObject\",\"inLanguage\":\"fr-FR\",\"@id\":\"https:\/\/www.africa-press.net\/togo\/politique\/arrestation-de-cadres-dmk-reagit-avec-force#primaryimage\",\"url\":\"https:\/\/static.africa-press.net\/togo\/sites\/58\/2025\/07\/sm_1752696185.735317.jpg\",\"contentUrl\":\"https:\/\/static.africa-press.net\/togo\/sites\/58\/2025\/07\/sm_1752696185.735317.jpg\",\"width\":720,\"height\":480,\"caption\":\"Arrestation de Cadres, DMK R\u00e9agit avec Force\"},{\"@type\":\"BreadcrumbList\",\"@id\":\"https:\/\/www.africa-press.net\/togo\/politique\/arrestation-de-cadres-dmk-reagit-avec-force#breadcrumb\",\"itemListElement\":[{\"@type\":\"ListItem\",\"position\":1,\"name\":\"Accueil\",\"item\":\"https:\/\/www.africa-press.net\/togo\/\"},{\"@type\":\"ListItem\",\"position\":2,\"name\":\"Arrestation de Cadres, DMK R\u00e9agit avec Force\"}]},{\"@type\":\"WebSite\",\"@id\":\"https:\/\/www.africa-press.net\/togo\/#website\",\"url\":\"https:\/\/www.africa-press.net\/togo\/\",\"name\":\"Togo\",\"description\":\"Just another Africa News Agency Sites site\",\"potentialAction\":[{\"@type\":\"SearchAction\",\"target\":{\"@type\":\"EntryPoint\",\"urlTemplate\":\"https:\/\/www.africa-press.net\/togo\/?s={search_term_string}\"},\"query-input\":{\"@type\":\"PropertyValueSpecification\",\"valueRequired\":true,\"valueName\":\"search_term_string\"}}],\"inLanguage\":\"fr-FR\"},{\"@type\":\"Person\",\"@id\":\"https:\/\/www.africa-press.net\/togo\/#\/schema\/person\/2b1cf3cd81a31e3cd26889ca66d677f1\",\"name\":\"cfeditorfr\"}]}<\/script>\n<!-- \/ Yoast SEO Premium plugin. -->","yoast_head_json":{"title":"Arrestation de Cadres, DMK R\u00e9agit avec Force - Togo","description":"Face a\u0300 une nouvelle vague de re\u0301pression, cinq organisations politiques et citoyennes de\u0301noncent l\u2019arrestation de de ...","robots":{"index":"index","follow":"follow","max-snippet":"max-snippet:-1","max-image-preview":"max-image-preview:large","max-video-preview":"max-video-preview:-1"},"canonical":"https:\/\/www.africa-press.net\/togo\/politique\/arrestation-de-cadres-dmk-reagit-avec-force","og_locale":"fr_FR","og_type":"article","og_title":"Arrestation de Cadres, DMK R\u00e9agit avec Force","og_description":"Face a\u0300 une nouvelle vague de re\u0301pression, cinq organisations politiques et citoyennes de\u0301noncent l\u2019arrestation de de ...","og_url":"https:\/\/www.africa-press.net\/togo\/politique\/arrestation-de-cadres-dmk-reagit-avec-force","og_site_name":"Togo","article_published_time":"2025-07-16T22:45:45+00:00","article_modified_time":"2025-07-16T23:43:45+00:00","og_image":[{"width":720,"height":480,"url":"https:\/\/static.africa-press.net\/togo\/sites\/58\/2025\/07\/sm_1752696185.735317.jpg","type":"image\/jpeg"}],"author":"cfeditorfr","twitter_card":"summary_large_image","twitter_misc":{"\u00c9crit par":"cfeditorfr","Dur\u00e9e de lecture estim\u00e9e":"6 minutes"},"schema":{"@context":"https:\/\/schema.org","@graph":[{"@type":"Article","@id":"https:\/\/www.africa-press.net\/togo\/politique\/arrestation-de-cadres-dmk-reagit-avec-force#article","isPartOf":{"@id":"https:\/\/www.africa-press.net\/togo\/politique\/arrestation-de-cadres-dmk-reagit-avec-force"},"author":{"name":"cfeditorfr","@id":"https:\/\/www.africa-press.net\/togo\/#\/schema\/person\/2b1cf3cd81a31e3cd26889ca66d677f1"},"headline":"Arrestation de Cadres, DMK R\u00e9agit avec Force","datePublished":"2025-07-16T22:45:45+00:00","dateModified":"2025-07-16T23:43:45+00:00","mainEntityOfPage":{"@id":"https:\/\/www.africa-press.net\/togo\/politique\/arrestation-de-cadres-dmk-reagit-avec-force"},"wordCount":1203,"commentCount":0,"image":{"@id":"https:\/\/www.africa-press.net\/togo\/politique\/arrestation-de-cadres-dmk-reagit-avec-force#primaryimage"},"thumbnailUrl":"https:\/\/static.africa-press.net\/togo\/sites\/58\/2025\/07\/sm_1752696185.735317.jpg","keywords":["arrestation","DMK","Togo"],"articleSection":["Politique","Toutes les actualit\u00e9s"],"inLanguage":"fr-FR","potentialAction":[{"@type":"CommentAction","name":"Comment","target":["https:\/\/www.africa-press.net\/togo\/politique\/arrestation-de-cadres-dmk-reagit-avec-force#respond"]}]},{"@type":"WebPage","@id":"https:\/\/www.africa-press.net\/togo\/politique\/arrestation-de-cadres-dmk-reagit-avec-force","url":"https:\/\/www.africa-press.net\/togo\/politique\/arrestation-de-cadres-dmk-reagit-avec-force","name":"Arrestation de Cadres, DMK R\u00e9agit avec Force - Togo","isPartOf":{"@id":"https:\/\/www.africa-press.net\/togo\/#website"},"primaryImageOfPage":{"@id":"https:\/\/www.africa-press.net\/togo\/politique\/arrestation-de-cadres-dmk-reagit-avec-force#primaryimage"},"image":{"@id":"https:\/\/www.africa-press.net\/togo\/politique\/arrestation-de-cadres-dmk-reagit-avec-force#primaryimage"},"thumbnailUrl":"https:\/\/static.africa-press.net\/togo\/sites\/58\/2025\/07\/sm_1752696185.735317.jpg","datePublished":"2025-07-16T22:45:45+00:00","dateModified":"2025-07-16T23:43:45+00:00","author":{"@id":"https:\/\/www.africa-press.net\/togo\/#\/schema\/person\/2b1cf3cd81a31e3cd26889ca66d677f1"},"description":"Face a\u0300 une nouvelle vague de re\u0301pression, cinq organisations politiques et citoyennes de\u0301noncent l\u2019arrestation de de ...","breadcrumb":{"@id":"https:\/\/www.africa-press.net\/togo\/politique\/arrestation-de-cadres-dmk-reagit-avec-force#breadcrumb"},"inLanguage":"fr-FR","potentialAction":[{"@type":"ReadAction","target":["https:\/\/www.africa-press.net\/togo\/politique\/arrestation-de-cadres-dmk-reagit-avec-force"]}]},{"@type":"ImageObject","inLanguage":"fr-FR","@id":"https:\/\/www.africa-press.net\/togo\/politique\/arrestation-de-cadres-dmk-reagit-avec-force#primaryimage","url":"https:\/\/static.africa-press.net\/togo\/sites\/58\/2025\/07\/sm_1752696185.735317.jpg","contentUrl":"https:\/\/static.africa-press.net\/togo\/sites\/58\/2025\/07\/sm_1752696185.735317.jpg","width":720,"height":480,"caption":"Arrestation de Cadres, DMK R\u00e9agit avec Force"},{"@type":"BreadcrumbList","@id":"https:\/\/www.africa-press.net\/togo\/politique\/arrestation-de-cadres-dmk-reagit-avec-force#breadcrumb","itemListElement":[{"@type":"ListItem","position":1,"name":"Accueil","item":"https:\/\/www.africa-press.net\/togo\/"},{"@type":"ListItem","position":2,"name":"Arrestation de Cadres, DMK R\u00e9agit avec Force"}]},{"@type":"WebSite","@id":"https:\/\/www.africa-press.net\/togo\/#website","url":"https:\/\/www.africa-press.net\/togo\/","name":"Togo","description":"Just another Africa News Agency Sites site","potentialAction":[{"@type":"SearchAction","target":{"@type":"EntryPoint","urlTemplate":"https:\/\/www.africa-press.net\/togo\/?s={search_term_string}"},"query-input":{"@type":"PropertyValueSpecification","valueRequired":true,"valueName":"search_term_string"}}],"inLanguage":"fr-FR"},{"@type":"Person","@id":"https:\/\/www.africa-press.net\/togo\/#\/schema\/person\/2b1cf3cd81a31e3cd26889ca66d677f1","name":"cfeditorfr"}]}},"_links":{"self":[{"href":"https:\/\/www.africa-press.net\/togo\/wp-json\/wp\/v2\/posts\/41576","targetHints":{"allow":["GET"]}}],"collection":[{"href":"https:\/\/www.africa-press.net\/togo\/wp-json\/wp\/v2\/posts"}],"about":[{"href":"https:\/\/www.africa-press.net\/togo\/wp-json\/wp\/v2\/types\/post"}],"author":[{"embeddable":true,"href":"https:\/\/www.africa-press.net\/togo\/wp-json\/wp\/v2\/users\/82"}],"replies":[{"embeddable":true,"href":"https:\/\/www.africa-press.net\/togo\/wp-json\/wp\/v2\/comments?post=41576"}],"version-history":[{"count":0,"href":"https:\/\/www.africa-press.net\/togo\/wp-json\/wp\/v2\/posts\/41576\/revisions"}],"wp:featuredmedia":[{"embeddable":true,"href":"https:\/\/www.africa-press.net\/togo\/wp-json\/wp\/v2\/media\/41575"}],"wp:attachment":[{"href":"https:\/\/www.africa-press.net\/togo\/wp-json\/wp\/v2\/media?parent=41576"}],"wp:term":[{"taxonomy":"category","embeddable":true,"href":"https:\/\/www.africa-press.net\/togo\/wp-json\/wp\/v2\/categories?post=41576"},{"taxonomy":"post_tag","embeddable":true,"href":"https:\/\/www.africa-press.net\/togo\/wp-json\/wp\/v2\/tags?post=41576"}],"curies":[{"name":"wp","href":"https:\/\/api.w.org\/{rel}","templated":true}]}}