{"id":42431,"date":"2025-08-09T18:47:17","date_gmt":"2025-08-09T18:47:17","guid":{"rendered":"https:\/\/www.africa-press.net\/togo\/politique\/colonel-mamah-agnidoufey-promu-general-de-brigade-aerienne"},"modified":"2025-08-09T19:28:15","modified_gmt":"2025-08-09T19:28:15","slug":"colonel-mamah-agnidoufey-promu-general-de-brigade-aerienne","status":"publish","type":"post","link":"https:\/\/www.africa-press.net\/togo\/politique\/colonel-mamah-agnidoufey-promu-general-de-brigade-aerienne","title":{"rendered":"Colonel Mamah Agnidoufey Promu G\u00e9n\u00e9ral de Brigade A\u00e9rienne"},"content":{"rendered":"<p><span style=\"color: #ff6600\"><strong>Africa-Press &#8211; Togo. <\/strong><\/span>Le chef d\u2019e\u0301tat-major de l\u2019arme\u0301e de l\u2019air togolaise, le colonel Mamah Agnidoufey, a e\u0301te\u0301 e\u0301leve\u0301 au grade de ge\u0301ne\u0301ral de brigade ae\u0301rienne. La promotion a e\u0301te\u0301 officialise\u0301e par un de\u0301cret en date du 8 aou\u0302t 2025, signe\u0301 par le Pre\u0301sident du Conseil et Chef supre\u0302me des arme\u0301es, Faure Essozimna Gnassingbe\u0301.<\/p>\n<p>Cette distinction marque une nouvelle e\u0301tape dans la carrie\u0300re de l\u2019officier supe\u0301rieur, reconnu pour son leadership et ses compe\u0301tences ope\u0301rationnelles. Elle vient e\u0301galement saluer son ro\u0302le strate\u0301gique dans les efforts de modernisation de l\u2019outil de de\u0301fense ae\u0301rienne du Togo.<\/p>\n<p>Le ge\u0301ne\u0301ral Mamah Agnidoufey prend ainsi un nouvel e\u0301lan dans ses fonctions, dans un contexte ou\u0300 les forces arme\u0301es togolaises poursuivent leur adaptation face aux enjeux se\u0301curitaires re\u0301gionaux et internationaux<\/p>\n<p><strong>Pour plus d&rsquo;informations et d&rsquo;analyses sur la <span style=\"color: #ff6600\">Togo<\/span>, suivez <span style=\"color: #ff6600\">Africa-Press<\/span><\/strong><\/p>\n","protected":false},"excerpt":{"rendered":"<p>Africa-Press &#8211; Togo. Le chef d\u2019e\u0301tat-major de l\u2019arme\u0301e de l\u2019air togolaise, le colonel Mamah Agnidoufey, a e\u0301te\u0301 e\u0301leve\u0301 au grade de ge\u0301ne\u0301ral de brigade ae\u0301rienne. La promotion a e\u0301te\u0301 officialise\u0301e par un de\u0301cret en date du 8 aou\u0302t 2025, signe\u0301 par le Pre\u0301sident du Conseil et Chef supre\u0302me des arme\u0301es, Faure Essozimna Gnassingbe\u0301. Cette distinction [&hellip;]<\/p>\n","protected":false},"author":82,"featured_media":42430,"comment_status":"open","ping_status":"closed","sticky":false,"template":"","format":"standard","meta":{"footnotes":""},"categories":[2,10],"tags":[506,50],"class_list":["post-42431","post","type-post","status-publish","format-standard","has-post-thumbnail","hentry","category-politique","category-toutes-les-actualites","tag-armee-togolaise","tag-togo"],"yoast_head":"<!-- This site is optimized with the Yoast SEO Premium plugin v26.1 (Yoast SEO v27.0) - https:\/\/yoast.com\/product\/yoast-seo-premium-wordpress\/ -->\n<title>Colonel Mamah Agnidoufey Promu G\u00e9n\u00e9ral de Brigade A\u00e9rienne - Togo<\/title>\n<meta name=\"description\" content=\"Le chef d\u2019e\u0301tat-major de l\u2019arme\u0301e de l\u2019air togolaise, le colonel Mamah Agnidoufey, a e\u0301te\u0301 e\u0301leve\u0301 au grade de ge\u0301ne\u0301ral ...\" \/>\n<meta name=\"robots\" content=\"index, follow, max-snippet:-1, max-image-preview:large, max-video-preview:-1\" \/>\n<link rel=\"canonical\" href=\"https:\/\/www.africa-press.net\/togo\/politique\/colonel-mamah-agnidoufey-promu-general-de-brigade-aerienne\" \/>\n<meta property=\"og:locale\" content=\"fr_FR\" \/>\n<meta property=\"og:type\" content=\"article\" \/>\n<meta property=\"og:title\" content=\"Colonel Mamah Agnidoufey Promu G\u00e9n\u00e9ral de Brigade A\u00e9rienne\" \/>\n<meta property=\"og:description\" content=\"Le chef d\u2019e\u0301tat-major de l\u2019arme\u0301e de l\u2019air togolaise, le colonel Mamah Agnidoufey, a e\u0301te\u0301 e\u0301leve\u0301 au grade de ge\u0301ne\u0301ral ...\" \/>\n<meta property=\"og:url\" content=\"https:\/\/www.africa-press.net\/togo\/politique\/colonel-mamah-agnidoufey-promu-general-de-brigade-aerienne\" \/>\n<meta property=\"og:site_name\" content=\"Togo\" \/>\n<meta property=\"article:published_time\" content=\"2025-08-09T18:47:17+00:00\" \/>\n<meta property=\"article:modified_time\" content=\"2025-08-09T19:28:15+00:00\" \/>\n<meta property=\"og:image\" content=\"https:\/\/static.africa-press.net\/togo\/sites\/58\/2025\/08\/sm_1754754824.431189.jpg\" \/>\n\t<meta property=\"og:image:width\" content=\"1280\" \/>\n\t<meta property=\"og:image:height\" content=\"720\" \/>\n\t<meta property=\"og:image:type\" content=\"image\/jpeg\" \/>\n<meta name=\"author\" content=\"cfeditorfr\" \/>\n<meta name=\"twitter:card\" content=\"summary_large_image\" \/>\n<meta name=\"twitter:label1\" content=\"\u00c9crit par\" \/>\n\t<meta name=\"twitter:data1\" content=\"cfeditorfr\" \/>\n\t<meta name=\"twitter:label2\" content=\"Dur\u00e9e de lecture estim\u00e9e\" \/>\n\t<meta name=\"twitter:data2\" content=\"1 minute\" \/>\n<script type=\"application\/ld+json\" class=\"yoast-schema-graph\">{\"@context\":\"https:\/\/schema.org\",\"@graph\":[{\"@type\":\"Article\",\"@id\":\"https:\/\/www.africa-press.net\/togo\/politique\/colonel-mamah-agnidoufey-promu-general-de-brigade-aerienne#article\",\"isPartOf\":{\"@id\":\"https:\/\/www.africa-press.net\/togo\/politique\/colonel-mamah-agnidoufey-promu-general-de-brigade-aerienne\"},\"author\":{\"name\":\"cfeditorfr\",\"@id\":\"https:\/\/www.africa-press.net\/togo\/#\/schema\/person\/2b1cf3cd81a31e3cd26889ca66d677f1\"},\"headline\":\"Colonel Mamah Agnidoufey Promu G\u00e9n\u00e9ral de Brigade A\u00e9rienne\",\"datePublished\":\"2025-08-09T18:47:17+00:00\",\"dateModified\":\"2025-08-09T19:28:15+00:00\",\"mainEntityOfPage\":{\"@id\":\"https:\/\/www.africa-press.net\/togo\/politique\/colonel-mamah-agnidoufey-promu-general-de-brigade-aerienne\"},\"wordCount\":178,\"commentCount\":0,\"image\":{\"@id\":\"https:\/\/www.africa-press.net\/togo\/politique\/colonel-mamah-agnidoufey-promu-general-de-brigade-aerienne#primaryimage\"},\"thumbnailUrl\":\"https:\/\/static.africa-press.net\/togo\/sites\/58\/2025\/08\/sm_1754754824.431189.jpg\",\"keywords\":[\"Arm\u00e9e togolaise\",\"Togo\"],\"articleSection\":[\"Politique\",\"Toutes les actualit\u00e9s\"],\"inLanguage\":\"fr-FR\",\"potentialAction\":[{\"@type\":\"CommentAction\",\"name\":\"Comment\",\"target\":[\"https:\/\/www.africa-press.net\/togo\/politique\/colonel-mamah-agnidoufey-promu-general-de-brigade-aerienne#respond\"]}]},{\"@type\":\"WebPage\",\"@id\":\"https:\/\/www.africa-press.net\/togo\/politique\/colonel-mamah-agnidoufey-promu-general-de-brigade-aerienne\",\"url\":\"https:\/\/www.africa-press.net\/togo\/politique\/colonel-mamah-agnidoufey-promu-general-de-brigade-aerienne\",\"name\":\"Colonel Mamah Agnidoufey Promu G\u00e9n\u00e9ral de Brigade A\u00e9rienne - Togo\",\"isPartOf\":{\"@id\":\"https:\/\/www.africa-press.net\/togo\/#website\"},\"primaryImageOfPage\":{\"@id\":\"https:\/\/www.africa-press.net\/togo\/politique\/colonel-mamah-agnidoufey-promu-general-de-brigade-aerienne#primaryimage\"},\"image\":{\"@id\":\"https:\/\/www.africa-press.net\/togo\/politique\/colonel-mamah-agnidoufey-promu-general-de-brigade-aerienne#primaryimage\"},\"thumbnailUrl\":\"https:\/\/static.africa-press.net\/togo\/sites\/58\/2025\/08\/sm_1754754824.431189.jpg\",\"datePublished\":\"2025-08-09T18:47:17+00:00\",\"dateModified\":\"2025-08-09T19:28:15+00:00\",\"author\":{\"@id\":\"https:\/\/www.africa-press.net\/togo\/#\/schema\/person\/2b1cf3cd81a31e3cd26889ca66d677f1\"},\"description\":\"Le chef d\u2019e\u0301tat-major de l\u2019arme\u0301e de l\u2019air togolaise, le colonel Mamah Agnidoufey, a e\u0301te\u0301 e\u0301leve\u0301 au grade de ge\u0301ne\u0301ral ...\",\"breadcrumb\":{\"@id\":\"https:\/\/www.africa-press.net\/togo\/politique\/colonel-mamah-agnidoufey-promu-general-de-brigade-aerienne#breadcrumb\"},\"inLanguage\":\"fr-FR\",\"potentialAction\":[{\"@type\":\"ReadAction\",\"target\":[\"https:\/\/www.africa-press.net\/togo\/politique\/colonel-mamah-agnidoufey-promu-general-de-brigade-aerienne\"]}]},{\"@type\":\"ImageObject\",\"inLanguage\":\"fr-FR\",\"@id\":\"https:\/\/www.africa-press.net\/togo\/politique\/colonel-mamah-agnidoufey-promu-general-de-brigade-aerienne#primaryimage\",\"url\":\"https:\/\/static.africa-press.net\/togo\/sites\/58\/2025\/08\/sm_1754754824.431189.jpg\",\"contentUrl\":\"https:\/\/static.africa-press.net\/togo\/sites\/58\/2025\/08\/sm_1754754824.431189.jpg\",\"width\":1280,\"height\":720,\"caption\":\"Colonel Mamah Agnidoufey Promu G\u00e9n\u00e9ral de Brigade A\u00e9rienne\"},{\"@type\":\"BreadcrumbList\",\"@id\":\"https:\/\/www.africa-press.net\/togo\/politique\/colonel-mamah-agnidoufey-promu-general-de-brigade-aerienne#breadcrumb\",\"itemListElement\":[{\"@type\":\"ListItem\",\"position\":1,\"name\":\"Accueil\",\"item\":\"https:\/\/www.africa-press.net\/togo\/\"},{\"@type\":\"ListItem\",\"position\":2,\"name\":\"Colonel Mamah Agnidoufey Promu G\u00e9n\u00e9ral de Brigade A\u00e9rienne\"}]},{\"@type\":\"WebSite\",\"@id\":\"https:\/\/www.africa-press.net\/togo\/#website\",\"url\":\"https:\/\/www.africa-press.net\/togo\/\",\"name\":\"Togo\",\"description\":\"Just another Africa News Agency Sites site\",\"potentialAction\":[{\"@type\":\"SearchAction\",\"target\":{\"@type\":\"EntryPoint\",\"urlTemplate\":\"https:\/\/www.africa-press.net\/togo\/?s={search_term_string}\"},\"query-input\":{\"@type\":\"PropertyValueSpecification\",\"valueRequired\":true,\"valueName\":\"search_term_string\"}}],\"inLanguage\":\"fr-FR\"},{\"@type\":\"Person\",\"@id\":\"https:\/\/www.africa-press.net\/togo\/#\/schema\/person\/2b1cf3cd81a31e3cd26889ca66d677f1\",\"name\":\"cfeditorfr\"}]}<\/script>\n<!-- \/ Yoast SEO Premium plugin. -->","yoast_head_json":{"title":"Colonel Mamah Agnidoufey Promu G\u00e9n\u00e9ral de Brigade A\u00e9rienne - Togo","description":"Le chef d\u2019e\u0301tat-major de l\u2019arme\u0301e de l\u2019air togolaise, le colonel Mamah Agnidoufey, a e\u0301te\u0301 e\u0301leve\u0301 au grade de ge\u0301ne\u0301ral ...","robots":{"index":"index","follow":"follow","max-snippet":"max-snippet:-1","max-image-preview":"max-image-preview:large","max-video-preview":"max-video-preview:-1"},"canonical":"https:\/\/www.africa-press.net\/togo\/politique\/colonel-mamah-agnidoufey-promu-general-de-brigade-aerienne","og_locale":"fr_FR","og_type":"article","og_title":"Colonel Mamah Agnidoufey Promu G\u00e9n\u00e9ral de Brigade A\u00e9rienne","og_description":"Le chef d\u2019e\u0301tat-major de l\u2019arme\u0301e de l\u2019air togolaise, le colonel Mamah Agnidoufey, a e\u0301te\u0301 e\u0301leve\u0301 au grade de ge\u0301ne\u0301ral ...","og_url":"https:\/\/www.africa-press.net\/togo\/politique\/colonel-mamah-agnidoufey-promu-general-de-brigade-aerienne","og_site_name":"Togo","article_published_time":"2025-08-09T18:47:17+00:00","article_modified_time":"2025-08-09T19:28:15+00:00","og_image":[{"width":1280,"height":720,"url":"https:\/\/static.africa-press.net\/togo\/sites\/58\/2025\/08\/sm_1754754824.431189.jpg","type":"image\/jpeg"}],"author":"cfeditorfr","twitter_card":"summary_large_image","twitter_misc":{"\u00c9crit par":"cfeditorfr","Dur\u00e9e de lecture estim\u00e9e":"1 minute"},"schema":{"@context":"https:\/\/schema.org","@graph":[{"@type":"Article","@id":"https:\/\/www.africa-press.net\/togo\/politique\/colonel-mamah-agnidoufey-promu-general-de-brigade-aerienne#article","isPartOf":{"@id":"https:\/\/www.africa-press.net\/togo\/politique\/colonel-mamah-agnidoufey-promu-general-de-brigade-aerienne"},"author":{"name":"cfeditorfr","@id":"https:\/\/www.africa-press.net\/togo\/#\/schema\/person\/2b1cf3cd81a31e3cd26889ca66d677f1"},"headline":"Colonel Mamah Agnidoufey Promu G\u00e9n\u00e9ral de Brigade A\u00e9rienne","datePublished":"2025-08-09T18:47:17+00:00","dateModified":"2025-08-09T19:28:15+00:00","mainEntityOfPage":{"@id":"https:\/\/www.africa-press.net\/togo\/politique\/colonel-mamah-agnidoufey-promu-general-de-brigade-aerienne"},"wordCount":178,"commentCount":0,"image":{"@id":"https:\/\/www.africa-press.net\/togo\/politique\/colonel-mamah-agnidoufey-promu-general-de-brigade-aerienne#primaryimage"},"thumbnailUrl":"https:\/\/static.africa-press.net\/togo\/sites\/58\/2025\/08\/sm_1754754824.431189.jpg","keywords":["Arm\u00e9e togolaise","Togo"],"articleSection":["Politique","Toutes les actualit\u00e9s"],"inLanguage":"fr-FR","potentialAction":[{"@type":"CommentAction","name":"Comment","target":["https:\/\/www.africa-press.net\/togo\/politique\/colonel-mamah-agnidoufey-promu-general-de-brigade-aerienne#respond"]}]},{"@type":"WebPage","@id":"https:\/\/www.africa-press.net\/togo\/politique\/colonel-mamah-agnidoufey-promu-general-de-brigade-aerienne","url":"https:\/\/www.africa-press.net\/togo\/politique\/colonel-mamah-agnidoufey-promu-general-de-brigade-aerienne","name":"Colonel Mamah Agnidoufey Promu G\u00e9n\u00e9ral de Brigade A\u00e9rienne - Togo","isPartOf":{"@id":"https:\/\/www.africa-press.net\/togo\/#website"},"primaryImageOfPage":{"@id":"https:\/\/www.africa-press.net\/togo\/politique\/colonel-mamah-agnidoufey-promu-general-de-brigade-aerienne#primaryimage"},"image":{"@id":"https:\/\/www.africa-press.net\/togo\/politique\/colonel-mamah-agnidoufey-promu-general-de-brigade-aerienne#primaryimage"},"thumbnailUrl":"https:\/\/static.africa-press.net\/togo\/sites\/58\/2025\/08\/sm_1754754824.431189.jpg","datePublished":"2025-08-09T18:47:17+00:00","dateModified":"2025-08-09T19:28:15+00:00","author":{"@id":"https:\/\/www.africa-press.net\/togo\/#\/schema\/person\/2b1cf3cd81a31e3cd26889ca66d677f1"},"description":"Le chef d\u2019e\u0301tat-major de l\u2019arme\u0301e de l\u2019air togolaise, le colonel Mamah Agnidoufey, a e\u0301te\u0301 e\u0301leve\u0301 au grade de ge\u0301ne\u0301ral ...","breadcrumb":{"@id":"https:\/\/www.africa-press.net\/togo\/politique\/colonel-mamah-agnidoufey-promu-general-de-brigade-aerienne#breadcrumb"},"inLanguage":"fr-FR","potentialAction":[{"@type":"ReadAction","target":["https:\/\/www.africa-press.net\/togo\/politique\/colonel-mamah-agnidoufey-promu-general-de-brigade-aerienne"]}]},{"@type":"ImageObject","inLanguage":"fr-FR","@id":"https:\/\/www.africa-press.net\/togo\/politique\/colonel-mamah-agnidoufey-promu-general-de-brigade-aerienne#primaryimage","url":"https:\/\/static.africa-press.net\/togo\/sites\/58\/2025\/08\/sm_1754754824.431189.jpg","contentUrl":"https:\/\/static.africa-press.net\/togo\/sites\/58\/2025\/08\/sm_1754754824.431189.jpg","width":1280,"height":720,"caption":"Colonel Mamah Agnidoufey Promu G\u00e9n\u00e9ral de Brigade A\u00e9rienne"},{"@type":"BreadcrumbList","@id":"https:\/\/www.africa-press.net\/togo\/politique\/colonel-mamah-agnidoufey-promu-general-de-brigade-aerienne#breadcrumb","itemListElement":[{"@type":"ListItem","position":1,"name":"Accueil","item":"https:\/\/www.africa-press.net\/togo\/"},{"@type":"ListItem","position":2,"name":"Colonel Mamah Agnidoufey Promu G\u00e9n\u00e9ral de Brigade A\u00e9rienne"}]},{"@type":"WebSite","@id":"https:\/\/www.africa-press.net\/togo\/#website","url":"https:\/\/www.africa-press.net\/togo\/","name":"Togo","description":"Just another Africa News Agency Sites site","potentialAction":[{"@type":"SearchAction","target":{"@type":"EntryPoint","urlTemplate":"https:\/\/www.africa-press.net\/togo\/?s={search_term_string}"},"query-input":{"@type":"PropertyValueSpecification","valueRequired":true,"valueName":"search_term_string"}}],"inLanguage":"fr-FR"},{"@type":"Person","@id":"https:\/\/www.africa-press.net\/togo\/#\/schema\/person\/2b1cf3cd81a31e3cd26889ca66d677f1","name":"cfeditorfr"}]}},"_links":{"self":[{"href":"https:\/\/www.africa-press.net\/togo\/wp-json\/wp\/v2\/posts\/42431","targetHints":{"allow":["GET"]}}],"collection":[{"href":"https:\/\/www.africa-press.net\/togo\/wp-json\/wp\/v2\/posts"}],"about":[{"href":"https:\/\/www.africa-press.net\/togo\/wp-json\/wp\/v2\/types\/post"}],"author":[{"embeddable":true,"href":"https:\/\/www.africa-press.net\/togo\/wp-json\/wp\/v2\/users\/82"}],"replies":[{"embeddable":true,"href":"https:\/\/www.africa-press.net\/togo\/wp-json\/wp\/v2\/comments?post=42431"}],"version-history":[{"count":0,"href":"https:\/\/www.africa-press.net\/togo\/wp-json\/wp\/v2\/posts\/42431\/revisions"}],"wp:featuredmedia":[{"embeddable":true,"href":"https:\/\/www.africa-press.net\/togo\/wp-json\/wp\/v2\/media\/42430"}],"wp:attachment":[{"href":"https:\/\/www.africa-press.net\/togo\/wp-json\/wp\/v2\/media?parent=42431"}],"wp:term":[{"taxonomy":"category","embeddable":true,"href":"https:\/\/www.africa-press.net\/togo\/wp-json\/wp\/v2\/categories?post=42431"},{"taxonomy":"post_tag","embeddable":true,"href":"https:\/\/www.africa-press.net\/togo\/wp-json\/wp\/v2\/tags?post=42431"}],"curies":[{"name":"wp","href":"https:\/\/api.w.org\/{rel}","templated":true}]}}