{"id":42781,"date":"2025-08-21T18:55:13","date_gmt":"2025-08-21T18:55:13","guid":{"rendered":"https:\/\/www.africa-press.net\/togo\/politique\/annulation-du-concert-de-king-mensah-a-vogan"},"modified":"2025-08-21T19:35:55","modified_gmt":"2025-08-21T19:35:55","slug":"annulation-du-concert-de-king-mensah-a-vogan","status":"publish","type":"post","link":"https:\/\/www.africa-press.net\/togo\/culture-et-art\/annulation-du-concert-de-king-mensah-a-vogan","title":{"rendered":"Annulation du Concert de King Mensah \u00e0 Vogan"},"content":{"rendered":"<p><span style=\"color: #ff6600\"><strong>Africa-Press &#8211; Togo. <\/strong><\/span>Le \u00ab roi du Togo \u00bb, comme on le surnomme affectueusement, ne chantera pas a\u0300 Vogan le 30 aou\u0302t prochain. Le concert de King Mensah, pre\u0301vu dans le cadre de la 4e e\u0301dition d\u2019ADZINUKU RUN, a e\u0301te\u0301 annule\u0301 par les organisateurs. La socie\u0301te\u0301 Nekima Events a annonce\u0301 sa de\u0301cision le 20 aou\u0302t, invoquant la situation socio-politique tendue que traverse actuellement le pays.<\/p>\n<p>Respecte\u0301 bien au-dela\u0300 des frontie\u0300res togolaises, King Mensah est reconnu pour ses textes engage\u0301s et sa capacite\u0301 a\u0300 rassembler toutes les ge\u0301ne\u0301rations. Mais sa pre\u0301sence a\u0300 Vogan avait suscite\u0301, ces derniers jours, de vives discussions sur les re\u0301seaux sociaux. Face a\u0300 la pole\u0301mique et aux risques d\u2019\u00ab incompre\u0301hension \u00bb dans une pe\u0301riode sensible, Nekima Events dit avoir choisi la voie de la prudence.<\/p>\n<p>Dans son communique\u0301, la structure affirme avoir pris cette de\u0301cision \u00ab par respect pour l\u2019artiste et en compassion avec notre peuple \u00bb, rappelant que King Mensah demeure un \u00ab symbole vivant de la culture togolaise \u00bb dont l\u2019image me\u0301rite d\u2019e\u0302tre pre\u0301serve\u0301e.<\/p>\n<p>L\u2019e\u0301dition 2025 d\u2019ADZINUKU RUN devait attirer plusieurs milliers de spectateurs et confirmer le statut de rendez-vous incontournable de la musique live au Togo. Son annulation est donc une de\u0301ception pour les me\u0301lomanes, mais aussi pour les partenaires qui s\u2019e\u0301taient mobilise\u0301s autour de l\u2019e\u0301ve\u0301nement.<\/p>\n<p>La date du concert coi\u0308ncidait avec des appels a\u0300 manifestations dans tout le pays pour re\u0301clamer plus de de\u0301mocratie et de meilleures conditions de vie. Dans ce contexte tendu, la musique, espace d\u2019unite\u0301 et de fe\u0302te, se retrouve a\u0300 son tour happe\u0301e par les clivages politiques.<\/p>\n<p>En annulant le spectacle, les organisateurs veulent prote\u0301ger King Mensah d\u2019une pole\u0301mique qui le de\u0301passe, mais aussi rappeler que la culture doit rester un vecteur de rassemblement.<\/p>\n<p><strong>Pour plus d&rsquo;informations et d&rsquo;analyses sur la <span style=\"color: #ff6600\">Togo<\/span>, suivez <span style=\"color: #ff6600\">Africa-Press<\/span><\/strong><\/p>\n","protected":false},"excerpt":{"rendered":"<p>Africa-Press &#8211; Togo. Le \u00ab roi du Togo \u00bb, comme on le surnomme affectueusement, ne chantera pas a\u0300 Vogan le 30 aou\u0302t prochain. Le concert de King Mensah, pre\u0301vu dans le cadre de la 4e e\u0301dition d\u2019ADZINUKU RUN, a e\u0301te\u0301 annule\u0301 par les organisateurs. La socie\u0301te\u0301 Nekima Events a annonce\u0301 sa de\u0301cision le 20 aou\u0302t, [&hellip;]<\/p>\n","protected":false},"author":82,"featured_media":42780,"comment_status":"open","ping_status":"closed","sticky":false,"template":"","format":"standard","meta":{"footnotes":""},"categories":[5,10],"tags":[2907,50],"class_list":["post-42781","post","type-post","status-publish","format-standard","has-post-thumbnail","hentry","category-culture-et-art","category-toutes-les-actualites","tag-king-mensah","tag-togo"],"yoast_head":"<!-- This site is optimized with the Yoast SEO Premium plugin v26.1 (Yoast SEO v27.0) - https:\/\/yoast.com\/product\/yoast-seo-premium-wordpress\/ -->\n<title>Annulation du Concert de King Mensah \u00e0 Vogan - Togo<\/title>\n<meta name=\"description\" content=\"Le \u00ab roi du Togo \u00bb, comme on le surnomme affectueusement, ne chantera pas a\u0300 Vogan le 30 aou\u0302t prochain. Le concert de K ...\" \/>\n<meta name=\"robots\" content=\"index, follow, max-snippet:-1, max-image-preview:large, max-video-preview:-1\" \/>\n<link rel=\"canonical\" href=\"https:\/\/www.africa-press.net\/togo\/culture-et-art\/annulation-du-concert-de-king-mensah-a-vogan\" \/>\n<meta property=\"og:locale\" content=\"fr_FR\" \/>\n<meta property=\"og:type\" content=\"article\" \/>\n<meta property=\"og:title\" content=\"Annulation du Concert de King Mensah \u00e0 Vogan\" \/>\n<meta property=\"og:description\" content=\"Le \u00ab roi du Togo \u00bb, comme on le surnomme affectueusement, ne chantera pas a\u0300 Vogan le 30 aou\u0302t prochain. Le concert de K ...\" \/>\n<meta property=\"og:url\" content=\"https:\/\/www.africa-press.net\/togo\/culture-et-art\/annulation-du-concert-de-king-mensah-a-vogan\" \/>\n<meta property=\"og:site_name\" content=\"Togo\" \/>\n<meta property=\"article:published_time\" content=\"2025-08-21T18:55:13+00:00\" \/>\n<meta property=\"article:modified_time\" content=\"2025-08-21T19:35:55+00:00\" \/>\n<meta property=\"og:image\" content=\"https:\/\/static.africa-press.net\/togo\/sites\/58\/2025\/08\/sm_1755791889.844731.jpg\" \/>\n\t<meta property=\"og:image:width\" content=\"720\" \/>\n\t<meta property=\"og:image:height\" content=\"480\" \/>\n\t<meta property=\"og:image:type\" content=\"image\/jpeg\" \/>\n<meta name=\"author\" content=\"cfeditorfr\" \/>\n<meta name=\"twitter:card\" content=\"summary_large_image\" \/>\n<meta name=\"twitter:label1\" content=\"\u00c9crit par\" \/>\n\t<meta name=\"twitter:data1\" content=\"cfeditorfr\" \/>\n\t<meta name=\"twitter:label2\" content=\"Dur\u00e9e de lecture estim\u00e9e\" \/>\n\t<meta name=\"twitter:data2\" content=\"2 minutes\" \/>\n<script type=\"application\/ld+json\" class=\"yoast-schema-graph\">{\"@context\":\"https:\/\/schema.org\",\"@graph\":[{\"@type\":\"Article\",\"@id\":\"https:\/\/www.africa-press.net\/togo\/culture-et-art\/annulation-du-concert-de-king-mensah-a-vogan#article\",\"isPartOf\":{\"@id\":\"https:\/\/www.africa-press.net\/togo\/culture-et-art\/annulation-du-concert-de-king-mensah-a-vogan\"},\"author\":{\"name\":\"cfeditorfr\",\"@id\":\"https:\/\/www.africa-press.net\/togo\/#\/schema\/person\/2b1cf3cd81a31e3cd26889ca66d677f1\"},\"headline\":\"Annulation du Concert de King Mensah \u00e0 Vogan\",\"datePublished\":\"2025-08-21T18:55:13+00:00\",\"dateModified\":\"2025-08-21T19:35:55+00:00\",\"mainEntityOfPage\":{\"@id\":\"https:\/\/www.africa-press.net\/togo\/culture-et-art\/annulation-du-concert-de-king-mensah-a-vogan\"},\"wordCount\":340,\"commentCount\":0,\"image\":{\"@id\":\"https:\/\/www.africa-press.net\/togo\/culture-et-art\/annulation-du-concert-de-king-mensah-a-vogan#primaryimage\"},\"thumbnailUrl\":\"https:\/\/static.africa-press.net\/togo\/sites\/58\/2025\/08\/sm_1755791889.844731.jpg\",\"keywords\":[\"king mensah\",\"Togo\"],\"articleSection\":[\"Culture et Art\",\"Toutes les actualit\u00e9s\"],\"inLanguage\":\"fr-FR\",\"potentialAction\":[{\"@type\":\"CommentAction\",\"name\":\"Comment\",\"target\":[\"https:\/\/www.africa-press.net\/togo\/culture-et-art\/annulation-du-concert-de-king-mensah-a-vogan#respond\"]}]},{\"@type\":\"WebPage\",\"@id\":\"https:\/\/www.africa-press.net\/togo\/culture-et-art\/annulation-du-concert-de-king-mensah-a-vogan\",\"url\":\"https:\/\/www.africa-press.net\/togo\/culture-et-art\/annulation-du-concert-de-king-mensah-a-vogan\",\"name\":\"Annulation du Concert de King Mensah \u00e0 Vogan - Togo\",\"isPartOf\":{\"@id\":\"https:\/\/www.africa-press.net\/togo\/#website\"},\"primaryImageOfPage\":{\"@id\":\"https:\/\/www.africa-press.net\/togo\/culture-et-art\/annulation-du-concert-de-king-mensah-a-vogan#primaryimage\"},\"image\":{\"@id\":\"https:\/\/www.africa-press.net\/togo\/culture-et-art\/annulation-du-concert-de-king-mensah-a-vogan#primaryimage\"},\"thumbnailUrl\":\"https:\/\/static.africa-press.net\/togo\/sites\/58\/2025\/08\/sm_1755791889.844731.jpg\",\"datePublished\":\"2025-08-21T18:55:13+00:00\",\"dateModified\":\"2025-08-21T19:35:55+00:00\",\"author\":{\"@id\":\"https:\/\/www.africa-press.net\/togo\/#\/schema\/person\/2b1cf3cd81a31e3cd26889ca66d677f1\"},\"description\":\"Le \u00ab roi du Togo \u00bb, comme on le surnomme affectueusement, ne chantera pas a\u0300 Vogan le 30 aou\u0302t prochain. Le concert de K ...\",\"breadcrumb\":{\"@id\":\"https:\/\/www.africa-press.net\/togo\/culture-et-art\/annulation-du-concert-de-king-mensah-a-vogan#breadcrumb\"},\"inLanguage\":\"fr-FR\",\"potentialAction\":[{\"@type\":\"ReadAction\",\"target\":[\"https:\/\/www.africa-press.net\/togo\/culture-et-art\/annulation-du-concert-de-king-mensah-a-vogan\"]}]},{\"@type\":\"ImageObject\",\"inLanguage\":\"fr-FR\",\"@id\":\"https:\/\/www.africa-press.net\/togo\/culture-et-art\/annulation-du-concert-de-king-mensah-a-vogan#primaryimage\",\"url\":\"https:\/\/static.africa-press.net\/togo\/sites\/58\/2025\/08\/sm_1755791889.844731.jpg\",\"contentUrl\":\"https:\/\/static.africa-press.net\/togo\/sites\/58\/2025\/08\/sm_1755791889.844731.jpg\",\"width\":720,\"height\":480,\"caption\":\"Annulation du Concert de King Mensah \u00e0 Vogan\"},{\"@type\":\"BreadcrumbList\",\"@id\":\"https:\/\/www.africa-press.net\/togo\/culture-et-art\/annulation-du-concert-de-king-mensah-a-vogan#breadcrumb\",\"itemListElement\":[{\"@type\":\"ListItem\",\"position\":1,\"name\":\"Accueil\",\"item\":\"https:\/\/www.africa-press.net\/togo\/\"},{\"@type\":\"ListItem\",\"position\":2,\"name\":\"Annulation du Concert de King Mensah \u00e0 Vogan\"}]},{\"@type\":\"WebSite\",\"@id\":\"https:\/\/www.africa-press.net\/togo\/#website\",\"url\":\"https:\/\/www.africa-press.net\/togo\/\",\"name\":\"Togo\",\"description\":\"Just another Africa News Agency Sites site\",\"potentialAction\":[{\"@type\":\"SearchAction\",\"target\":{\"@type\":\"EntryPoint\",\"urlTemplate\":\"https:\/\/www.africa-press.net\/togo\/?s={search_term_string}\"},\"query-input\":{\"@type\":\"PropertyValueSpecification\",\"valueRequired\":true,\"valueName\":\"search_term_string\"}}],\"inLanguage\":\"fr-FR\"},{\"@type\":\"Person\",\"@id\":\"https:\/\/www.africa-press.net\/togo\/#\/schema\/person\/2b1cf3cd81a31e3cd26889ca66d677f1\",\"name\":\"cfeditorfr\"}]}<\/script>\n<!-- \/ Yoast SEO Premium plugin. -->","yoast_head_json":{"title":"Annulation du Concert de King Mensah \u00e0 Vogan - Togo","description":"Le \u00ab roi du Togo \u00bb, comme on le surnomme affectueusement, ne chantera pas a\u0300 Vogan le 30 aou\u0302t prochain. Le concert de K ...","robots":{"index":"index","follow":"follow","max-snippet":"max-snippet:-1","max-image-preview":"max-image-preview:large","max-video-preview":"max-video-preview:-1"},"canonical":"https:\/\/www.africa-press.net\/togo\/culture-et-art\/annulation-du-concert-de-king-mensah-a-vogan","og_locale":"fr_FR","og_type":"article","og_title":"Annulation du Concert de King Mensah \u00e0 Vogan","og_description":"Le \u00ab roi du Togo \u00bb, comme on le surnomme affectueusement, ne chantera pas a\u0300 Vogan le 30 aou\u0302t prochain. Le concert de K ...","og_url":"https:\/\/www.africa-press.net\/togo\/culture-et-art\/annulation-du-concert-de-king-mensah-a-vogan","og_site_name":"Togo","article_published_time":"2025-08-21T18:55:13+00:00","article_modified_time":"2025-08-21T19:35:55+00:00","og_image":[{"width":720,"height":480,"url":"https:\/\/static.africa-press.net\/togo\/sites\/58\/2025\/08\/sm_1755791889.844731.jpg","type":"image\/jpeg"}],"author":"cfeditorfr","twitter_card":"summary_large_image","twitter_misc":{"\u00c9crit par":"cfeditorfr","Dur\u00e9e de lecture estim\u00e9e":"2 minutes"},"schema":{"@context":"https:\/\/schema.org","@graph":[{"@type":"Article","@id":"https:\/\/www.africa-press.net\/togo\/culture-et-art\/annulation-du-concert-de-king-mensah-a-vogan#article","isPartOf":{"@id":"https:\/\/www.africa-press.net\/togo\/culture-et-art\/annulation-du-concert-de-king-mensah-a-vogan"},"author":{"name":"cfeditorfr","@id":"https:\/\/www.africa-press.net\/togo\/#\/schema\/person\/2b1cf3cd81a31e3cd26889ca66d677f1"},"headline":"Annulation du Concert de King Mensah \u00e0 Vogan","datePublished":"2025-08-21T18:55:13+00:00","dateModified":"2025-08-21T19:35:55+00:00","mainEntityOfPage":{"@id":"https:\/\/www.africa-press.net\/togo\/culture-et-art\/annulation-du-concert-de-king-mensah-a-vogan"},"wordCount":340,"commentCount":0,"image":{"@id":"https:\/\/www.africa-press.net\/togo\/culture-et-art\/annulation-du-concert-de-king-mensah-a-vogan#primaryimage"},"thumbnailUrl":"https:\/\/static.africa-press.net\/togo\/sites\/58\/2025\/08\/sm_1755791889.844731.jpg","keywords":["king mensah","Togo"],"articleSection":["Culture et Art","Toutes les actualit\u00e9s"],"inLanguage":"fr-FR","potentialAction":[{"@type":"CommentAction","name":"Comment","target":["https:\/\/www.africa-press.net\/togo\/culture-et-art\/annulation-du-concert-de-king-mensah-a-vogan#respond"]}]},{"@type":"WebPage","@id":"https:\/\/www.africa-press.net\/togo\/culture-et-art\/annulation-du-concert-de-king-mensah-a-vogan","url":"https:\/\/www.africa-press.net\/togo\/culture-et-art\/annulation-du-concert-de-king-mensah-a-vogan","name":"Annulation du Concert de King Mensah \u00e0 Vogan - Togo","isPartOf":{"@id":"https:\/\/www.africa-press.net\/togo\/#website"},"primaryImageOfPage":{"@id":"https:\/\/www.africa-press.net\/togo\/culture-et-art\/annulation-du-concert-de-king-mensah-a-vogan#primaryimage"},"image":{"@id":"https:\/\/www.africa-press.net\/togo\/culture-et-art\/annulation-du-concert-de-king-mensah-a-vogan#primaryimage"},"thumbnailUrl":"https:\/\/static.africa-press.net\/togo\/sites\/58\/2025\/08\/sm_1755791889.844731.jpg","datePublished":"2025-08-21T18:55:13+00:00","dateModified":"2025-08-21T19:35:55+00:00","author":{"@id":"https:\/\/www.africa-press.net\/togo\/#\/schema\/person\/2b1cf3cd81a31e3cd26889ca66d677f1"},"description":"Le \u00ab roi du Togo \u00bb, comme on le surnomme affectueusement, ne chantera pas a\u0300 Vogan le 30 aou\u0302t prochain. Le concert de K ...","breadcrumb":{"@id":"https:\/\/www.africa-press.net\/togo\/culture-et-art\/annulation-du-concert-de-king-mensah-a-vogan#breadcrumb"},"inLanguage":"fr-FR","potentialAction":[{"@type":"ReadAction","target":["https:\/\/www.africa-press.net\/togo\/culture-et-art\/annulation-du-concert-de-king-mensah-a-vogan"]}]},{"@type":"ImageObject","inLanguage":"fr-FR","@id":"https:\/\/www.africa-press.net\/togo\/culture-et-art\/annulation-du-concert-de-king-mensah-a-vogan#primaryimage","url":"https:\/\/static.africa-press.net\/togo\/sites\/58\/2025\/08\/sm_1755791889.844731.jpg","contentUrl":"https:\/\/static.africa-press.net\/togo\/sites\/58\/2025\/08\/sm_1755791889.844731.jpg","width":720,"height":480,"caption":"Annulation du Concert de King Mensah \u00e0 Vogan"},{"@type":"BreadcrumbList","@id":"https:\/\/www.africa-press.net\/togo\/culture-et-art\/annulation-du-concert-de-king-mensah-a-vogan#breadcrumb","itemListElement":[{"@type":"ListItem","position":1,"name":"Accueil","item":"https:\/\/www.africa-press.net\/togo\/"},{"@type":"ListItem","position":2,"name":"Annulation du Concert de King Mensah \u00e0 Vogan"}]},{"@type":"WebSite","@id":"https:\/\/www.africa-press.net\/togo\/#website","url":"https:\/\/www.africa-press.net\/togo\/","name":"Togo","description":"Just another Africa News Agency Sites site","potentialAction":[{"@type":"SearchAction","target":{"@type":"EntryPoint","urlTemplate":"https:\/\/www.africa-press.net\/togo\/?s={search_term_string}"},"query-input":{"@type":"PropertyValueSpecification","valueRequired":true,"valueName":"search_term_string"}}],"inLanguage":"fr-FR"},{"@type":"Person","@id":"https:\/\/www.africa-press.net\/togo\/#\/schema\/person\/2b1cf3cd81a31e3cd26889ca66d677f1","name":"cfeditorfr"}]}},"_links":{"self":[{"href":"https:\/\/www.africa-press.net\/togo\/wp-json\/wp\/v2\/posts\/42781","targetHints":{"allow":["GET"]}}],"collection":[{"href":"https:\/\/www.africa-press.net\/togo\/wp-json\/wp\/v2\/posts"}],"about":[{"href":"https:\/\/www.africa-press.net\/togo\/wp-json\/wp\/v2\/types\/post"}],"author":[{"embeddable":true,"href":"https:\/\/www.africa-press.net\/togo\/wp-json\/wp\/v2\/users\/82"}],"replies":[{"embeddable":true,"href":"https:\/\/www.africa-press.net\/togo\/wp-json\/wp\/v2\/comments?post=42781"}],"version-history":[{"count":0,"href":"https:\/\/www.africa-press.net\/togo\/wp-json\/wp\/v2\/posts\/42781\/revisions"}],"wp:featuredmedia":[{"embeddable":true,"href":"https:\/\/www.africa-press.net\/togo\/wp-json\/wp\/v2\/media\/42780"}],"wp:attachment":[{"href":"https:\/\/www.africa-press.net\/togo\/wp-json\/wp\/v2\/media?parent=42781"}],"wp:term":[{"taxonomy":"category","embeddable":true,"href":"https:\/\/www.africa-press.net\/togo\/wp-json\/wp\/v2\/categories?post=42781"},{"taxonomy":"post_tag","embeddable":true,"href":"https:\/\/www.africa-press.net\/togo\/wp-json\/wp\/v2\/tags?post=42781"}],"curies":[{"name":"wp","href":"https:\/\/api.w.org\/{rel}","templated":true}]}}