{"id":42995,"date":"2025-08-28T01:16:21","date_gmt":"2025-08-28T01:16:21","guid":{"rendered":"https:\/\/www.africa-press.net\/togo\/politique\/la-jeunesse-besoin-de-pain-pas-de-prison"},"modified":"2025-08-28T01:54:09","modified_gmt":"2025-08-28T01:54:09","slug":"la-jeunesse-besoin-de-pain-pas-de-prison","status":"publish","type":"post","link":"https:\/\/www.africa-press.net\/togo\/politique\/la-jeunesse-besoin-de-pain-pas-de-prison","title":{"rendered":"La Jeunesse Besoin de Pain, pas de Prison"},"content":{"rendered":"<p><span style=\"color: #ff6600\"><strong>Africa-Press &#8211; Togo. <\/strong><\/span>Dans un communique\u0301 rendu public le 27 aou\u0302t 2025, la Dynamique Monseigneur Kpodzro (DMP) de\u0301nonce une vague d\u2019arrestations et d\u2019enle\u0300vements visant des jeunes citoyens apre\u0300s les manifestations de juin dernier. Elle accuse le re\u0301gime RPT-Unir de pratiquer un \u00ab gangste\u0301risme d\u2019E\u0301tat \u00bb et exige la libe\u0301ration sans conditions des de\u0301tenus, tout en appelant la communaute\u0301 internationale a\u0300 intervenir et la jeunesse a\u0300 maintenir sa mobilisation pour le de\u0301part de Faure Gnassingbe\u0301.<\/p>\n<p>COMMUNIQUE<\/p>\n<p>DU PEUPLE (DMP)<\/p>\n<p>Togo: Halte a\u0300 l\u2019arrestation et a\u0300 l\u2019emprisonnement de la jeunesse. Elle a besoin de pain, pas de la prison.<\/p>\n<p>Depuis quelques semaines, apre\u0300s les manifestations des 26, 27 et 28 juin 2025 violemment re\u0301prime\u0301es par les forces de de\u0301fense et de se\u0301curite\u0301 appuye\u0301es par les miliciens qu\u2019entretient le re\u0301gime RPT-Unir, le pouvoir dictateur du Togo s\u2019emploie a\u0300 enlever les citoyens et a\u0300 les faire disparai\u0302tre. Les me\u0301thodes utilise\u0301es par ceux qui font ces basses et funestes besognes d\u2019enle\u0300vement des paisibles citoyens ressemblent a\u0300 du pur gangste\u0301risme d\u2019Etat sans aucun respect des proce\u0301dures et de la dignite\u0301 humaine.<\/p>\n<p>C\u2019est le cas notamment de M. AKOUETE\u0301 The\u0301odore enleve\u0301 depuis le 14 aou\u0302t 2025 et jete\u0301 en prison apre\u0300s 5 jours de de\u0301tention arbitraire au SGRIC.<\/p>\n<p>C\u2019est aussi le cas des jeunes:<\/p>\n<p>\u00b7 AZIAKOU Koami,<\/p>\n<p>\u00b7 AGBILEZE Armand<\/p>\n<p>\u00b7 AGBAGNO Komi<\/p>\n<p>Tous enleve\u0301s entre le 20 et 22 aou\u0302t dernier et garde\u0301s au SGRIC.<\/p>\n<p>Tout porte a\u0300 croire que le re\u0301gime RPT-Unir, accule\u0301, de\u0301cohe\u0301rent et e\u0301branle\u0301 par le courage et la de\u0301termination qu\u2019affiche la jeunesse togolaise d\u2019en finir avec le syste\u0300me qu\u2019il incarne, cherche a\u0300 briser cet e\u0301lan par ces pratiques inhumaines et indignes. Mais peine perdue !<\/p>\n<p>Cela ne peut pas continuer et doit cesser imme\u0301diatement.<\/p>\n<p>La DMP proteste vigoureusement contre ces pratiques et condamne cette honteuse manie\u0300re d\u2019un autre a\u0302ge, a\u0300 laquelle le gouvernement se voit oblige\u0301 de recourir pour contenir la grave crise politique dans laquelle il a plonge\u0301 notre pays. Elle demande la libe\u0301ration imme\u0301diate et sans conditions de toutes ces personnes arre\u0302te\u0301es et garde\u0301es ainsi que tous les prisonniers politiques qui croupissent dans les geo\u0302les de Faure Gnassingbe\u0301.<\/p>\n<p>On se demande si c\u2019est cette politique de terreur qui va re\u0301gler les proble\u0300mes de la faim, des injustices sociales et de la mauvaise gouvernance dont la jeunesse togolaise l\u2019accuse.<\/p>\n<p>La DMP apporte son soutien a\u0300 toutes les personnes et toutes les familles victimes de ces pratiques inhumaines d\u2019un autre a\u0302ge et les rassure de sa solidarite\u0301 et son engagement a\u0300 lutter de toute son e\u0301nergie aux co\u0302te\u0301s du peuple pour la fin de cette de\u0301rive autoritaire de M. Faure Gnassingbe\u0301.<\/p>\n<p>La DMP demande au gouvernement de prendre conscience de la gravite\u0301 des actes qu\u2019il pose et qui augmentent les frustrations, de\u0301truisent le tissu social et menacent gravement le vivre-ensemble harmonieux que recherchent les Togolais dans leur ensemble. Elle lui demande de faire cesser ces arrestations arbitraires et les enle\u0300vements des citoyens qui ne re\u0301pondent a\u0300 aucune proce\u0301dure le\u0301gale.<\/p>\n<p>La DMP interpelle la communaute\u0301 internationale en l\u2019occurrence les organisations de de\u0301fense des droits humains comme Amnesty Internationale (AI), la Fe\u0301de\u0301ration Internationale des Droits de l\u2019Homme (FIDH), et d\u2019autres encore a\u0300 se saisir des dossiers du Togo pour secourir nos populations en de\u0301tresse a\u0300 cause de la me\u0301chancete\u0301 de leurs propres dirigeants.<\/p>\n<p>La DMP demande au peuple togolais et surtout a\u0300 la jeunesse togolaise de ne pas se laisser guider par la peur que tente de\u0301sespe\u0301re\u0301ment de lui inoculer le re\u0301gime RPT-Unir mais de redoubler son courage et sa de\u0301termination et se lever comme un seul homme pour qu\u2019ensemble nous exigeons le de\u0301part inconditionnel de Faure Gnassingbe\u0301.<\/p>\n<p>Fait a\u0300 Lome\u0301 le 27 aou\u0302t 2025 La Confe\u0301rence des Pre\u0301sidents.<\/p>\n<p><strong>Pour plus d&rsquo;informations et d&rsquo;analyses sur la <span style=\"color: #ff6600\">Togo<\/span>, suivez <span style=\"color: #ff6600\">Africa-Press<\/span><\/strong><\/p>\n","protected":false},"excerpt":{"rendered":"<p>Africa-Press &#8211; Togo. Dans un communique\u0301 rendu public le 27 aou\u0302t 2025, la Dynamique Monseigneur Kpodzro (DMP) de\u0301nonce une vague d\u2019arrestations et d\u2019enle\u0300vements visant des jeunes citoyens apre\u0300s les manifestations de juin dernier. Elle accuse le re\u0301gime RPT-Unir de pratiquer un \u00ab gangste\u0301risme d\u2019E\u0301tat \u00bb et exige la libe\u0301ration sans conditions des de\u0301tenus, tout en [&hellip;]<\/p>\n","protected":false},"author":82,"featured_media":42994,"comment_status":"open","ping_status":"closed","sticky":false,"template":"","format":"standard","meta":{"footnotes":""},"categories":[2,10],"tags":[417,508,50],"class_list":["post-42995","post","type-post","status-publish","format-standard","has-post-thumbnail","hentry","category-politique","category-toutes-les-actualites","tag-arrestation","tag-prison","tag-togo"],"yoast_head":"<!-- This site is optimized with the Yoast SEO Premium plugin v26.1 (Yoast SEO v27.0) - https:\/\/yoast.com\/product\/yoast-seo-premium-wordpress\/ -->\n<title>La Jeunesse Besoin de Pain, pas de Prison - Togo<\/title>\n<meta name=\"description\" content=\"Dans un communique\u0301 rendu public le 27 aou\u0302t 2025, la Dynamique Monseigneur Kpodzro (DMP) de\u0301nonce une vague d\u2019arrestati ...\" \/>\n<meta name=\"robots\" content=\"index, follow, max-snippet:-1, max-image-preview:large, max-video-preview:-1\" \/>\n<link rel=\"canonical\" href=\"https:\/\/www.africa-press.net\/togo\/politique\/la-jeunesse-besoin-de-pain-pas-de-prison\" \/>\n<meta property=\"og:locale\" content=\"fr_FR\" \/>\n<meta property=\"og:type\" content=\"article\" \/>\n<meta property=\"og:title\" content=\"La Jeunesse Besoin de Pain, pas de Prison\" \/>\n<meta property=\"og:description\" content=\"Dans un communique\u0301 rendu public le 27 aou\u0302t 2025, la Dynamique Monseigneur Kpodzro (DMP) de\u0301nonce une vague d\u2019arrestati ...\" \/>\n<meta property=\"og:url\" content=\"https:\/\/www.africa-press.net\/togo\/politique\/la-jeunesse-besoin-de-pain-pas-de-prison\" \/>\n<meta property=\"og:site_name\" content=\"Togo\" \/>\n<meta property=\"article:published_time\" content=\"2025-08-28T01:16:21+00:00\" \/>\n<meta property=\"article:modified_time\" content=\"2025-08-28T01:54:09+00:00\" \/>\n<meta property=\"og:image\" content=\"https:\/\/static.africa-press.net\/togo\/sites\/58\/2025\/08\/sm_1756333010.658443.jpg\" \/>\n\t<meta property=\"og:image:width\" content=\"720\" \/>\n\t<meta property=\"og:image:height\" content=\"480\" \/>\n\t<meta property=\"og:image:type\" content=\"image\/jpeg\" \/>\n<meta name=\"author\" content=\"cfeditorfr\" \/>\n<meta name=\"twitter:card\" content=\"summary_large_image\" \/>\n<meta name=\"twitter:label1\" content=\"\u00c9crit par\" \/>\n\t<meta name=\"twitter:data1\" content=\"cfeditorfr\" \/>\n\t<meta name=\"twitter:label2\" content=\"Dur\u00e9e de lecture estim\u00e9e\" \/>\n\t<meta name=\"twitter:data2\" content=\"3 minutes\" \/>\n<script type=\"application\/ld+json\" class=\"yoast-schema-graph\">{\"@context\":\"https:\/\/schema.org\",\"@graph\":[{\"@type\":\"Article\",\"@id\":\"https:\/\/www.africa-press.net\/togo\/politique\/la-jeunesse-besoin-de-pain-pas-de-prison#article\",\"isPartOf\":{\"@id\":\"https:\/\/www.africa-press.net\/togo\/politique\/la-jeunesse-besoin-de-pain-pas-de-prison\"},\"author\":{\"name\":\"cfeditorfr\",\"@id\":\"https:\/\/www.africa-press.net\/togo\/#\/schema\/person\/2b1cf3cd81a31e3cd26889ca66d677f1\"},\"headline\":\"La Jeunesse Besoin de Pain, pas de Prison\",\"datePublished\":\"2025-08-28T01:16:21+00:00\",\"dateModified\":\"2025-08-28T01:54:09+00:00\",\"mainEntityOfPage\":{\"@id\":\"https:\/\/www.africa-press.net\/togo\/politique\/la-jeunesse-besoin-de-pain-pas-de-prison\"},\"wordCount\":701,\"commentCount\":0,\"image\":{\"@id\":\"https:\/\/www.africa-press.net\/togo\/politique\/la-jeunesse-besoin-de-pain-pas-de-prison#primaryimage\"},\"thumbnailUrl\":\"https:\/\/static.africa-press.net\/togo\/sites\/58\/2025\/08\/sm_1756333010.658443.jpg\",\"keywords\":[\"arrestation\",\"Prison\",\"Togo\"],\"articleSection\":[\"Politique\",\"Toutes les actualit\u00e9s\"],\"inLanguage\":\"fr-FR\",\"potentialAction\":[{\"@type\":\"CommentAction\",\"name\":\"Comment\",\"target\":[\"https:\/\/www.africa-press.net\/togo\/politique\/la-jeunesse-besoin-de-pain-pas-de-prison#respond\"]}]},{\"@type\":\"WebPage\",\"@id\":\"https:\/\/www.africa-press.net\/togo\/politique\/la-jeunesse-besoin-de-pain-pas-de-prison\",\"url\":\"https:\/\/www.africa-press.net\/togo\/politique\/la-jeunesse-besoin-de-pain-pas-de-prison\",\"name\":\"La Jeunesse Besoin de Pain, pas de Prison - Togo\",\"isPartOf\":{\"@id\":\"https:\/\/www.africa-press.net\/togo\/#website\"},\"primaryImageOfPage\":{\"@id\":\"https:\/\/www.africa-press.net\/togo\/politique\/la-jeunesse-besoin-de-pain-pas-de-prison#primaryimage\"},\"image\":{\"@id\":\"https:\/\/www.africa-press.net\/togo\/politique\/la-jeunesse-besoin-de-pain-pas-de-prison#primaryimage\"},\"thumbnailUrl\":\"https:\/\/static.africa-press.net\/togo\/sites\/58\/2025\/08\/sm_1756333010.658443.jpg\",\"datePublished\":\"2025-08-28T01:16:21+00:00\",\"dateModified\":\"2025-08-28T01:54:09+00:00\",\"author\":{\"@id\":\"https:\/\/www.africa-press.net\/togo\/#\/schema\/person\/2b1cf3cd81a31e3cd26889ca66d677f1\"},\"description\":\"Dans un communique\u0301 rendu public le 27 aou\u0302t 2025, la Dynamique Monseigneur Kpodzro (DMP) de\u0301nonce une vague d\u2019arrestati ...\",\"breadcrumb\":{\"@id\":\"https:\/\/www.africa-press.net\/togo\/politique\/la-jeunesse-besoin-de-pain-pas-de-prison#breadcrumb\"},\"inLanguage\":\"fr-FR\",\"potentialAction\":[{\"@type\":\"ReadAction\",\"target\":[\"https:\/\/www.africa-press.net\/togo\/politique\/la-jeunesse-besoin-de-pain-pas-de-prison\"]}]},{\"@type\":\"ImageObject\",\"inLanguage\":\"fr-FR\",\"@id\":\"https:\/\/www.africa-press.net\/togo\/politique\/la-jeunesse-besoin-de-pain-pas-de-prison#primaryimage\",\"url\":\"https:\/\/static.africa-press.net\/togo\/sites\/58\/2025\/08\/sm_1756333010.658443.jpg\",\"contentUrl\":\"https:\/\/static.africa-press.net\/togo\/sites\/58\/2025\/08\/sm_1756333010.658443.jpg\",\"width\":720,\"height\":480,\"caption\":\"La Jeunesse Besoin de Pain, pas de Prison\"},{\"@type\":\"BreadcrumbList\",\"@id\":\"https:\/\/www.africa-press.net\/togo\/politique\/la-jeunesse-besoin-de-pain-pas-de-prison#breadcrumb\",\"itemListElement\":[{\"@type\":\"ListItem\",\"position\":1,\"name\":\"Accueil\",\"item\":\"https:\/\/www.africa-press.net\/togo\/\"},{\"@type\":\"ListItem\",\"position\":2,\"name\":\"La Jeunesse Besoin de Pain, pas de Prison\"}]},{\"@type\":\"WebSite\",\"@id\":\"https:\/\/www.africa-press.net\/togo\/#website\",\"url\":\"https:\/\/www.africa-press.net\/togo\/\",\"name\":\"Togo\",\"description\":\"Just another Africa News Agency Sites site\",\"potentialAction\":[{\"@type\":\"SearchAction\",\"target\":{\"@type\":\"EntryPoint\",\"urlTemplate\":\"https:\/\/www.africa-press.net\/togo\/?s={search_term_string}\"},\"query-input\":{\"@type\":\"PropertyValueSpecification\",\"valueRequired\":true,\"valueName\":\"search_term_string\"}}],\"inLanguage\":\"fr-FR\"},{\"@type\":\"Person\",\"@id\":\"https:\/\/www.africa-press.net\/togo\/#\/schema\/person\/2b1cf3cd81a31e3cd26889ca66d677f1\",\"name\":\"cfeditorfr\"}]}<\/script>\n<!-- \/ Yoast SEO Premium plugin. -->","yoast_head_json":{"title":"La Jeunesse Besoin de Pain, pas de Prison - Togo","description":"Dans un communique\u0301 rendu public le 27 aou\u0302t 2025, la Dynamique Monseigneur Kpodzro (DMP) de\u0301nonce une vague d\u2019arrestati ...","robots":{"index":"index","follow":"follow","max-snippet":"max-snippet:-1","max-image-preview":"max-image-preview:large","max-video-preview":"max-video-preview:-1"},"canonical":"https:\/\/www.africa-press.net\/togo\/politique\/la-jeunesse-besoin-de-pain-pas-de-prison","og_locale":"fr_FR","og_type":"article","og_title":"La Jeunesse Besoin de Pain, pas de Prison","og_description":"Dans un communique\u0301 rendu public le 27 aou\u0302t 2025, la Dynamique Monseigneur Kpodzro (DMP) de\u0301nonce une vague d\u2019arrestati ...","og_url":"https:\/\/www.africa-press.net\/togo\/politique\/la-jeunesse-besoin-de-pain-pas-de-prison","og_site_name":"Togo","article_published_time":"2025-08-28T01:16:21+00:00","article_modified_time":"2025-08-28T01:54:09+00:00","og_image":[{"width":720,"height":480,"url":"https:\/\/static.africa-press.net\/togo\/sites\/58\/2025\/08\/sm_1756333010.658443.jpg","type":"image\/jpeg"}],"author":"cfeditorfr","twitter_card":"summary_large_image","twitter_misc":{"\u00c9crit par":"cfeditorfr","Dur\u00e9e de lecture estim\u00e9e":"3 minutes"},"schema":{"@context":"https:\/\/schema.org","@graph":[{"@type":"Article","@id":"https:\/\/www.africa-press.net\/togo\/politique\/la-jeunesse-besoin-de-pain-pas-de-prison#article","isPartOf":{"@id":"https:\/\/www.africa-press.net\/togo\/politique\/la-jeunesse-besoin-de-pain-pas-de-prison"},"author":{"name":"cfeditorfr","@id":"https:\/\/www.africa-press.net\/togo\/#\/schema\/person\/2b1cf3cd81a31e3cd26889ca66d677f1"},"headline":"La Jeunesse Besoin de Pain, pas de Prison","datePublished":"2025-08-28T01:16:21+00:00","dateModified":"2025-08-28T01:54:09+00:00","mainEntityOfPage":{"@id":"https:\/\/www.africa-press.net\/togo\/politique\/la-jeunesse-besoin-de-pain-pas-de-prison"},"wordCount":701,"commentCount":0,"image":{"@id":"https:\/\/www.africa-press.net\/togo\/politique\/la-jeunesse-besoin-de-pain-pas-de-prison#primaryimage"},"thumbnailUrl":"https:\/\/static.africa-press.net\/togo\/sites\/58\/2025\/08\/sm_1756333010.658443.jpg","keywords":["arrestation","Prison","Togo"],"articleSection":["Politique","Toutes les actualit\u00e9s"],"inLanguage":"fr-FR","potentialAction":[{"@type":"CommentAction","name":"Comment","target":["https:\/\/www.africa-press.net\/togo\/politique\/la-jeunesse-besoin-de-pain-pas-de-prison#respond"]}]},{"@type":"WebPage","@id":"https:\/\/www.africa-press.net\/togo\/politique\/la-jeunesse-besoin-de-pain-pas-de-prison","url":"https:\/\/www.africa-press.net\/togo\/politique\/la-jeunesse-besoin-de-pain-pas-de-prison","name":"La Jeunesse Besoin de Pain, pas de Prison - Togo","isPartOf":{"@id":"https:\/\/www.africa-press.net\/togo\/#website"},"primaryImageOfPage":{"@id":"https:\/\/www.africa-press.net\/togo\/politique\/la-jeunesse-besoin-de-pain-pas-de-prison#primaryimage"},"image":{"@id":"https:\/\/www.africa-press.net\/togo\/politique\/la-jeunesse-besoin-de-pain-pas-de-prison#primaryimage"},"thumbnailUrl":"https:\/\/static.africa-press.net\/togo\/sites\/58\/2025\/08\/sm_1756333010.658443.jpg","datePublished":"2025-08-28T01:16:21+00:00","dateModified":"2025-08-28T01:54:09+00:00","author":{"@id":"https:\/\/www.africa-press.net\/togo\/#\/schema\/person\/2b1cf3cd81a31e3cd26889ca66d677f1"},"description":"Dans un communique\u0301 rendu public le 27 aou\u0302t 2025, la Dynamique Monseigneur Kpodzro (DMP) de\u0301nonce une vague d\u2019arrestati ...","breadcrumb":{"@id":"https:\/\/www.africa-press.net\/togo\/politique\/la-jeunesse-besoin-de-pain-pas-de-prison#breadcrumb"},"inLanguage":"fr-FR","potentialAction":[{"@type":"ReadAction","target":["https:\/\/www.africa-press.net\/togo\/politique\/la-jeunesse-besoin-de-pain-pas-de-prison"]}]},{"@type":"ImageObject","inLanguage":"fr-FR","@id":"https:\/\/www.africa-press.net\/togo\/politique\/la-jeunesse-besoin-de-pain-pas-de-prison#primaryimage","url":"https:\/\/static.africa-press.net\/togo\/sites\/58\/2025\/08\/sm_1756333010.658443.jpg","contentUrl":"https:\/\/static.africa-press.net\/togo\/sites\/58\/2025\/08\/sm_1756333010.658443.jpg","width":720,"height":480,"caption":"La Jeunesse Besoin de Pain, pas de Prison"},{"@type":"BreadcrumbList","@id":"https:\/\/www.africa-press.net\/togo\/politique\/la-jeunesse-besoin-de-pain-pas-de-prison#breadcrumb","itemListElement":[{"@type":"ListItem","position":1,"name":"Accueil","item":"https:\/\/www.africa-press.net\/togo\/"},{"@type":"ListItem","position":2,"name":"La Jeunesse Besoin de Pain, pas de Prison"}]},{"@type":"WebSite","@id":"https:\/\/www.africa-press.net\/togo\/#website","url":"https:\/\/www.africa-press.net\/togo\/","name":"Togo","description":"Just another Africa News Agency Sites site","potentialAction":[{"@type":"SearchAction","target":{"@type":"EntryPoint","urlTemplate":"https:\/\/www.africa-press.net\/togo\/?s={search_term_string}"},"query-input":{"@type":"PropertyValueSpecification","valueRequired":true,"valueName":"search_term_string"}}],"inLanguage":"fr-FR"},{"@type":"Person","@id":"https:\/\/www.africa-press.net\/togo\/#\/schema\/person\/2b1cf3cd81a31e3cd26889ca66d677f1","name":"cfeditorfr"}]}},"_links":{"self":[{"href":"https:\/\/www.africa-press.net\/togo\/wp-json\/wp\/v2\/posts\/42995","targetHints":{"allow":["GET"]}}],"collection":[{"href":"https:\/\/www.africa-press.net\/togo\/wp-json\/wp\/v2\/posts"}],"about":[{"href":"https:\/\/www.africa-press.net\/togo\/wp-json\/wp\/v2\/types\/post"}],"author":[{"embeddable":true,"href":"https:\/\/www.africa-press.net\/togo\/wp-json\/wp\/v2\/users\/82"}],"replies":[{"embeddable":true,"href":"https:\/\/www.africa-press.net\/togo\/wp-json\/wp\/v2\/comments?post=42995"}],"version-history":[{"count":0,"href":"https:\/\/www.africa-press.net\/togo\/wp-json\/wp\/v2\/posts\/42995\/revisions"}],"wp:featuredmedia":[{"embeddable":true,"href":"https:\/\/www.africa-press.net\/togo\/wp-json\/wp\/v2\/media\/42994"}],"wp:attachment":[{"href":"https:\/\/www.africa-press.net\/togo\/wp-json\/wp\/v2\/media?parent=42995"}],"wp:term":[{"taxonomy":"category","embeddable":true,"href":"https:\/\/www.africa-press.net\/togo\/wp-json\/wp\/v2\/categories?post=42995"},{"taxonomy":"post_tag","embeddable":true,"href":"https:\/\/www.africa-press.net\/togo\/wp-json\/wp\/v2\/tags?post=42995"}],"curies":[{"name":"wp","href":"https:\/\/api.w.org\/{rel}","templated":true}]}}