{"id":43808,"date":"2025-09-29T13:50:07","date_gmt":"2025-09-29T13:50:07","guid":{"rendered":"https:\/\/www.africa-press.net\/togo\/politique\/arrestations-au-togo-et-defis-du-developpement"},"modified":"2025-09-29T14:26:18","modified_gmt":"2025-09-29T14:26:18","slug":"arrestations-au-togo-et-defis-du-developpement","status":"publish","type":"post","link":"https:\/\/www.africa-press.net\/togo\/politique\/arrestations-au-togo-et-defis-du-developpement","title":{"rendered":"Arrestations au Togo et D\u00e9fis du D\u00e9veloppement"},"content":{"rendered":"<p><span style=\"color: #ff6600\"><strong>Africa-Press &#8211; Togo. <\/strong><\/span>Ils sont quelque 700 repre\u0301sentants de partis, de la socie\u0301te\u0301 civile et de syndicats, mais aussi des experts et des universitaires, qui se sont re\u0301unis a\u0300 Diamniadio, pre\u0300s de Dakar du 28 mai au 4 juin 2025 pour la \u00ab refondation \u00bb de la de\u0301mocratie au Se\u0301ne\u0301gal, dans un contexte de tensions entre le pouvoir et les anciens dignitaires du re\u0301gime Macky Sall. Le Pre\u0301sident se\u0301ne\u0301galais, Bassirou Diomaye Faye a proce\u0301de\u0301 a\u0300 l\u2019ouverture de ce dialogue national au cour duquel l\u2019opposition repre\u0301sente\u0301e a\u0300 cette concertation l\u2019a appele\u0301 a\u0300 \u00ab poser des actes de concorde et de re\u0301conciliation nationale \u00bb par \u00ab la libe\u0301ration de jeunes \u00bb, dont plusieurs sont en de\u0301tention pour \u00ab de\u0301lit d\u2019opinion \u00bb, et \u00ab la fin de toutes les de\u0301tentions provisoires \u00bb d\u2019anciens responsables politiques. Un pays qui veut avancer doit apprendre a\u0300 faire parler ses filles et fils. Au Se\u0301ne\u0301gal, rien n\u2019urge pour que le nouveau re\u0301gime qui a fait a\u0300 peine une anne\u0301e a\u0300 la te\u0302te du pays puisse appeler a\u0300 une concertation nationale.<\/p>\n<p>Mais pour l\u2019ancrage de la de\u0301mocratie et les de\u0301fis du de\u0301veloppement du pays, ce sursaut a e\u0301te\u0301 fait me\u0302me s\u2019il n\u2019a pas requis l\u2019assentiment de toute la classe politique.<\/p>\n<p>Au Togo, il y a urgence que Faure Gnassingbe\u0301 prenne la parole. Aucun pays ne peut se de\u0301velopper sous tension permanente. Depuis plusieurs mois, la de\u0301flagration socio-politique est accentue\u0301e aussi bien a\u0300 l\u2019inte\u0301rieur du pays que dans la diaspora. En cause, le changement unilate\u0301ral de la constitution et la volonte\u0301 du pouvoir a\u0300 vie du Pre\u0301sident du parti au pouvoir.<\/p>\n<p>En re\u0301ponse aux manifestations pour la bonne gouvernance, c\u2019est une spirale d\u2019interpellations des jeunes, activistes, artistes, e\u0301tudiants. Les derniers cas en date sont l\u2019ancienne ministre des Arme\u0301es Marguerite Gnakade et l\u2019artiste Aamron interpelle\u0301s la semaine dernie\u0300re. Une situation qui suscite de vive indignation au sein de l\u2019opinion. Les chefs d\u2019accusation sont presque les me\u0302mes: troubles aggrave\u0301s a\u0300 l\u2019ordre public, atteinte a\u0300 la se\u0301curite\u0301 de l\u2019Etat. C\u2019est la liste des prisonniers d\u2019opinion qui s\u2019allonge avec son lot de de\u0301ce\u0300s dans les geo\u0302les. C\u2019est l\u2019image du Togo qui continue d\u2019e\u0302tre e\u0301corne\u0301e.<\/p>\n<p>Pourtant, les autorite\u0301s savent bien que quiconque que les arrestations arbitraires ne sont pas les re\u0301ponses aux revendications des voix opprime\u0301es. Aucun pays ne peut se relever dans un climat aussi anxioge\u0300ne.<\/p>\n<p>Les voisins imme\u0301diats a\u0300 l\u2019Est et a\u0300 l\u2019Ouest ont largement pris le train de de\u0301veloppement. Malheureusement, le Togo demeure dans les faits divers et les querelles intestines.<\/p>\n<p>Comment dans ces conditions, le pays peut faire ve\u0301ritablement face aux vrais enjeux du de\u0301veloppement?<\/p>\n<p>Que cela change pour le bien du pays.<\/p>\n<p>Honore\u0301 Adontui<\/p>\n<p><strong>Pour plus d&rsquo;informations et d&rsquo;analyses sur la <span style=\"color: #ff6600\">Togo<\/span>, suivez <span style=\"color: #ff6600\">Africa-Press<\/span><\/strong><\/p>\n","protected":false},"excerpt":{"rendered":"<p>Africa-Press &#8211; Togo. Ils sont quelque 700 repre\u0301sentants de partis, de la socie\u0301te\u0301 civile et de syndicats, mais aussi des experts et des universitaires, qui se sont re\u0301unis a\u0300 Diamniadio, pre\u0300s de Dakar du 28 mai au 4 juin 2025 pour la \u00ab refondation \u00bb de la de\u0301mocratie au Se\u0301ne\u0301gal, dans un contexte de tensions [&hellip;]<\/p>\n","protected":false},"author":82,"featured_media":43807,"comment_status":"open","ping_status":"closed","sticky":false,"template":"","format":"standard","meta":{"footnotes":""},"categories":[2,10],"tags":[417,50],"class_list":["post-43808","post","type-post","status-publish","format-standard","has-post-thumbnail","hentry","category-politique","category-toutes-les-actualites","tag-arrestation","tag-togo"],"yoast_head":"<!-- This site is optimized with the Yoast SEO Premium plugin v26.1 (Yoast SEO v27.0) - https:\/\/yoast.com\/product\/yoast-seo-premium-wordpress\/ -->\n<title>Arrestations au Togo et D\u00e9fis du D\u00e9veloppement - Togo<\/title>\n<meta name=\"description\" content=\"Ils sont quelque 700 repre\u0301sentants de partis, de la socie\u0301te\u0301 civile et de syndicats, mais aussi des experts et des uni ...\" \/>\n<meta name=\"robots\" content=\"index, follow, max-snippet:-1, max-image-preview:large, max-video-preview:-1\" \/>\n<link rel=\"canonical\" href=\"https:\/\/www.africa-press.net\/togo\/politique\/arrestations-au-togo-et-defis-du-developpement\" \/>\n<meta property=\"og:locale\" content=\"fr_FR\" \/>\n<meta property=\"og:type\" content=\"article\" \/>\n<meta property=\"og:title\" content=\"Arrestations au Togo et D\u00e9fis du D\u00e9veloppement\" \/>\n<meta property=\"og:description\" content=\"Ils sont quelque 700 repre\u0301sentants de partis, de la socie\u0301te\u0301 civile et de syndicats, mais aussi des experts et des uni ...\" \/>\n<meta property=\"og:url\" content=\"https:\/\/www.africa-press.net\/togo\/politique\/arrestations-au-togo-et-defis-du-developpement\" \/>\n<meta property=\"og:site_name\" content=\"Togo\" \/>\n<meta property=\"article:published_time\" content=\"2025-09-29T13:50:07+00:00\" \/>\n<meta property=\"article:modified_time\" content=\"2025-09-29T14:26:18+00:00\" \/>\n<meta property=\"og:image\" content=\"https:\/\/static.africa-press.net\/togo\/sites\/58\/2025\/09\/sm_1759142977.990446.jpg\" \/>\n\t<meta property=\"og:image:width\" content=\"720\" \/>\n\t<meta property=\"og:image:height\" content=\"509\" \/>\n\t<meta property=\"og:image:type\" content=\"image\/jpeg\" \/>\n<meta name=\"author\" content=\"cfeditorfr\" \/>\n<meta name=\"twitter:card\" content=\"summary_large_image\" \/>\n<meta name=\"twitter:label1\" content=\"\u00c9crit par\" \/>\n\t<meta name=\"twitter:data1\" content=\"cfeditorfr\" \/>\n\t<meta name=\"twitter:label2\" content=\"Dur\u00e9e de lecture estim\u00e9e\" \/>\n\t<meta name=\"twitter:data2\" content=\"3 minutes\" \/>\n<script type=\"application\/ld+json\" class=\"yoast-schema-graph\">{\"@context\":\"https:\/\/schema.org\",\"@graph\":[{\"@type\":\"Article\",\"@id\":\"https:\/\/www.africa-press.net\/togo\/politique\/arrestations-au-togo-et-defis-du-developpement#article\",\"isPartOf\":{\"@id\":\"https:\/\/www.africa-press.net\/togo\/politique\/arrestations-au-togo-et-defis-du-developpement\"},\"author\":{\"name\":\"cfeditorfr\",\"@id\":\"https:\/\/www.africa-press.net\/togo\/#\/schema\/person\/2b1cf3cd81a31e3cd26889ca66d677f1\"},\"headline\":\"Arrestations au Togo et D\u00e9fis du D\u00e9veloppement\",\"datePublished\":\"2025-09-29T13:50:07+00:00\",\"dateModified\":\"2025-09-29T14:26:18+00:00\",\"mainEntityOfPage\":{\"@id\":\"https:\/\/www.africa-press.net\/togo\/politique\/arrestations-au-togo-et-defis-du-developpement\"},\"wordCount\":526,\"commentCount\":0,\"image\":{\"@id\":\"https:\/\/www.africa-press.net\/togo\/politique\/arrestations-au-togo-et-defis-du-developpement#primaryimage\"},\"thumbnailUrl\":\"https:\/\/static.africa-press.net\/togo\/sites\/58\/2025\/09\/sm_1759142977.990446.jpg\",\"keywords\":[\"arrestation\",\"Togo\"],\"articleSection\":[\"Politique\",\"Toutes les actualit\u00e9s\"],\"inLanguage\":\"fr-FR\",\"potentialAction\":[{\"@type\":\"CommentAction\",\"name\":\"Comment\",\"target\":[\"https:\/\/www.africa-press.net\/togo\/politique\/arrestations-au-togo-et-defis-du-developpement#respond\"]}]},{\"@type\":\"WebPage\",\"@id\":\"https:\/\/www.africa-press.net\/togo\/politique\/arrestations-au-togo-et-defis-du-developpement\",\"url\":\"https:\/\/www.africa-press.net\/togo\/politique\/arrestations-au-togo-et-defis-du-developpement\",\"name\":\"Arrestations au Togo et D\u00e9fis du D\u00e9veloppement - Togo\",\"isPartOf\":{\"@id\":\"https:\/\/www.africa-press.net\/togo\/#website\"},\"primaryImageOfPage\":{\"@id\":\"https:\/\/www.africa-press.net\/togo\/politique\/arrestations-au-togo-et-defis-du-developpement#primaryimage\"},\"image\":{\"@id\":\"https:\/\/www.africa-press.net\/togo\/politique\/arrestations-au-togo-et-defis-du-developpement#primaryimage\"},\"thumbnailUrl\":\"https:\/\/static.africa-press.net\/togo\/sites\/58\/2025\/09\/sm_1759142977.990446.jpg\",\"datePublished\":\"2025-09-29T13:50:07+00:00\",\"dateModified\":\"2025-09-29T14:26:18+00:00\",\"author\":{\"@id\":\"https:\/\/www.africa-press.net\/togo\/#\/schema\/person\/2b1cf3cd81a31e3cd26889ca66d677f1\"},\"description\":\"Ils sont quelque 700 repre\u0301sentants de partis, de la socie\u0301te\u0301 civile et de syndicats, mais aussi des experts et des uni ...\",\"breadcrumb\":{\"@id\":\"https:\/\/www.africa-press.net\/togo\/politique\/arrestations-au-togo-et-defis-du-developpement#breadcrumb\"},\"inLanguage\":\"fr-FR\",\"potentialAction\":[{\"@type\":\"ReadAction\",\"target\":[\"https:\/\/www.africa-press.net\/togo\/politique\/arrestations-au-togo-et-defis-du-developpement\"]}]},{\"@type\":\"ImageObject\",\"inLanguage\":\"fr-FR\",\"@id\":\"https:\/\/www.africa-press.net\/togo\/politique\/arrestations-au-togo-et-defis-du-developpement#primaryimage\",\"url\":\"https:\/\/static.africa-press.net\/togo\/sites\/58\/2025\/09\/sm_1759142977.990446.jpg\",\"contentUrl\":\"https:\/\/static.africa-press.net\/togo\/sites\/58\/2025\/09\/sm_1759142977.990446.jpg\",\"width\":720,\"height\":509,\"caption\":\"Arrestations au Togo et D\u00e9fis du D\u00e9veloppement\"},{\"@type\":\"BreadcrumbList\",\"@id\":\"https:\/\/www.africa-press.net\/togo\/politique\/arrestations-au-togo-et-defis-du-developpement#breadcrumb\",\"itemListElement\":[{\"@type\":\"ListItem\",\"position\":1,\"name\":\"Accueil\",\"item\":\"https:\/\/www.africa-press.net\/togo\/\"},{\"@type\":\"ListItem\",\"position\":2,\"name\":\"Arrestations au Togo et D\u00e9fis du D\u00e9veloppement\"}]},{\"@type\":\"WebSite\",\"@id\":\"https:\/\/www.africa-press.net\/togo\/#website\",\"url\":\"https:\/\/www.africa-press.net\/togo\/\",\"name\":\"Togo\",\"description\":\"Just another Africa News Agency Sites site\",\"potentialAction\":[{\"@type\":\"SearchAction\",\"target\":{\"@type\":\"EntryPoint\",\"urlTemplate\":\"https:\/\/www.africa-press.net\/togo\/?s={search_term_string}\"},\"query-input\":{\"@type\":\"PropertyValueSpecification\",\"valueRequired\":true,\"valueName\":\"search_term_string\"}}],\"inLanguage\":\"fr-FR\"},{\"@type\":\"Person\",\"@id\":\"https:\/\/www.africa-press.net\/togo\/#\/schema\/person\/2b1cf3cd81a31e3cd26889ca66d677f1\",\"name\":\"cfeditorfr\"}]}<\/script>\n<!-- \/ Yoast SEO Premium plugin. -->","yoast_head_json":{"title":"Arrestations au Togo et D\u00e9fis du D\u00e9veloppement - Togo","description":"Ils sont quelque 700 repre\u0301sentants de partis, de la socie\u0301te\u0301 civile et de syndicats, mais aussi des experts et des uni ...","robots":{"index":"index","follow":"follow","max-snippet":"max-snippet:-1","max-image-preview":"max-image-preview:large","max-video-preview":"max-video-preview:-1"},"canonical":"https:\/\/www.africa-press.net\/togo\/politique\/arrestations-au-togo-et-defis-du-developpement","og_locale":"fr_FR","og_type":"article","og_title":"Arrestations au Togo et D\u00e9fis du D\u00e9veloppement","og_description":"Ils sont quelque 700 repre\u0301sentants de partis, de la socie\u0301te\u0301 civile et de syndicats, mais aussi des experts et des uni ...","og_url":"https:\/\/www.africa-press.net\/togo\/politique\/arrestations-au-togo-et-defis-du-developpement","og_site_name":"Togo","article_published_time":"2025-09-29T13:50:07+00:00","article_modified_time":"2025-09-29T14:26:18+00:00","og_image":[{"width":720,"height":509,"url":"https:\/\/static.africa-press.net\/togo\/sites\/58\/2025\/09\/sm_1759142977.990446.jpg","type":"image\/jpeg"}],"author":"cfeditorfr","twitter_card":"summary_large_image","twitter_misc":{"\u00c9crit par":"cfeditorfr","Dur\u00e9e de lecture estim\u00e9e":"3 minutes"},"schema":{"@context":"https:\/\/schema.org","@graph":[{"@type":"Article","@id":"https:\/\/www.africa-press.net\/togo\/politique\/arrestations-au-togo-et-defis-du-developpement#article","isPartOf":{"@id":"https:\/\/www.africa-press.net\/togo\/politique\/arrestations-au-togo-et-defis-du-developpement"},"author":{"name":"cfeditorfr","@id":"https:\/\/www.africa-press.net\/togo\/#\/schema\/person\/2b1cf3cd81a31e3cd26889ca66d677f1"},"headline":"Arrestations au Togo et D\u00e9fis du D\u00e9veloppement","datePublished":"2025-09-29T13:50:07+00:00","dateModified":"2025-09-29T14:26:18+00:00","mainEntityOfPage":{"@id":"https:\/\/www.africa-press.net\/togo\/politique\/arrestations-au-togo-et-defis-du-developpement"},"wordCount":526,"commentCount":0,"image":{"@id":"https:\/\/www.africa-press.net\/togo\/politique\/arrestations-au-togo-et-defis-du-developpement#primaryimage"},"thumbnailUrl":"https:\/\/static.africa-press.net\/togo\/sites\/58\/2025\/09\/sm_1759142977.990446.jpg","keywords":["arrestation","Togo"],"articleSection":["Politique","Toutes les actualit\u00e9s"],"inLanguage":"fr-FR","potentialAction":[{"@type":"CommentAction","name":"Comment","target":["https:\/\/www.africa-press.net\/togo\/politique\/arrestations-au-togo-et-defis-du-developpement#respond"]}]},{"@type":"WebPage","@id":"https:\/\/www.africa-press.net\/togo\/politique\/arrestations-au-togo-et-defis-du-developpement","url":"https:\/\/www.africa-press.net\/togo\/politique\/arrestations-au-togo-et-defis-du-developpement","name":"Arrestations au Togo et D\u00e9fis du D\u00e9veloppement - Togo","isPartOf":{"@id":"https:\/\/www.africa-press.net\/togo\/#website"},"primaryImageOfPage":{"@id":"https:\/\/www.africa-press.net\/togo\/politique\/arrestations-au-togo-et-defis-du-developpement#primaryimage"},"image":{"@id":"https:\/\/www.africa-press.net\/togo\/politique\/arrestations-au-togo-et-defis-du-developpement#primaryimage"},"thumbnailUrl":"https:\/\/static.africa-press.net\/togo\/sites\/58\/2025\/09\/sm_1759142977.990446.jpg","datePublished":"2025-09-29T13:50:07+00:00","dateModified":"2025-09-29T14:26:18+00:00","author":{"@id":"https:\/\/www.africa-press.net\/togo\/#\/schema\/person\/2b1cf3cd81a31e3cd26889ca66d677f1"},"description":"Ils sont quelque 700 repre\u0301sentants de partis, de la socie\u0301te\u0301 civile et de syndicats, mais aussi des experts et des uni ...","breadcrumb":{"@id":"https:\/\/www.africa-press.net\/togo\/politique\/arrestations-au-togo-et-defis-du-developpement#breadcrumb"},"inLanguage":"fr-FR","potentialAction":[{"@type":"ReadAction","target":["https:\/\/www.africa-press.net\/togo\/politique\/arrestations-au-togo-et-defis-du-developpement"]}]},{"@type":"ImageObject","inLanguage":"fr-FR","@id":"https:\/\/www.africa-press.net\/togo\/politique\/arrestations-au-togo-et-defis-du-developpement#primaryimage","url":"https:\/\/static.africa-press.net\/togo\/sites\/58\/2025\/09\/sm_1759142977.990446.jpg","contentUrl":"https:\/\/static.africa-press.net\/togo\/sites\/58\/2025\/09\/sm_1759142977.990446.jpg","width":720,"height":509,"caption":"Arrestations au Togo et D\u00e9fis du D\u00e9veloppement"},{"@type":"BreadcrumbList","@id":"https:\/\/www.africa-press.net\/togo\/politique\/arrestations-au-togo-et-defis-du-developpement#breadcrumb","itemListElement":[{"@type":"ListItem","position":1,"name":"Accueil","item":"https:\/\/www.africa-press.net\/togo\/"},{"@type":"ListItem","position":2,"name":"Arrestations au Togo et D\u00e9fis du D\u00e9veloppement"}]},{"@type":"WebSite","@id":"https:\/\/www.africa-press.net\/togo\/#website","url":"https:\/\/www.africa-press.net\/togo\/","name":"Togo","description":"Just another Africa News Agency Sites site","potentialAction":[{"@type":"SearchAction","target":{"@type":"EntryPoint","urlTemplate":"https:\/\/www.africa-press.net\/togo\/?s={search_term_string}"},"query-input":{"@type":"PropertyValueSpecification","valueRequired":true,"valueName":"search_term_string"}}],"inLanguage":"fr-FR"},{"@type":"Person","@id":"https:\/\/www.africa-press.net\/togo\/#\/schema\/person\/2b1cf3cd81a31e3cd26889ca66d677f1","name":"cfeditorfr"}]}},"_links":{"self":[{"href":"https:\/\/www.africa-press.net\/togo\/wp-json\/wp\/v2\/posts\/43808","targetHints":{"allow":["GET"]}}],"collection":[{"href":"https:\/\/www.africa-press.net\/togo\/wp-json\/wp\/v2\/posts"}],"about":[{"href":"https:\/\/www.africa-press.net\/togo\/wp-json\/wp\/v2\/types\/post"}],"author":[{"embeddable":true,"href":"https:\/\/www.africa-press.net\/togo\/wp-json\/wp\/v2\/users\/82"}],"replies":[{"embeddable":true,"href":"https:\/\/www.africa-press.net\/togo\/wp-json\/wp\/v2\/comments?post=43808"}],"version-history":[{"count":0,"href":"https:\/\/www.africa-press.net\/togo\/wp-json\/wp\/v2\/posts\/43808\/revisions"}],"wp:featuredmedia":[{"embeddable":true,"href":"https:\/\/www.africa-press.net\/togo\/wp-json\/wp\/v2\/media\/43807"}],"wp:attachment":[{"href":"https:\/\/www.africa-press.net\/togo\/wp-json\/wp\/v2\/media?parent=43808"}],"wp:term":[{"taxonomy":"category","embeddable":true,"href":"https:\/\/www.africa-press.net\/togo\/wp-json\/wp\/v2\/categories?post=43808"},{"taxonomy":"post_tag","embeddable":true,"href":"https:\/\/www.africa-press.net\/togo\/wp-json\/wp\/v2\/tags?post=43808"}],"curies":[{"name":"wp","href":"https:\/\/api.w.org\/{rel}","templated":true}]}}