{"id":44843,"date":"2025-11-04T18:54:34","date_gmt":"2025-11-04T18:54:34","guid":{"rendered":"https:\/\/www.africa-press.net\/togo\/politique\/ceremonie-dhommage-a-nibombe-wake-par-la-ftf"},"modified":"2025-11-04T19:33:57","modified_gmt":"2025-11-04T19:33:57","slug":"ceremonie-dhommage-a-nibombe-wake-par-la-ftf","status":"publish","type":"post","link":"https:\/\/www.africa-press.net\/togo\/toutes-les-actualites\/ceremonie-dhommage-a-nibombe-wake-par-la-ftf","title":{"rendered":"C\u00e9r\u00e9monie D&rsquo;Hommage \u00c0 Nibomb\u00e9 Wak\u00e9 Par La FTF"},"content":{"rendered":"<p><span style=\"color: #ff6600\"><strong>Africa-Press &#8211; Togo. <\/strong><\/span>La Fe\u0301de\u0301ration Togolaise de Football (FTF) rendra un dernier hommage a\u0300 l\u2019ancien gardien international togolais Nibombe\u0301 Wake\u0301, de\u0301ce\u0301de\u0301 le 16 octobre dernier a\u0300 Lome\u0301. La ce\u0301re\u0301monie officielle se tiendra ce jeudi 6 novembre a\u0300 15h, au sie\u0300ge de l\u2019institution.<\/p>\n<p>L\u2019e\u0301ve\u0301nement, organise\u0301 en pre\u0301lude aux obse\u0300ques pre\u0301vues pour le week-end, rassemblera plusieurs personnalite\u0301s du monde sportif et politique, notamment le ministre de\u0301le\u0301gue\u0301 charge\u0301 de la Jeunesse et des Sports, les membres du Comite\u0301 exe\u0301cutif de la FTF, des dirigeants de clubs, d\u2019anciens internationaux et la famille du de\u0301funt.<\/p>\n<p>Ancien gardien emble\u0301matique des E\u0301perviers, Nibombe\u0301 Wake\u0301 a marque\u0301 le football togolais par son talent et son engagement. Figure de la ge\u0301ne\u0301ration dore\u0301e des anne\u0301es 1990, il a de\u0301fendu les couleurs nationales lors de plusieurs compe\u0301titions continentales, dont la Coupe d\u2019Afrique des Nations (CAN) 1998 au Burkina Faso et la CAN 2000.<\/p>\n<p>Dans un communique\u0301, la FTF a souligne\u0301 que cet hommage vise a\u0300 rappeler \u00ab l\u2019importance de ce\u0301le\u0301brer ceux qui ont servi le pays et porte\u0301 les couleurs nationales avec honneur \u00bb. \u00ab Nibombe\u0301 Wake\u0301 reste une figure de loyaute\u0301, de passion et d\u2019humilite\u0301. Son he\u0301ritage est vivant et continuera d\u2019inspirer les ge\u0301ne\u0301rations futures \u00bb, a de\u0301clare\u0301 le pre\u0301sident de la FTF, le Colonel Guy Kossi Akpovy.<\/p>\n<p>La Fe\u0301de\u0301ration invite l\u2019ensemble de la famille du football, les supporters et le public sportif a\u0300 prendre part a\u0300 cette ce\u0301re\u0301monie pour honorer la me\u0301moire de celui qui fut l\u2019un des gardiens les plus respecte\u0301s de l\u2019histoire du football togolais.<\/p>\n<p><strong>Pour plus d&rsquo;informations et d&rsquo;analyses sur la <span style=\"color: #ff6600\">Togo<\/span>, suivez <span style=\"color: #ff6600\">Africa-Press<\/span><\/strong><\/p>\n","protected":false},"excerpt":{"rendered":"<p>Africa-Press &#8211; Togo. La Fe\u0301de\u0301ration Togolaise de Football (FTF) rendra un dernier hommage a\u0300 l\u2019ancien gardien international togolais Nibombe\u0301 Wake\u0301, de\u0301ce\u0301de\u0301 le 16 octobre dernier a\u0300 Lome\u0301. La ce\u0301re\u0301monie officielle se tiendra ce jeudi 6 novembre a\u0300 15h, au sie\u0300ge de l\u2019institution. L\u2019e\u0301ve\u0301nement, organise\u0301 en pre\u0301lude aux obse\u0300ques pre\u0301vues pour le week-end, rassemblera plusieurs personnalite\u0301s [&hellip;]<\/p>\n","protected":false},"author":82,"featured_media":44842,"comment_status":"open","ping_status":"closed","sticky":false,"template":"","format":"standard","meta":{"footnotes":""},"categories":[21,10],"tags":[726,50],"class_list":["post-44843","post","type-post","status-publish","format-standard","has-post-thumbnail","hentry","category-communaute","category-toutes-les-actualites","tag-ftf","tag-togo"],"yoast_head":"<!-- This site is optimized with the Yoast SEO Premium plugin v26.1 (Yoast SEO v27.0) - https:\/\/yoast.com\/product\/yoast-seo-premium-wordpress\/ -->\n<title>C\u00e9r\u00e9monie D&#039;Hommage \u00c0 Nibomb\u00e9 Wak\u00e9 Par La FTF - Togo<\/title>\n<meta name=\"description\" content=\"La Fe\u0301de\u0301ration Togolaise de Football (FTF) rendra un dernier hommage a\u0300 l\u2019ancien gardien international togolais Nibombe ...\" \/>\n<meta name=\"robots\" content=\"index, follow, max-snippet:-1, max-image-preview:large, max-video-preview:-1\" \/>\n<link rel=\"canonical\" href=\"https:\/\/www.africa-press.net\/togo\/toutes-les-actualites\/ceremonie-dhommage-a-nibombe-wake-par-la-ftf\" \/>\n<meta property=\"og:locale\" content=\"fr_FR\" \/>\n<meta property=\"og:type\" content=\"article\" \/>\n<meta property=\"og:title\" content=\"C\u00e9r\u00e9monie D&#039;Hommage \u00c0 Nibomb\u00e9 Wak\u00e9 Par La FTF\" \/>\n<meta property=\"og:description\" content=\"La Fe\u0301de\u0301ration Togolaise de Football (FTF) rendra un dernier hommage a\u0300 l\u2019ancien gardien international togolais Nibombe ...\" \/>\n<meta property=\"og:url\" content=\"https:\/\/www.africa-press.net\/togo\/toutes-les-actualites\/ceremonie-dhommage-a-nibombe-wake-par-la-ftf\" \/>\n<meta property=\"og:site_name\" content=\"Togo\" \/>\n<meta property=\"article:published_time\" content=\"2025-11-04T18:54:34+00:00\" \/>\n<meta property=\"article:modified_time\" content=\"2025-11-04T19:33:57+00:00\" \/>\n<meta property=\"og:image\" content=\"https:\/\/static.africa-press.net\/togo\/sites\/58\/2025\/11\/sm_1762284138.887575.jpg\" \/>\n\t<meta property=\"og:image:width\" content=\"720\" \/>\n\t<meta property=\"og:image:height\" content=\"480\" \/>\n\t<meta property=\"og:image:type\" content=\"image\/jpeg\" \/>\n<meta name=\"author\" content=\"cfeditorfr\" \/>\n<meta name=\"twitter:card\" content=\"summary_large_image\" \/>\n<meta name=\"twitter:label1\" content=\"\u00c9crit par\" \/>\n\t<meta name=\"twitter:data1\" content=\"cfeditorfr\" \/>\n\t<meta name=\"twitter:label2\" content=\"Dur\u00e9e de lecture estim\u00e9e\" \/>\n\t<meta name=\"twitter:data2\" content=\"1 minute\" \/>\n<script type=\"application\/ld+json\" class=\"yoast-schema-graph\">{\"@context\":\"https:\/\/schema.org\",\"@graph\":[{\"@type\":\"Article\",\"@id\":\"https:\/\/www.africa-press.net\/togo\/toutes-les-actualites\/ceremonie-dhommage-a-nibombe-wake-par-la-ftf#article\",\"isPartOf\":{\"@id\":\"https:\/\/www.africa-press.net\/togo\/toutes-les-actualites\/ceremonie-dhommage-a-nibombe-wake-par-la-ftf\"},\"author\":{\"name\":\"cfeditorfr\",\"@id\":\"https:\/\/www.africa-press.net\/togo\/#\/schema\/person\/2b1cf3cd81a31e3cd26889ca66d677f1\"},\"headline\":\"C\u00e9r\u00e9monie D&rsquo;Hommage \u00c0 Nibomb\u00e9 Wak\u00e9 Par La FTF\",\"datePublished\":\"2025-11-04T18:54:34+00:00\",\"dateModified\":\"2025-11-04T19:33:57+00:00\",\"mainEntityOfPage\":{\"@id\":\"https:\/\/www.africa-press.net\/togo\/toutes-les-actualites\/ceremonie-dhommage-a-nibombe-wake-par-la-ftf\"},\"wordCount\":310,\"commentCount\":0,\"image\":{\"@id\":\"https:\/\/www.africa-press.net\/togo\/toutes-les-actualites\/ceremonie-dhommage-a-nibombe-wake-par-la-ftf#primaryimage\"},\"thumbnailUrl\":\"https:\/\/static.africa-press.net\/togo\/sites\/58\/2025\/11\/sm_1762284138.887575.jpg\",\"keywords\":[\"FTF\",\"Togo\"],\"articleSection\":[\"Communaut\u00e9\",\"Toutes les actualit\u00e9s\"],\"inLanguage\":\"fr-FR\",\"potentialAction\":[{\"@type\":\"CommentAction\",\"name\":\"Comment\",\"target\":[\"https:\/\/www.africa-press.net\/togo\/toutes-les-actualites\/ceremonie-dhommage-a-nibombe-wake-par-la-ftf#respond\"]}]},{\"@type\":\"WebPage\",\"@id\":\"https:\/\/www.africa-press.net\/togo\/toutes-les-actualites\/ceremonie-dhommage-a-nibombe-wake-par-la-ftf\",\"url\":\"https:\/\/www.africa-press.net\/togo\/toutes-les-actualites\/ceremonie-dhommage-a-nibombe-wake-par-la-ftf\",\"name\":\"C\u00e9r\u00e9monie D'Hommage \u00c0 Nibomb\u00e9 Wak\u00e9 Par La FTF - Togo\",\"isPartOf\":{\"@id\":\"https:\/\/www.africa-press.net\/togo\/#website\"},\"primaryImageOfPage\":{\"@id\":\"https:\/\/www.africa-press.net\/togo\/toutes-les-actualites\/ceremonie-dhommage-a-nibombe-wake-par-la-ftf#primaryimage\"},\"image\":{\"@id\":\"https:\/\/www.africa-press.net\/togo\/toutes-les-actualites\/ceremonie-dhommage-a-nibombe-wake-par-la-ftf#primaryimage\"},\"thumbnailUrl\":\"https:\/\/static.africa-press.net\/togo\/sites\/58\/2025\/11\/sm_1762284138.887575.jpg\",\"datePublished\":\"2025-11-04T18:54:34+00:00\",\"dateModified\":\"2025-11-04T19:33:57+00:00\",\"author\":{\"@id\":\"https:\/\/www.africa-press.net\/togo\/#\/schema\/person\/2b1cf3cd81a31e3cd26889ca66d677f1\"},\"description\":\"La Fe\u0301de\u0301ration Togolaise de Football (FTF) rendra un dernier hommage a\u0300 l\u2019ancien gardien international togolais Nibombe ...\",\"breadcrumb\":{\"@id\":\"https:\/\/www.africa-press.net\/togo\/toutes-les-actualites\/ceremonie-dhommage-a-nibombe-wake-par-la-ftf#breadcrumb\"},\"inLanguage\":\"fr-FR\",\"potentialAction\":[{\"@type\":\"ReadAction\",\"target\":[\"https:\/\/www.africa-press.net\/togo\/toutes-les-actualites\/ceremonie-dhommage-a-nibombe-wake-par-la-ftf\"]}]},{\"@type\":\"ImageObject\",\"inLanguage\":\"fr-FR\",\"@id\":\"https:\/\/www.africa-press.net\/togo\/toutes-les-actualites\/ceremonie-dhommage-a-nibombe-wake-par-la-ftf#primaryimage\",\"url\":\"https:\/\/static.africa-press.net\/togo\/sites\/58\/2025\/11\/sm_1762284138.887575.jpg\",\"contentUrl\":\"https:\/\/static.africa-press.net\/togo\/sites\/58\/2025\/11\/sm_1762284138.887575.jpg\",\"width\":720,\"height\":480,\"caption\":\"C\u00e9r\u00e9monie D'Hommage \u00c0 Nibomb\u00e9 Wak\u00e9 Par La FTF\"},{\"@type\":\"BreadcrumbList\",\"@id\":\"https:\/\/www.africa-press.net\/togo\/toutes-les-actualites\/ceremonie-dhommage-a-nibombe-wake-par-la-ftf#breadcrumb\",\"itemListElement\":[{\"@type\":\"ListItem\",\"position\":1,\"name\":\"Accueil\",\"item\":\"https:\/\/www.africa-press.net\/togo\/\"},{\"@type\":\"ListItem\",\"position\":2,\"name\":\"C\u00e9r\u00e9monie D&#8217;Hommage \u00c0 Nibomb\u00e9 Wak\u00e9 Par La FTF\"}]},{\"@type\":\"WebSite\",\"@id\":\"https:\/\/www.africa-press.net\/togo\/#website\",\"url\":\"https:\/\/www.africa-press.net\/togo\/\",\"name\":\"Togo\",\"description\":\"Just another Africa News Agency Sites site\",\"potentialAction\":[{\"@type\":\"SearchAction\",\"target\":{\"@type\":\"EntryPoint\",\"urlTemplate\":\"https:\/\/www.africa-press.net\/togo\/?s={search_term_string}\"},\"query-input\":{\"@type\":\"PropertyValueSpecification\",\"valueRequired\":true,\"valueName\":\"search_term_string\"}}],\"inLanguage\":\"fr-FR\"},{\"@type\":\"Person\",\"@id\":\"https:\/\/www.africa-press.net\/togo\/#\/schema\/person\/2b1cf3cd81a31e3cd26889ca66d677f1\",\"name\":\"cfeditorfr\"}]}<\/script>\n<!-- \/ Yoast SEO Premium plugin. -->","yoast_head_json":{"title":"C\u00e9r\u00e9monie D'Hommage \u00c0 Nibomb\u00e9 Wak\u00e9 Par La FTF - Togo","description":"La Fe\u0301de\u0301ration Togolaise de Football (FTF) rendra un dernier hommage a\u0300 l\u2019ancien gardien international togolais Nibombe ...","robots":{"index":"index","follow":"follow","max-snippet":"max-snippet:-1","max-image-preview":"max-image-preview:large","max-video-preview":"max-video-preview:-1"},"canonical":"https:\/\/www.africa-press.net\/togo\/toutes-les-actualites\/ceremonie-dhommage-a-nibombe-wake-par-la-ftf","og_locale":"fr_FR","og_type":"article","og_title":"C\u00e9r\u00e9monie D'Hommage \u00c0 Nibomb\u00e9 Wak\u00e9 Par La FTF","og_description":"La Fe\u0301de\u0301ration Togolaise de Football (FTF) rendra un dernier hommage a\u0300 l\u2019ancien gardien international togolais Nibombe ...","og_url":"https:\/\/www.africa-press.net\/togo\/toutes-les-actualites\/ceremonie-dhommage-a-nibombe-wake-par-la-ftf","og_site_name":"Togo","article_published_time":"2025-11-04T18:54:34+00:00","article_modified_time":"2025-11-04T19:33:57+00:00","og_image":[{"width":720,"height":480,"url":"https:\/\/static.africa-press.net\/togo\/sites\/58\/2025\/11\/sm_1762284138.887575.jpg","type":"image\/jpeg"}],"author":"cfeditorfr","twitter_card":"summary_large_image","twitter_misc":{"\u00c9crit par":"cfeditorfr","Dur\u00e9e de lecture estim\u00e9e":"1 minute"},"schema":{"@context":"https:\/\/schema.org","@graph":[{"@type":"Article","@id":"https:\/\/www.africa-press.net\/togo\/toutes-les-actualites\/ceremonie-dhommage-a-nibombe-wake-par-la-ftf#article","isPartOf":{"@id":"https:\/\/www.africa-press.net\/togo\/toutes-les-actualites\/ceremonie-dhommage-a-nibombe-wake-par-la-ftf"},"author":{"name":"cfeditorfr","@id":"https:\/\/www.africa-press.net\/togo\/#\/schema\/person\/2b1cf3cd81a31e3cd26889ca66d677f1"},"headline":"C\u00e9r\u00e9monie D&rsquo;Hommage \u00c0 Nibomb\u00e9 Wak\u00e9 Par La FTF","datePublished":"2025-11-04T18:54:34+00:00","dateModified":"2025-11-04T19:33:57+00:00","mainEntityOfPage":{"@id":"https:\/\/www.africa-press.net\/togo\/toutes-les-actualites\/ceremonie-dhommage-a-nibombe-wake-par-la-ftf"},"wordCount":310,"commentCount":0,"image":{"@id":"https:\/\/www.africa-press.net\/togo\/toutes-les-actualites\/ceremonie-dhommage-a-nibombe-wake-par-la-ftf#primaryimage"},"thumbnailUrl":"https:\/\/static.africa-press.net\/togo\/sites\/58\/2025\/11\/sm_1762284138.887575.jpg","keywords":["FTF","Togo"],"articleSection":["Communaut\u00e9","Toutes les actualit\u00e9s"],"inLanguage":"fr-FR","potentialAction":[{"@type":"CommentAction","name":"Comment","target":["https:\/\/www.africa-press.net\/togo\/toutes-les-actualites\/ceremonie-dhommage-a-nibombe-wake-par-la-ftf#respond"]}]},{"@type":"WebPage","@id":"https:\/\/www.africa-press.net\/togo\/toutes-les-actualites\/ceremonie-dhommage-a-nibombe-wake-par-la-ftf","url":"https:\/\/www.africa-press.net\/togo\/toutes-les-actualites\/ceremonie-dhommage-a-nibombe-wake-par-la-ftf","name":"C\u00e9r\u00e9monie D'Hommage \u00c0 Nibomb\u00e9 Wak\u00e9 Par La FTF - Togo","isPartOf":{"@id":"https:\/\/www.africa-press.net\/togo\/#website"},"primaryImageOfPage":{"@id":"https:\/\/www.africa-press.net\/togo\/toutes-les-actualites\/ceremonie-dhommage-a-nibombe-wake-par-la-ftf#primaryimage"},"image":{"@id":"https:\/\/www.africa-press.net\/togo\/toutes-les-actualites\/ceremonie-dhommage-a-nibombe-wake-par-la-ftf#primaryimage"},"thumbnailUrl":"https:\/\/static.africa-press.net\/togo\/sites\/58\/2025\/11\/sm_1762284138.887575.jpg","datePublished":"2025-11-04T18:54:34+00:00","dateModified":"2025-11-04T19:33:57+00:00","author":{"@id":"https:\/\/www.africa-press.net\/togo\/#\/schema\/person\/2b1cf3cd81a31e3cd26889ca66d677f1"},"description":"La Fe\u0301de\u0301ration Togolaise de Football (FTF) rendra un dernier hommage a\u0300 l\u2019ancien gardien international togolais Nibombe ...","breadcrumb":{"@id":"https:\/\/www.africa-press.net\/togo\/toutes-les-actualites\/ceremonie-dhommage-a-nibombe-wake-par-la-ftf#breadcrumb"},"inLanguage":"fr-FR","potentialAction":[{"@type":"ReadAction","target":["https:\/\/www.africa-press.net\/togo\/toutes-les-actualites\/ceremonie-dhommage-a-nibombe-wake-par-la-ftf"]}]},{"@type":"ImageObject","inLanguage":"fr-FR","@id":"https:\/\/www.africa-press.net\/togo\/toutes-les-actualites\/ceremonie-dhommage-a-nibombe-wake-par-la-ftf#primaryimage","url":"https:\/\/static.africa-press.net\/togo\/sites\/58\/2025\/11\/sm_1762284138.887575.jpg","contentUrl":"https:\/\/static.africa-press.net\/togo\/sites\/58\/2025\/11\/sm_1762284138.887575.jpg","width":720,"height":480,"caption":"C\u00e9r\u00e9monie D'Hommage \u00c0 Nibomb\u00e9 Wak\u00e9 Par La FTF"},{"@type":"BreadcrumbList","@id":"https:\/\/www.africa-press.net\/togo\/toutes-les-actualites\/ceremonie-dhommage-a-nibombe-wake-par-la-ftf#breadcrumb","itemListElement":[{"@type":"ListItem","position":1,"name":"Accueil","item":"https:\/\/www.africa-press.net\/togo\/"},{"@type":"ListItem","position":2,"name":"C\u00e9r\u00e9monie D&#8217;Hommage \u00c0 Nibomb\u00e9 Wak\u00e9 Par La FTF"}]},{"@type":"WebSite","@id":"https:\/\/www.africa-press.net\/togo\/#website","url":"https:\/\/www.africa-press.net\/togo\/","name":"Togo","description":"Just another Africa News Agency Sites site","potentialAction":[{"@type":"SearchAction","target":{"@type":"EntryPoint","urlTemplate":"https:\/\/www.africa-press.net\/togo\/?s={search_term_string}"},"query-input":{"@type":"PropertyValueSpecification","valueRequired":true,"valueName":"search_term_string"}}],"inLanguage":"fr-FR"},{"@type":"Person","@id":"https:\/\/www.africa-press.net\/togo\/#\/schema\/person\/2b1cf3cd81a31e3cd26889ca66d677f1","name":"cfeditorfr"}]}},"_links":{"self":[{"href":"https:\/\/www.africa-press.net\/togo\/wp-json\/wp\/v2\/posts\/44843","targetHints":{"allow":["GET"]}}],"collection":[{"href":"https:\/\/www.africa-press.net\/togo\/wp-json\/wp\/v2\/posts"}],"about":[{"href":"https:\/\/www.africa-press.net\/togo\/wp-json\/wp\/v2\/types\/post"}],"author":[{"embeddable":true,"href":"https:\/\/www.africa-press.net\/togo\/wp-json\/wp\/v2\/users\/82"}],"replies":[{"embeddable":true,"href":"https:\/\/www.africa-press.net\/togo\/wp-json\/wp\/v2\/comments?post=44843"}],"version-history":[{"count":0,"href":"https:\/\/www.africa-press.net\/togo\/wp-json\/wp\/v2\/posts\/44843\/revisions"}],"wp:featuredmedia":[{"embeddable":true,"href":"https:\/\/www.africa-press.net\/togo\/wp-json\/wp\/v2\/media\/44842"}],"wp:attachment":[{"href":"https:\/\/www.africa-press.net\/togo\/wp-json\/wp\/v2\/media?parent=44843"}],"wp:term":[{"taxonomy":"category","embeddable":true,"href":"https:\/\/www.africa-press.net\/togo\/wp-json\/wp\/v2\/categories?post=44843"},{"taxonomy":"post_tag","embeddable":true,"href":"https:\/\/www.africa-press.net\/togo\/wp-json\/wp\/v2\/tags?post=44843"}],"curies":[{"name":"wp","href":"https:\/\/api.w.org\/{rel}","templated":true}]}}