{"id":46818,"date":"2026-01-07T23:03:04","date_gmt":"2026-01-07T23:03:04","guid":{"rendered":"https:\/\/www.africa-press.net\/togo\/politique\/penurie-deau-dans-les-savanes-kodjo-adedze-reagit"},"modified":"2026-01-08T01:42:38","modified_gmt":"2026-01-08T01:42:38","slug":"penurie-deau-dans-les-savanes-kodjo-adedze-reagit","status":"publish","type":"post","link":"https:\/\/www.africa-press.net\/togo\/toutes-les-actualites\/penurie-deau-dans-les-savanes-kodjo-adedze-reagit","title":{"rendered":"Pe\u0301nurie D&rsquo;Eau Dans Les Savanes: Kodjo Ade\u0301dze\u0301 Re\u0301agit"},"content":{"rendered":"<p><span class=\"ap-article-header-tag\"> <strong>Africa-Press &#8211; Togo. <\/strong> <\/span>L\u2019art du \u00ab FAURisme \u00bb, c\u2019est dire des choses qu\u2019on sait soi-me\u0302me fausses, des choses aux antipodes de la re\u0301alite\u0301, mais en ayant l\u2019air convaincu que les gens les croient. Kodjo Adedze semble avoir bien assimile\u0301 cette philosophie dont le chef de file n\u2019est que Faure Gnassingbe\u0301. Interpelle\u0301 a\u0300 l\u2019Assemble\u0301e nationale le 31 de\u0301cembre 2025, dans le cadre d\u2019une question d\u2019actualite\u0301 consacre\u0301e au stress hydrique dans certaines localite\u0301s du Togo, Kodjo Ade\u0301dze\u0301 a attribue\u0301 les difficulte\u0301s d\u2019approvisionnement en eau dans la re\u0301gion des Savanes aux effets du changement climatique et a\u0300 la baisse du de\u0301bit de la rivie\u0300re Oti.<\/p>\n<p>Des de\u0301clarations vivement conteste\u0301es sur le terrain, ou\u0300 acteurs locaux et populations pointent pluto\u0302t la ve\u0301tuste\u0301 des infrastructures comme principale cause de la crise.<\/p>\n<p>La re\u0301ponse du ministre de l\u2019Urbanisme et de l\u2019Habitat, Se\u0301von-Te\u0301pe\u0301 Ade\u0301dze\u0301, lors de cette interpellation par la repre\u0301sentation nationale sur les difficulte\u0301s d\u2019approvisionnement en eau potable dans les re\u0301gions des Savanes et de la Kara, suscite indignation et incompre\u0301hension dans la re\u0301gion des Savanes.<\/p>\n<p>En imputant la situation aux effets du changement climatique sur l\u2019hydrologie de la rivie\u0300re Oti \u2014 notamment pour le cas de la ville de Mango \u2014 ainsi qu\u2019a\u0300 l\u2019insuffisance des syste\u0300mes de forages existants, le ministre a livre\u0301 une explication que beaucoup qualifient de the\u0301a\u0302trale, tant elle parai\u0302t e\u0301loigne\u0301e de la re\u0301alite\u0301 ve\u0301cue sur le terrain.<\/p>\n<p>Selon le ministre, \u00ab les difficulte\u0301s d\u2019approvisionnement en eau de\u0301coulent des effets du changement climatique sur l\u2019hydrologie de la rivie\u0300re Oti, exacerbe\u0301s par la se\u0301cheresse, ainsi que de la capacite\u0301 insuffisante des syste\u0300mes de forages existants \u00bb. Si cette de\u0301claration peut sembler techniquement recevable a\u0300 premie\u0300re vue, elle ne re\u0301siste gue\u0300re a\u0300 l\u2019e\u0301preuve des faits.<\/p>\n<p>\u00ab Ma maison est situe\u0301e a\u0300 proximite\u0301 imme\u0301diate de la rivie\u0300re. Le niveau de l\u2019eau est loin d\u2019avoir baisse\u0301, sauf si le ministre parle d\u2019une autre Oti que celle que nous connaissons \u00bb, te\u0301moigne Alimi, habitant de Mango.<\/p>\n<p>Une source locale s\u2019interroge e\u0301galement: \u00ab Des travaux d\u2019alimentation en eau potable de la ville de Mandouri sont actuellement en cours dans le cadre du PND Eau, avec une prise d\u2019eau pre\u0301vue sur la rivie\u0300re Kpendjal, prolongement naturel de l\u2019Oti. Comment un tel projet peut-il e\u0302tre engage\u0301 si la rivie\u0300re ne dispose plus de ressources suffisantes? \u00bb.<\/p>\n<p>Dapaong: des infrastructures a\u0300 bout de souffle<\/p>\n<p>Dans le cas de la ville de Dapaong, le ve\u0301ritable n\u0153ud du proble\u0300me est pourtant connu des acteurs locaux, des techniciens et me\u0302me de certaines autorite\u0301s. Il s\u2019agit de la ve\u0301tuste\u0301 avance\u0301e des infrastructures de production d\u2019eau potable, combine\u0301e a\u0300 l\u2019inadaptation du syste\u0300me de stockage.<\/p>\n<p>Selon des sources proches de la Togolaise des Eaux (TdE), les installations de l\u2019Unite\u0301 de Traitement d\u2019Eau Potable (UTEP) du lac artificiel de la Kumfab sont dans un e\u0301tat de de\u0301gradation alarmant. Les pompes charge\u0301es de refouler l\u2019eau vers les re\u0301servoirs de la ville n\u2019ont jamais e\u0301te\u0301 remplace\u0301es depuis pre\u0300s d\u2019un quart de sie\u0300cle.<\/p>\n<p>La TdE se contente de re\u0301parations ponctuelles, sans jamais engager un renouvellement en profondeur des e\u0301quipements. Avec le temps, les pannes se multiplient, la pression chute de manie\u0300re chronique et le re\u0301seau de distribution devient incapable de re\u0301pondre a\u0300 la demande.<\/p>\n<p>Ce constat, qualifie\u0301 de secret de Polichinelle par de nombreux observateurs, est pourtant rarement assume\u0301 officiellement par les autorite\u0301s centrales. La sortie du ministre Ade\u0301dze\u0301 a\u0300 l\u2019Assemble\u0301e nationale vient ainsi raviver le fosse\u0301 entre le discours officiel et la re\u0301alite\u0301 du terrain.<\/p>\n<p>Pendant que les membres du gouvernement multiplient les de\u0301clarations de fac\u0327ade, les populations de la re\u0301gion des Savanes, de\u0301ja\u0300 e\u0301prouve\u0301es par l\u2019inse\u0301curite\u0301 et la pauvrete\u0301, re\u0301clament des diagnostics honne\u0302tes, des choix techniques assume\u0301s et des investissements durables dans les infrastructures hydrauliques.<\/p>\n<p>A\u0300 force de travestir la re\u0301alite\u0301, le risque est grand de voir s\u2019installer une de\u0301fiance durable envers les autorite\u0301s, pendant que l\u2019eau, elle, continue de manquer.<\/p>\n<p>Franc\u0327ois Bangane<\/p>\n<p class=\"ap-article-footer-note\">Retrouvez plus d\u2019actualit\u00e9s et d\u2019analyses sur <span class=\"ap-highlight-country\">Togo<\/span> sur le site <span class=\"ap-highlight-brand\">Africa Press<\/span><\/p>\n","protected":false},"excerpt":{"rendered":"<p>Africa-Press &#8211; Togo. L\u2019art du \u00ab FAURisme \u00bb, c\u2019est dire des choses qu\u2019on sait soi-me\u0302me fausses, des choses aux antipodes de la re\u0301alite\u0301, mais en ayant l\u2019air convaincu que les gens les croient. Kodjo Adedze semble avoir bien assimile\u0301 cette philosophie dont le chef de file n\u2019est que Faure Gnassingbe\u0301. Interpelle\u0301 a\u0300 l\u2019Assemble\u0301e nationale le [&hellip;]<\/p>\n","protected":false},"author":82,"featured_media":46817,"comment_status":"open","ping_status":"closed","sticky":false,"template":"","format":"standard","meta":{"footnotes":""},"categories":[21,10],"tags":[50],"class_list":["post-46818","post","type-post","status-publish","format-standard","has-post-thumbnail","hentry","category-communaute","category-toutes-les-actualites","tag-togo"],"yoast_head":"<!-- This site is optimized with the Yoast SEO Premium plugin v26.1 (Yoast SEO v27.0) - https:\/\/yoast.com\/product\/yoast-seo-premium-wordpress\/ -->\n<title>Pe\u0301nurie D&#039;Eau Dans Les Savanes: Kodjo Ade\u0301dze\u0301 Re\u0301agit - Togo<\/title>\n<meta name=\"description\" content=\"-article-header-tag&quot;&gt; Africa-Press - Togo. L\u2019art du \u00ab FAURisme \u00bb, c\u2019est dire ...\" \/>\n<meta name=\"robots\" content=\"index, follow, max-snippet:-1, max-image-preview:large, max-video-preview:-1\" \/>\n<link rel=\"canonical\" href=\"https:\/\/www.africa-press.net\/togo\/toutes-les-actualites\/penurie-deau-dans-les-savanes-kodjo-adedze-reagit\" \/>\n<meta property=\"og:locale\" content=\"fr_FR\" \/>\n<meta property=\"og:type\" content=\"article\" \/>\n<meta property=\"og:title\" content=\"Pe\u0301nurie D&#039;Eau Dans Les Savanes: Kodjo Ade\u0301dze\u0301 Re\u0301agit\" \/>\n<meta property=\"og:description\" content=\"-article-header-tag&quot;&gt; Africa-Press - Togo. L\u2019art du \u00ab FAURisme \u00bb, c\u2019est dire ...\" \/>\n<meta property=\"og:url\" content=\"https:\/\/www.africa-press.net\/togo\/toutes-les-actualites\/penurie-deau-dans-les-savanes-kodjo-adedze-reagit\" \/>\n<meta property=\"og:site_name\" content=\"Togo\" \/>\n<meta property=\"article:published_time\" content=\"2026-01-07T23:03:04+00:00\" \/>\n<meta property=\"article:modified_time\" content=\"2026-01-08T01:42:38+00:00\" \/>\n<meta property=\"og:image\" content=\"https:\/\/static.africa-press.net\/togo\/sites\/58\/2026\/01\/sm_1767836320.020764.jpg\" \/>\n\t<meta property=\"og:image:width\" content=\"720\" \/>\n\t<meta property=\"og:image:height\" content=\"509\" \/>\n\t<meta property=\"og:image:type\" content=\"image\/jpeg\" \/>\n<meta name=\"author\" content=\"cfeditorfr\" \/>\n<meta name=\"twitter:card\" content=\"summary_large_image\" \/>\n<meta name=\"twitter:label1\" content=\"\u00c9crit par\" \/>\n\t<meta name=\"twitter:data1\" content=\"cfeditorfr\" \/>\n\t<meta name=\"twitter:label2\" content=\"Dur\u00e9e de lecture estim\u00e9e\" \/>\n\t<meta name=\"twitter:data2\" content=\"4 minutes\" \/>\n<script type=\"application\/ld+json\" class=\"yoast-schema-graph\">{\"@context\":\"https:\/\/schema.org\",\"@graph\":[{\"@type\":\"Article\",\"@id\":\"https:\/\/www.africa-press.net\/togo\/toutes-les-actualites\/penurie-deau-dans-les-savanes-kodjo-adedze-reagit#article\",\"isPartOf\":{\"@id\":\"https:\/\/www.africa-press.net\/togo\/toutes-les-actualites\/penurie-deau-dans-les-savanes-kodjo-adedze-reagit\"},\"author\":{\"name\":\"cfeditorfr\",\"@id\":\"https:\/\/www.africa-press.net\/togo\/#\/schema\/person\/2b1cf3cd81a31e3cd26889ca66d677f1\"},\"headline\":\"Pe\u0301nurie D&rsquo;Eau Dans Les Savanes: Kodjo Ade\u0301dze\u0301 Re\u0301agit\",\"datePublished\":\"2026-01-07T23:03:04+00:00\",\"dateModified\":\"2026-01-08T01:42:38+00:00\",\"mainEntityOfPage\":{\"@id\":\"https:\/\/www.africa-press.net\/togo\/toutes-les-actualites\/penurie-deau-dans-les-savanes-kodjo-adedze-reagit\"},\"wordCount\":779,\"commentCount\":0,\"image\":{\"@id\":\"https:\/\/www.africa-press.net\/togo\/toutes-les-actualites\/penurie-deau-dans-les-savanes-kodjo-adedze-reagit#primaryimage\"},\"thumbnailUrl\":\"https:\/\/static.africa-press.net\/togo\/sites\/58\/2026\/01\/sm_1767836320.020764.jpg\",\"keywords\":[\"Togo\"],\"articleSection\":[\"Communaut\u00e9\",\"Toutes les actualit\u00e9s\"],\"inLanguage\":\"fr-FR\",\"potentialAction\":[{\"@type\":\"CommentAction\",\"name\":\"Comment\",\"target\":[\"https:\/\/www.africa-press.net\/togo\/toutes-les-actualites\/penurie-deau-dans-les-savanes-kodjo-adedze-reagit#respond\"]}]},{\"@type\":\"WebPage\",\"@id\":\"https:\/\/www.africa-press.net\/togo\/toutes-les-actualites\/penurie-deau-dans-les-savanes-kodjo-adedze-reagit\",\"url\":\"https:\/\/www.africa-press.net\/togo\/toutes-les-actualites\/penurie-deau-dans-les-savanes-kodjo-adedze-reagit\",\"name\":\"Pe\u0301nurie D'Eau Dans Les Savanes: Kodjo Ade\u0301dze\u0301 Re\u0301agit - Togo\",\"isPartOf\":{\"@id\":\"https:\/\/www.africa-press.net\/togo\/#website\"},\"primaryImageOfPage\":{\"@id\":\"https:\/\/www.africa-press.net\/togo\/toutes-les-actualites\/penurie-deau-dans-les-savanes-kodjo-adedze-reagit#primaryimage\"},\"image\":{\"@id\":\"https:\/\/www.africa-press.net\/togo\/toutes-les-actualites\/penurie-deau-dans-les-savanes-kodjo-adedze-reagit#primaryimage\"},\"thumbnailUrl\":\"https:\/\/static.africa-press.net\/togo\/sites\/58\/2026\/01\/sm_1767836320.020764.jpg\",\"datePublished\":\"2026-01-07T23:03:04+00:00\",\"dateModified\":\"2026-01-08T01:42:38+00:00\",\"author\":{\"@id\":\"https:\/\/www.africa-press.net\/togo\/#\/schema\/person\/2b1cf3cd81a31e3cd26889ca66d677f1\"},\"description\":\"-article-header-tag\\\"> Africa-Press - Togo. L\u2019art du \u00ab FAURisme \u00bb, c\u2019est dire ...\",\"breadcrumb\":{\"@id\":\"https:\/\/www.africa-press.net\/togo\/toutes-les-actualites\/penurie-deau-dans-les-savanes-kodjo-adedze-reagit#breadcrumb\"},\"inLanguage\":\"fr-FR\",\"potentialAction\":[{\"@type\":\"ReadAction\",\"target\":[\"https:\/\/www.africa-press.net\/togo\/toutes-les-actualites\/penurie-deau-dans-les-savanes-kodjo-adedze-reagit\"]}]},{\"@type\":\"ImageObject\",\"inLanguage\":\"fr-FR\",\"@id\":\"https:\/\/www.africa-press.net\/togo\/toutes-les-actualites\/penurie-deau-dans-les-savanes-kodjo-adedze-reagit#primaryimage\",\"url\":\"https:\/\/static.africa-press.net\/togo\/sites\/58\/2026\/01\/sm_1767836320.020764.jpg\",\"contentUrl\":\"https:\/\/static.africa-press.net\/togo\/sites\/58\/2026\/01\/sm_1767836320.020764.jpg\",\"width\":720,\"height\":509,\"caption\":\"Pe\u0301nurie D'Eau Dans Les Savanes: Kodjo Ade\u0301dze\u0301 Re\u0301agit\"},{\"@type\":\"BreadcrumbList\",\"@id\":\"https:\/\/www.africa-press.net\/togo\/toutes-les-actualites\/penurie-deau-dans-les-savanes-kodjo-adedze-reagit#breadcrumb\",\"itemListElement\":[{\"@type\":\"ListItem\",\"position\":1,\"name\":\"Accueil\",\"item\":\"https:\/\/www.africa-press.net\/togo\/\"},{\"@type\":\"ListItem\",\"position\":2,\"name\":\"Pe\u0301nurie D&#8217;Eau Dans Les Savanes: Kodjo Ade\u0301dze\u0301 Re\u0301agit\"}]},{\"@type\":\"WebSite\",\"@id\":\"https:\/\/www.africa-press.net\/togo\/#website\",\"url\":\"https:\/\/www.africa-press.net\/togo\/\",\"name\":\"Togo\",\"description\":\"Just another Africa News Agency Sites site\",\"potentialAction\":[{\"@type\":\"SearchAction\",\"target\":{\"@type\":\"EntryPoint\",\"urlTemplate\":\"https:\/\/www.africa-press.net\/togo\/?s={search_term_string}\"},\"query-input\":{\"@type\":\"PropertyValueSpecification\",\"valueRequired\":true,\"valueName\":\"search_term_string\"}}],\"inLanguage\":\"fr-FR\"},{\"@type\":\"Person\",\"@id\":\"https:\/\/www.africa-press.net\/togo\/#\/schema\/person\/2b1cf3cd81a31e3cd26889ca66d677f1\",\"name\":\"cfeditorfr\"}]}<\/script>\n<!-- \/ Yoast SEO Premium plugin. -->","yoast_head_json":{"title":"Pe\u0301nurie D'Eau Dans Les Savanes: Kodjo Ade\u0301dze\u0301 Re\u0301agit - Togo","description":"-article-header-tag\"> Africa-Press - Togo. L\u2019art du \u00ab FAURisme \u00bb, c\u2019est dire ...","robots":{"index":"index","follow":"follow","max-snippet":"max-snippet:-1","max-image-preview":"max-image-preview:large","max-video-preview":"max-video-preview:-1"},"canonical":"https:\/\/www.africa-press.net\/togo\/toutes-les-actualites\/penurie-deau-dans-les-savanes-kodjo-adedze-reagit","og_locale":"fr_FR","og_type":"article","og_title":"Pe\u0301nurie D'Eau Dans Les Savanes: Kodjo Ade\u0301dze\u0301 Re\u0301agit","og_description":"-article-header-tag\"> Africa-Press - Togo. L\u2019art du \u00ab FAURisme \u00bb, c\u2019est dire ...","og_url":"https:\/\/www.africa-press.net\/togo\/toutes-les-actualites\/penurie-deau-dans-les-savanes-kodjo-adedze-reagit","og_site_name":"Togo","article_published_time":"2026-01-07T23:03:04+00:00","article_modified_time":"2026-01-08T01:42:38+00:00","og_image":[{"width":720,"height":509,"url":"https:\/\/static.africa-press.net\/togo\/sites\/58\/2026\/01\/sm_1767836320.020764.jpg","type":"image\/jpeg"}],"author":"cfeditorfr","twitter_card":"summary_large_image","twitter_misc":{"\u00c9crit par":"cfeditorfr","Dur\u00e9e de lecture estim\u00e9e":"4 minutes"},"schema":{"@context":"https:\/\/schema.org","@graph":[{"@type":"Article","@id":"https:\/\/www.africa-press.net\/togo\/toutes-les-actualites\/penurie-deau-dans-les-savanes-kodjo-adedze-reagit#article","isPartOf":{"@id":"https:\/\/www.africa-press.net\/togo\/toutes-les-actualites\/penurie-deau-dans-les-savanes-kodjo-adedze-reagit"},"author":{"name":"cfeditorfr","@id":"https:\/\/www.africa-press.net\/togo\/#\/schema\/person\/2b1cf3cd81a31e3cd26889ca66d677f1"},"headline":"Pe\u0301nurie D&rsquo;Eau Dans Les Savanes: Kodjo Ade\u0301dze\u0301 Re\u0301agit","datePublished":"2026-01-07T23:03:04+00:00","dateModified":"2026-01-08T01:42:38+00:00","mainEntityOfPage":{"@id":"https:\/\/www.africa-press.net\/togo\/toutes-les-actualites\/penurie-deau-dans-les-savanes-kodjo-adedze-reagit"},"wordCount":779,"commentCount":0,"image":{"@id":"https:\/\/www.africa-press.net\/togo\/toutes-les-actualites\/penurie-deau-dans-les-savanes-kodjo-adedze-reagit#primaryimage"},"thumbnailUrl":"https:\/\/static.africa-press.net\/togo\/sites\/58\/2026\/01\/sm_1767836320.020764.jpg","keywords":["Togo"],"articleSection":["Communaut\u00e9","Toutes les actualit\u00e9s"],"inLanguage":"fr-FR","potentialAction":[{"@type":"CommentAction","name":"Comment","target":["https:\/\/www.africa-press.net\/togo\/toutes-les-actualites\/penurie-deau-dans-les-savanes-kodjo-adedze-reagit#respond"]}]},{"@type":"WebPage","@id":"https:\/\/www.africa-press.net\/togo\/toutes-les-actualites\/penurie-deau-dans-les-savanes-kodjo-adedze-reagit","url":"https:\/\/www.africa-press.net\/togo\/toutes-les-actualites\/penurie-deau-dans-les-savanes-kodjo-adedze-reagit","name":"Pe\u0301nurie D'Eau Dans Les Savanes: Kodjo Ade\u0301dze\u0301 Re\u0301agit - Togo","isPartOf":{"@id":"https:\/\/www.africa-press.net\/togo\/#website"},"primaryImageOfPage":{"@id":"https:\/\/www.africa-press.net\/togo\/toutes-les-actualites\/penurie-deau-dans-les-savanes-kodjo-adedze-reagit#primaryimage"},"image":{"@id":"https:\/\/www.africa-press.net\/togo\/toutes-les-actualites\/penurie-deau-dans-les-savanes-kodjo-adedze-reagit#primaryimage"},"thumbnailUrl":"https:\/\/static.africa-press.net\/togo\/sites\/58\/2026\/01\/sm_1767836320.020764.jpg","datePublished":"2026-01-07T23:03:04+00:00","dateModified":"2026-01-08T01:42:38+00:00","author":{"@id":"https:\/\/www.africa-press.net\/togo\/#\/schema\/person\/2b1cf3cd81a31e3cd26889ca66d677f1"},"description":"-article-header-tag\"> Africa-Press - Togo. L\u2019art du \u00ab FAURisme \u00bb, c\u2019est dire ...","breadcrumb":{"@id":"https:\/\/www.africa-press.net\/togo\/toutes-les-actualites\/penurie-deau-dans-les-savanes-kodjo-adedze-reagit#breadcrumb"},"inLanguage":"fr-FR","potentialAction":[{"@type":"ReadAction","target":["https:\/\/www.africa-press.net\/togo\/toutes-les-actualites\/penurie-deau-dans-les-savanes-kodjo-adedze-reagit"]}]},{"@type":"ImageObject","inLanguage":"fr-FR","@id":"https:\/\/www.africa-press.net\/togo\/toutes-les-actualites\/penurie-deau-dans-les-savanes-kodjo-adedze-reagit#primaryimage","url":"https:\/\/static.africa-press.net\/togo\/sites\/58\/2026\/01\/sm_1767836320.020764.jpg","contentUrl":"https:\/\/static.africa-press.net\/togo\/sites\/58\/2026\/01\/sm_1767836320.020764.jpg","width":720,"height":509,"caption":"Pe\u0301nurie D'Eau Dans Les Savanes: Kodjo Ade\u0301dze\u0301 Re\u0301agit"},{"@type":"BreadcrumbList","@id":"https:\/\/www.africa-press.net\/togo\/toutes-les-actualites\/penurie-deau-dans-les-savanes-kodjo-adedze-reagit#breadcrumb","itemListElement":[{"@type":"ListItem","position":1,"name":"Accueil","item":"https:\/\/www.africa-press.net\/togo\/"},{"@type":"ListItem","position":2,"name":"Pe\u0301nurie D&#8217;Eau Dans Les Savanes: Kodjo Ade\u0301dze\u0301 Re\u0301agit"}]},{"@type":"WebSite","@id":"https:\/\/www.africa-press.net\/togo\/#website","url":"https:\/\/www.africa-press.net\/togo\/","name":"Togo","description":"Just another Africa News Agency Sites site","potentialAction":[{"@type":"SearchAction","target":{"@type":"EntryPoint","urlTemplate":"https:\/\/www.africa-press.net\/togo\/?s={search_term_string}"},"query-input":{"@type":"PropertyValueSpecification","valueRequired":true,"valueName":"search_term_string"}}],"inLanguage":"fr-FR"},{"@type":"Person","@id":"https:\/\/www.africa-press.net\/togo\/#\/schema\/person\/2b1cf3cd81a31e3cd26889ca66d677f1","name":"cfeditorfr"}]}},"_links":{"self":[{"href":"https:\/\/www.africa-press.net\/togo\/wp-json\/wp\/v2\/posts\/46818","targetHints":{"allow":["GET"]}}],"collection":[{"href":"https:\/\/www.africa-press.net\/togo\/wp-json\/wp\/v2\/posts"}],"about":[{"href":"https:\/\/www.africa-press.net\/togo\/wp-json\/wp\/v2\/types\/post"}],"author":[{"embeddable":true,"href":"https:\/\/www.africa-press.net\/togo\/wp-json\/wp\/v2\/users\/82"}],"replies":[{"embeddable":true,"href":"https:\/\/www.africa-press.net\/togo\/wp-json\/wp\/v2\/comments?post=46818"}],"version-history":[{"count":0,"href":"https:\/\/www.africa-press.net\/togo\/wp-json\/wp\/v2\/posts\/46818\/revisions"}],"wp:featuredmedia":[{"embeddable":true,"href":"https:\/\/www.africa-press.net\/togo\/wp-json\/wp\/v2\/media\/46817"}],"wp:attachment":[{"href":"https:\/\/www.africa-press.net\/togo\/wp-json\/wp\/v2\/media?parent=46818"}],"wp:term":[{"taxonomy":"category","embeddable":true,"href":"https:\/\/www.africa-press.net\/togo\/wp-json\/wp\/v2\/categories?post=46818"},{"taxonomy":"post_tag","embeddable":true,"href":"https:\/\/www.africa-press.net\/togo\/wp-json\/wp\/v2\/tags?post=46818"}],"curies":[{"name":"wp","href":"https:\/\/api.w.org\/{rel}","templated":true}]}}