{"id":48054,"date":"2026-03-13T21:16:40","date_gmt":"2026-03-13T21:16:40","guid":{"rendered":"https:\/\/www.africa-press.net\/togo\/politique\/mouzou-tchilalo-prend-la-tete-du-pavillon-militaire"},"modified":"2026-03-13T22:32:33","modified_gmt":"2026-03-13T22:32:33","slug":"mouzou-tchilalo-prend-la-tete-du-pavillon-militaire","status":"publish","type":"post","link":"https:\/\/www.africa-press.net\/togo\/toutes-les-actualites\/mouzou-tchilalo-prend-la-tete-du-pavillon-militaire","title":{"rendered":"Mouzou Tchilalo Prend La T\u00eate Du Pavillon Militaire"},"content":{"rendered":"<p><span class=\"ap-article-header-tag\"> <strong>Africa-Press &#8211; Togo. <\/strong> <\/span>A\u0300 Centre hospitalier universitaire Sylvanus Olympio, a\u0300 Lome\u0301, le pavillon militaire change de direction. Depuis le mardi 10 mars, la structure est de\u0301sormais dirige\u0301e par le Me\u0301decin-Lieutenant-colonel Mouzou Tchilalo, qui succe\u0300de au Me\u0301decin-Colonel Eric Kokou Gumedzoe.<\/p>\n<p>A\u0300 peine installe\u0301e dans ses nouvelles fonctions, la nouvelle directrice affiche clairement sa priorite\u0301: poursuivre les actions engage\u0301es afin d\u2019ame\u0301liorer davantage la qualite\u0301 des soins au sein de cette unite\u0301 hospitalie\u0300re.<\/p>\n<p>De\u0301couvre cette offre exceptionnelle de deux chambres, un salon meuble\u0301 et climatise\u0301 avec cuisine, WC douche interne inclus situe\u0301 a\u0300 Adigogome\u0301 Yokoe\u0300 Carrefour Kope\u0301gan non loin de la frontie\u0300re TOGO-GHANA<\/p>\n<p>Me\u0301decin militaire expe\u0301rimente\u0301e, Mouzou Tchilalo est issue de l\u2019E\u0301cole du service de sante\u0301 des arme\u0301es de Lome\u0301. Elle est titulaire d\u2019un doctorat d\u2019E\u0301tat en me\u0301decine obtenu en 2006. Au fil de sa carrie\u0300re, elle a e\u0301galement renforce\u0301 ses compe\u0301tences a\u0300 travers plusieurs formations spe\u0301cialise\u0301es.<\/p>\n<p>Une carrie\u0300re marque\u0301e par l\u2019expe\u0301rience et les missions internationales<\/p>\n<p>Au sein du service de sante\u0301 des arme\u0301es, Mouzou Tchilalo a occupe\u0301 plusieurs postes de responsabilite\u0301. Son parcours professionnel est aussi marque\u0301 par des missions a\u0300 l\u2019e\u0301tranger, notamment en Co\u0302te d\u2019Ivoire et au Mali, dans le cadre d\u2019ope\u0301rations mene\u0301es sous l\u2019e\u0301gide de Nations Unies.<\/p>\n<p>Rattache\u0301 au service de sante\u0301 des arme\u0301es, le pavillon militaire du CHU Sylvanus Olympio a pour mission principale d\u2019assurer le soutien me\u0301dical des forces arme\u0301es togolaises et de leurs familles. La structure offre e\u0301galement des soins hospitaliers spe\u0301cialise\u0301s et participe a\u0300 la prise en charge sanitaire des populations, dans le respect des principes et valeurs militaires.<\/p>\n<p class=\"ap-article-footer-note\">Retrouvez plus d\u2019actualit\u00e9s et d\u2019analyses sur <span class=\"ap-highlight-country\">Togo<\/span> sur le site <span class=\"ap-highlight-brand\">Africa Press<\/span><\/p>\n","protected":false},"excerpt":{"rendered":"<p>Africa-Press &#8211; Togo. A\u0300 Centre hospitalier universitaire Sylvanus Olympio, a\u0300 Lome\u0301, le pavillon militaire change de direction. Depuis le mardi 10 mars, la structure est de\u0301sormais dirige\u0301e par le Me\u0301decin-Lieutenant-colonel Mouzou Tchilalo, qui succe\u0300de au Me\u0301decin-Colonel Eric Kokou Gumedzoe. A\u0300 peine installe\u0301e dans ses nouvelles fonctions, la nouvelle directrice affiche clairement sa priorite\u0301: poursuivre les [&hellip;]<\/p>\n","protected":false},"author":82,"featured_media":48053,"comment_status":"open","ping_status":"closed","sticky":false,"template":"","format":"standard","meta":{"footnotes":""},"categories":[21,10],"tags":[1667,50],"class_list":["post-48054","post","type-post","status-publish","format-standard","has-post-thumbnail","hentry","category-communaute","category-toutes-les-actualites","tag-chu-sylvanus-olympio","tag-togo"],"yoast_head":"<!-- This site is optimized with the Yoast SEO Premium plugin v26.1 (Yoast SEO v27.0) - https:\/\/yoast.com\/product\/yoast-seo-premium-wordpress\/ -->\n<title>Mouzou Tchilalo Prend La T\u00eate Du Pavillon Militaire - Togo<\/title>\n<meta name=\"description\" content=\"-article-header-tag&quot;&gt; Africa-Press - Togo. A\u0300 Centre hospitalier universitair ...\" \/>\n<meta name=\"robots\" content=\"index, follow, max-snippet:-1, max-image-preview:large, max-video-preview:-1\" \/>\n<link rel=\"canonical\" href=\"https:\/\/www.africa-press.net\/togo\/toutes-les-actualites\/mouzou-tchilalo-prend-la-tete-du-pavillon-militaire\" \/>\n<meta property=\"og:locale\" content=\"fr_FR\" \/>\n<meta property=\"og:type\" content=\"article\" \/>\n<meta property=\"og:title\" content=\"Mouzou Tchilalo Prend La T\u00eate Du Pavillon Militaire\" \/>\n<meta property=\"og:description\" content=\"-article-header-tag&quot;&gt; Africa-Press - Togo. A\u0300 Centre hospitalier universitair ...\" \/>\n<meta property=\"og:url\" content=\"https:\/\/www.africa-press.net\/togo\/toutes-les-actualites\/mouzou-tchilalo-prend-la-tete-du-pavillon-militaire\" \/>\n<meta property=\"og:site_name\" content=\"Togo\" \/>\n<meta property=\"article:published_time\" content=\"2026-03-13T21:16:40+00:00\" \/>\n<meta property=\"article:modified_time\" content=\"2026-03-13T22:32:33+00:00\" \/>\n<meta property=\"og:image\" content=\"https:\/\/static.africa-press.net\/togo\/sites\/58\/2026\/03\/sm_1773439958.443896.jpg\" \/>\n\t<meta property=\"og:image:width\" content=\"1280\" \/>\n\t<meta property=\"og:image:height\" content=\"720\" \/>\n\t<meta property=\"og:image:type\" content=\"image\/jpeg\" \/>\n<meta name=\"author\" content=\"cfeditorfr\" \/>\n<meta name=\"twitter:card\" content=\"summary_large_image\" \/>\n<meta name=\"twitter:label1\" content=\"\u00c9crit par\" \/>\n\t<meta name=\"twitter:data1\" content=\"cfeditorfr\" \/>\n\t<meta name=\"twitter:label2\" content=\"Dur\u00e9e de lecture estim\u00e9e\" \/>\n\t<meta name=\"twitter:data2\" content=\"2 minutes\" \/>\n<script type=\"application\/ld+json\" class=\"yoast-schema-graph\">{\"@context\":\"https:\/\/schema.org\",\"@graph\":[{\"@type\":\"Article\",\"@id\":\"https:\/\/www.africa-press.net\/togo\/toutes-les-actualites\/mouzou-tchilalo-prend-la-tete-du-pavillon-militaire#article\",\"isPartOf\":{\"@id\":\"https:\/\/www.africa-press.net\/togo\/toutes-les-actualites\/mouzou-tchilalo-prend-la-tete-du-pavillon-militaire\"},\"author\":{\"name\":\"cfeditorfr\",\"@id\":\"https:\/\/www.africa-press.net\/togo\/#\/schema\/person\/2b1cf3cd81a31e3cd26889ca66d677f1\"},\"headline\":\"Mouzou Tchilalo Prend La T\u00eate Du Pavillon Militaire\",\"datePublished\":\"2026-03-13T21:16:40+00:00\",\"dateModified\":\"2026-03-13T22:32:33+00:00\",\"mainEntityOfPage\":{\"@id\":\"https:\/\/www.africa-press.net\/togo\/toutes-les-actualites\/mouzou-tchilalo-prend-la-tete-du-pavillon-militaire\"},\"wordCount\":324,\"commentCount\":0,\"image\":{\"@id\":\"https:\/\/www.africa-press.net\/togo\/toutes-les-actualites\/mouzou-tchilalo-prend-la-tete-du-pavillon-militaire#primaryimage\"},\"thumbnailUrl\":\"https:\/\/static.africa-press.net\/togo\/sites\/58\/2026\/03\/sm_1773439958.443896.jpg\",\"keywords\":[\"CHU Sylvanus Olympio\",\"Togo\"],\"articleSection\":[\"Communaut\u00e9\",\"Toutes les actualit\u00e9s\"],\"inLanguage\":\"fr-FR\",\"potentialAction\":[{\"@type\":\"CommentAction\",\"name\":\"Comment\",\"target\":[\"https:\/\/www.africa-press.net\/togo\/toutes-les-actualites\/mouzou-tchilalo-prend-la-tete-du-pavillon-militaire#respond\"]}]},{\"@type\":\"WebPage\",\"@id\":\"https:\/\/www.africa-press.net\/togo\/toutes-les-actualites\/mouzou-tchilalo-prend-la-tete-du-pavillon-militaire\",\"url\":\"https:\/\/www.africa-press.net\/togo\/toutes-les-actualites\/mouzou-tchilalo-prend-la-tete-du-pavillon-militaire\",\"name\":\"Mouzou Tchilalo Prend La T\u00eate Du Pavillon Militaire - Togo\",\"isPartOf\":{\"@id\":\"https:\/\/www.africa-press.net\/togo\/#website\"},\"primaryImageOfPage\":{\"@id\":\"https:\/\/www.africa-press.net\/togo\/toutes-les-actualites\/mouzou-tchilalo-prend-la-tete-du-pavillon-militaire#primaryimage\"},\"image\":{\"@id\":\"https:\/\/www.africa-press.net\/togo\/toutes-les-actualites\/mouzou-tchilalo-prend-la-tete-du-pavillon-militaire#primaryimage\"},\"thumbnailUrl\":\"https:\/\/static.africa-press.net\/togo\/sites\/58\/2026\/03\/sm_1773439958.443896.jpg\",\"datePublished\":\"2026-03-13T21:16:40+00:00\",\"dateModified\":\"2026-03-13T22:32:33+00:00\",\"author\":{\"@id\":\"https:\/\/www.africa-press.net\/togo\/#\/schema\/person\/2b1cf3cd81a31e3cd26889ca66d677f1\"},\"description\":\"-article-header-tag\\\"> Africa-Press - Togo. A\u0300 Centre hospitalier universitair ...\",\"breadcrumb\":{\"@id\":\"https:\/\/www.africa-press.net\/togo\/toutes-les-actualites\/mouzou-tchilalo-prend-la-tete-du-pavillon-militaire#breadcrumb\"},\"inLanguage\":\"fr-FR\",\"potentialAction\":[{\"@type\":\"ReadAction\",\"target\":[\"https:\/\/www.africa-press.net\/togo\/toutes-les-actualites\/mouzou-tchilalo-prend-la-tete-du-pavillon-militaire\"]}]},{\"@type\":\"ImageObject\",\"inLanguage\":\"fr-FR\",\"@id\":\"https:\/\/www.africa-press.net\/togo\/toutes-les-actualites\/mouzou-tchilalo-prend-la-tete-du-pavillon-militaire#primaryimage\",\"url\":\"https:\/\/static.africa-press.net\/togo\/sites\/58\/2026\/03\/sm_1773439958.443896.jpg\",\"contentUrl\":\"https:\/\/static.africa-press.net\/togo\/sites\/58\/2026\/03\/sm_1773439958.443896.jpg\",\"width\":1280,\"height\":720,\"caption\":\"Mouzou Tchilalo Prend La T\u00eate Du Pavillon Militaire\"},{\"@type\":\"BreadcrumbList\",\"@id\":\"https:\/\/www.africa-press.net\/togo\/toutes-les-actualites\/mouzou-tchilalo-prend-la-tete-du-pavillon-militaire#breadcrumb\",\"itemListElement\":[{\"@type\":\"ListItem\",\"position\":1,\"name\":\"Accueil\",\"item\":\"https:\/\/www.africa-press.net\/togo\/\"},{\"@type\":\"ListItem\",\"position\":2,\"name\":\"Mouzou Tchilalo Prend La T\u00eate Du Pavillon Militaire\"}]},{\"@type\":\"WebSite\",\"@id\":\"https:\/\/www.africa-press.net\/togo\/#website\",\"url\":\"https:\/\/www.africa-press.net\/togo\/\",\"name\":\"Togo\",\"description\":\"Just another Africa News Agency Sites site\",\"potentialAction\":[{\"@type\":\"SearchAction\",\"target\":{\"@type\":\"EntryPoint\",\"urlTemplate\":\"https:\/\/www.africa-press.net\/togo\/?s={search_term_string}\"},\"query-input\":{\"@type\":\"PropertyValueSpecification\",\"valueRequired\":true,\"valueName\":\"search_term_string\"}}],\"inLanguage\":\"fr-FR\"},{\"@type\":\"Person\",\"@id\":\"https:\/\/www.africa-press.net\/togo\/#\/schema\/person\/2b1cf3cd81a31e3cd26889ca66d677f1\",\"name\":\"cfeditorfr\"}]}<\/script>\n<!-- \/ Yoast SEO Premium plugin. -->","yoast_head_json":{"title":"Mouzou Tchilalo Prend La T\u00eate Du Pavillon Militaire - Togo","description":"-article-header-tag\"> Africa-Press - Togo. A\u0300 Centre hospitalier universitair ...","robots":{"index":"index","follow":"follow","max-snippet":"max-snippet:-1","max-image-preview":"max-image-preview:large","max-video-preview":"max-video-preview:-1"},"canonical":"https:\/\/www.africa-press.net\/togo\/toutes-les-actualites\/mouzou-tchilalo-prend-la-tete-du-pavillon-militaire","og_locale":"fr_FR","og_type":"article","og_title":"Mouzou Tchilalo Prend La T\u00eate Du Pavillon Militaire","og_description":"-article-header-tag\"> Africa-Press - Togo. A\u0300 Centre hospitalier universitair ...","og_url":"https:\/\/www.africa-press.net\/togo\/toutes-les-actualites\/mouzou-tchilalo-prend-la-tete-du-pavillon-militaire","og_site_name":"Togo","article_published_time":"2026-03-13T21:16:40+00:00","article_modified_time":"2026-03-13T22:32:33+00:00","og_image":[{"width":1280,"height":720,"url":"https:\/\/static.africa-press.net\/togo\/sites\/58\/2026\/03\/sm_1773439958.443896.jpg","type":"image\/jpeg"}],"author":"cfeditorfr","twitter_card":"summary_large_image","twitter_misc":{"\u00c9crit par":"cfeditorfr","Dur\u00e9e de lecture estim\u00e9e":"2 minutes"},"schema":{"@context":"https:\/\/schema.org","@graph":[{"@type":"Article","@id":"https:\/\/www.africa-press.net\/togo\/toutes-les-actualites\/mouzou-tchilalo-prend-la-tete-du-pavillon-militaire#article","isPartOf":{"@id":"https:\/\/www.africa-press.net\/togo\/toutes-les-actualites\/mouzou-tchilalo-prend-la-tete-du-pavillon-militaire"},"author":{"name":"cfeditorfr","@id":"https:\/\/www.africa-press.net\/togo\/#\/schema\/person\/2b1cf3cd81a31e3cd26889ca66d677f1"},"headline":"Mouzou Tchilalo Prend La T\u00eate Du Pavillon Militaire","datePublished":"2026-03-13T21:16:40+00:00","dateModified":"2026-03-13T22:32:33+00:00","mainEntityOfPage":{"@id":"https:\/\/www.africa-press.net\/togo\/toutes-les-actualites\/mouzou-tchilalo-prend-la-tete-du-pavillon-militaire"},"wordCount":324,"commentCount":0,"image":{"@id":"https:\/\/www.africa-press.net\/togo\/toutes-les-actualites\/mouzou-tchilalo-prend-la-tete-du-pavillon-militaire#primaryimage"},"thumbnailUrl":"https:\/\/static.africa-press.net\/togo\/sites\/58\/2026\/03\/sm_1773439958.443896.jpg","keywords":["CHU Sylvanus Olympio","Togo"],"articleSection":["Communaut\u00e9","Toutes les actualit\u00e9s"],"inLanguage":"fr-FR","potentialAction":[{"@type":"CommentAction","name":"Comment","target":["https:\/\/www.africa-press.net\/togo\/toutes-les-actualites\/mouzou-tchilalo-prend-la-tete-du-pavillon-militaire#respond"]}]},{"@type":"WebPage","@id":"https:\/\/www.africa-press.net\/togo\/toutes-les-actualites\/mouzou-tchilalo-prend-la-tete-du-pavillon-militaire","url":"https:\/\/www.africa-press.net\/togo\/toutes-les-actualites\/mouzou-tchilalo-prend-la-tete-du-pavillon-militaire","name":"Mouzou Tchilalo Prend La T\u00eate Du Pavillon Militaire - Togo","isPartOf":{"@id":"https:\/\/www.africa-press.net\/togo\/#website"},"primaryImageOfPage":{"@id":"https:\/\/www.africa-press.net\/togo\/toutes-les-actualites\/mouzou-tchilalo-prend-la-tete-du-pavillon-militaire#primaryimage"},"image":{"@id":"https:\/\/www.africa-press.net\/togo\/toutes-les-actualites\/mouzou-tchilalo-prend-la-tete-du-pavillon-militaire#primaryimage"},"thumbnailUrl":"https:\/\/static.africa-press.net\/togo\/sites\/58\/2026\/03\/sm_1773439958.443896.jpg","datePublished":"2026-03-13T21:16:40+00:00","dateModified":"2026-03-13T22:32:33+00:00","author":{"@id":"https:\/\/www.africa-press.net\/togo\/#\/schema\/person\/2b1cf3cd81a31e3cd26889ca66d677f1"},"description":"-article-header-tag\"> Africa-Press - Togo. A\u0300 Centre hospitalier universitair ...","breadcrumb":{"@id":"https:\/\/www.africa-press.net\/togo\/toutes-les-actualites\/mouzou-tchilalo-prend-la-tete-du-pavillon-militaire#breadcrumb"},"inLanguage":"fr-FR","potentialAction":[{"@type":"ReadAction","target":["https:\/\/www.africa-press.net\/togo\/toutes-les-actualites\/mouzou-tchilalo-prend-la-tete-du-pavillon-militaire"]}]},{"@type":"ImageObject","inLanguage":"fr-FR","@id":"https:\/\/www.africa-press.net\/togo\/toutes-les-actualites\/mouzou-tchilalo-prend-la-tete-du-pavillon-militaire#primaryimage","url":"https:\/\/static.africa-press.net\/togo\/sites\/58\/2026\/03\/sm_1773439958.443896.jpg","contentUrl":"https:\/\/static.africa-press.net\/togo\/sites\/58\/2026\/03\/sm_1773439958.443896.jpg","width":1280,"height":720,"caption":"Mouzou Tchilalo Prend La T\u00eate Du Pavillon Militaire"},{"@type":"BreadcrumbList","@id":"https:\/\/www.africa-press.net\/togo\/toutes-les-actualites\/mouzou-tchilalo-prend-la-tete-du-pavillon-militaire#breadcrumb","itemListElement":[{"@type":"ListItem","position":1,"name":"Accueil","item":"https:\/\/www.africa-press.net\/togo\/"},{"@type":"ListItem","position":2,"name":"Mouzou Tchilalo Prend La T\u00eate Du Pavillon Militaire"}]},{"@type":"WebSite","@id":"https:\/\/www.africa-press.net\/togo\/#website","url":"https:\/\/www.africa-press.net\/togo\/","name":"Togo","description":"Just another Africa News Agency Sites site","potentialAction":[{"@type":"SearchAction","target":{"@type":"EntryPoint","urlTemplate":"https:\/\/www.africa-press.net\/togo\/?s={search_term_string}"},"query-input":{"@type":"PropertyValueSpecification","valueRequired":true,"valueName":"search_term_string"}}],"inLanguage":"fr-FR"},{"@type":"Person","@id":"https:\/\/www.africa-press.net\/togo\/#\/schema\/person\/2b1cf3cd81a31e3cd26889ca66d677f1","name":"cfeditorfr"}]}},"_links":{"self":[{"href":"https:\/\/www.africa-press.net\/togo\/wp-json\/wp\/v2\/posts\/48054","targetHints":{"allow":["GET"]}}],"collection":[{"href":"https:\/\/www.africa-press.net\/togo\/wp-json\/wp\/v2\/posts"}],"about":[{"href":"https:\/\/www.africa-press.net\/togo\/wp-json\/wp\/v2\/types\/post"}],"author":[{"embeddable":true,"href":"https:\/\/www.africa-press.net\/togo\/wp-json\/wp\/v2\/users\/82"}],"replies":[{"embeddable":true,"href":"https:\/\/www.africa-press.net\/togo\/wp-json\/wp\/v2\/comments?post=48054"}],"version-history":[{"count":0,"href":"https:\/\/www.africa-press.net\/togo\/wp-json\/wp\/v2\/posts\/48054\/revisions"}],"wp:featuredmedia":[{"embeddable":true,"href":"https:\/\/www.africa-press.net\/togo\/wp-json\/wp\/v2\/media\/48053"}],"wp:attachment":[{"href":"https:\/\/www.africa-press.net\/togo\/wp-json\/wp\/v2\/media?parent=48054"}],"wp:term":[{"taxonomy":"category","embeddable":true,"href":"https:\/\/www.africa-press.net\/togo\/wp-json\/wp\/v2\/categories?post=48054"},{"taxonomy":"post_tag","embeddable":true,"href":"https:\/\/www.africa-press.net\/togo\/wp-json\/wp\/v2\/tags?post=48054"}],"curies":[{"name":"wp","href":"https:\/\/api.w.org\/{rel}","templated":true}]}}