{"id":48066,"date":"2026-03-13T21:18:18","date_gmt":"2026-03-13T21:18:18","guid":{"rendered":"https:\/\/www.africa-press.net\/togo\/politique\/enquete-sur-les-enlevements-et-disparitions-au-togo"},"modified":"2026-03-13T22:34:40","modified_gmt":"2026-03-13T22:34:40","slug":"enquete-sur-les-enlevements-et-disparitions-au-togo","status":"publish","type":"post","link":"https:\/\/www.africa-press.net\/togo\/toutes-les-actualites\/enquete-sur-les-enlevements-et-disparitions-au-togo","title":{"rendered":"Enqu\u00eate Sur Les Enl\u00e8vements Et Disparitions Au Togo"},"content":{"rendered":"<p><span class=\"ap-article-header-tag\"> <strong>Africa-Press &#8211; Togo. <\/strong> <\/span>Re\u0301uni ce mercredi 11 mars 2026 en Conseil des ministres sous la pre\u0301sidence de Faure Essozimna Gnassingbe\u0301, le gouvernement a examine\u0301 les conclusions de la commission spe\u0301ciale d\u2019enque\u0302te mise en place pour faire la lumie\u0300re sur les cas d\u2019enle\u0300vements et de disparitions inquie\u0301tantes signale\u0301s ces derniers mois dans le pays.<\/p>\n<p>Depuis quelque temps, plusieurs signalements concernant des disparitions, notamment d\u2019adolescents et de mineurs, ont circule\u0301 au Togo, souvent amplifie\u0301s sur les re\u0301seaux sociaux. Ces informations ont suscite\u0301 une vive e\u0301motion au sein de l\u2019opinion publique et nourri l\u2019inquie\u0301tude de nombreuses familles. Face a\u0300 cette situation, le gouvernement avait de\u0301cide\u0301, le 24 janvier 2026, de mettre en place une commission spe\u0301ciale charge\u0301e de mener des investigations approfondies.<\/p>\n<p>De\u0301couvre cette offre exceptionnelle de deux chambres, un salon meuble\u0301 et climatise\u0301 avec cuisine, WC douche interne inclus situe\u0301 a\u0300 Adigogome\u0301 Yokoe\u0300 Carrefour Kope\u0301gan non loin de la frontie\u0300re TOGO-GHANA<\/p>\n<p>D\u2019apre\u0300s les re\u0301sultats pre\u0301sente\u0301s par le ministre de la Se\u0301curite\u0301, sur les 102 cas signale\u0301s, 86 personnes ont e\u0301te\u0301 retrouve\u0301es, parmi lesquelles 63 mineurs et 23 majeurs. Seize personnes restent cependant introuvables a\u0300 ce stade des recherches.<\/p>\n<p>Les conclusions de l\u2019enque\u0302te indiquent que la majorite\u0301 des disparitions enregistre\u0301es seraient lie\u0301es a\u0300 des conflits familiaux, des de\u0301parts volontaires ou encore a\u0300 des situations de ne\u0301gligence et de vulne\u0301rabilite\u0301. A\u0300 ce jour, un seul cas d\u2019enle\u0300vement pre\u0301sume\u0301 fait toujours l\u2019objet d\u2019investigations approfondies par les services compe\u0301tents.<\/p>\n<p>Afin de pre\u0301venir de nouveaux cas et de renforcer la se\u0301curite\u0301 des populations, plusieurs mesures ont e\u0301te\u0301 annonce\u0301es. Il s\u2019agit notamment de la cre\u0301ation d\u2019une base nationale centralise\u0301e des personnes disparues, du renforcement des patrouilles et du contro\u0302le des flux migratoires, ainsi que de campagnes de sensibilisation destine\u0301es a\u0300 alerter les jeunes sur les dangers des promesses de gains faciles et sur les proce\u0301dures de signalement.<\/p>\n<p>Le gouvernement pre\u0301voit e\u0301galement la modernisation du laboratoire de criminalistique nume\u0301rique, afin de mieux lutter contre la de\u0301sinformation et faciliter les investigations lie\u0301es a\u0300 ce type d\u2019affaires.<\/p>\n<p>Les autorite\u0301s appellent enfin les citoyens a\u0300 faire preuve de vigilance, a\u0300 privile\u0301gier le dialogue au sein des familles et a\u0300 coope\u0301rer avec les services de se\u0301curite\u0301, dans le but de prote\u0301ger les populations et de pre\u0301venir toute situation de vulne\u0301rabilite\u0301.<\/p>\n<p class=\"ap-article-footer-note\">Retrouvez plus d\u2019actualit\u00e9s et d\u2019analyses sur <span class=\"ap-highlight-country\">Togo<\/span> sur le site <span class=\"ap-highlight-brand\">Africa Press<\/span><\/p>\n","protected":false},"excerpt":{"rendered":"<p>Africa-Press &#8211; Togo. Re\u0301uni ce mercredi 11 mars 2026 en Conseil des ministres sous la pre\u0301sidence de Faure Essozimna Gnassingbe\u0301, le gouvernement a examine\u0301 les conclusions de la commission spe\u0301ciale d\u2019enque\u0302te mise en place pour faire la lumie\u0300re sur les cas d\u2019enle\u0300vements et de disparitions inquie\u0301tantes signale\u0301s ces derniers mois dans le pays. Depuis quelque [&hellip;]<\/p>\n","protected":false},"author":82,"featured_media":48065,"comment_status":"open","ping_status":"closed","sticky":false,"template":"","format":"standard","meta":{"footnotes":""},"categories":[21,10],"tags":[50],"class_list":["post-48066","post","type-post","status-publish","format-standard","has-post-thumbnail","hentry","category-communaute","category-toutes-les-actualites","tag-togo"],"yoast_head":"<!-- This site is optimized with the Yoast SEO Premium plugin v26.1 (Yoast SEO v27.0) - https:\/\/yoast.com\/product\/yoast-seo-premium-wordpress\/ -->\n<title>Enqu\u00eate Sur Les Enl\u00e8vements Et Disparitions Au Togo - Togo<\/title>\n<meta name=\"description\" content=\"-article-header-tag&quot;&gt; Africa-Press - Togo. Re\u0301uni ce mercredi 11 mars 2026 en ...\" \/>\n<meta name=\"robots\" content=\"index, follow, max-snippet:-1, max-image-preview:large, max-video-preview:-1\" \/>\n<link rel=\"canonical\" href=\"https:\/\/www.africa-press.net\/togo\/toutes-les-actualites\/enquete-sur-les-enlevements-et-disparitions-au-togo\" \/>\n<meta property=\"og:locale\" content=\"fr_FR\" \/>\n<meta property=\"og:type\" content=\"article\" \/>\n<meta property=\"og:title\" content=\"Enqu\u00eate Sur Les Enl\u00e8vements Et Disparitions Au Togo\" \/>\n<meta property=\"og:description\" content=\"-article-header-tag&quot;&gt; Africa-Press - Togo. Re\u0301uni ce mercredi 11 mars 2026 en ...\" \/>\n<meta property=\"og:url\" content=\"https:\/\/www.africa-press.net\/togo\/toutes-les-actualites\/enquete-sur-les-enlevements-et-disparitions-au-togo\" \/>\n<meta property=\"og:site_name\" content=\"Togo\" \/>\n<meta property=\"article:published_time\" content=\"2026-03-13T21:18:18+00:00\" \/>\n<meta property=\"article:modified_time\" content=\"2026-03-13T22:34:40+00:00\" \/>\n<meta property=\"og:image\" content=\"https:\/\/static.africa-press.net\/togo\/sites\/58\/2026\/03\/sm_1773440058.449719.jpg\" \/>\n\t<meta property=\"og:image:width\" content=\"720\" \/>\n\t<meta property=\"og:image:height\" content=\"480\" \/>\n\t<meta property=\"og:image:type\" content=\"image\/jpeg\" \/>\n<meta name=\"author\" content=\"cfeditorfr\" \/>\n<meta name=\"twitter:card\" content=\"summary_large_image\" \/>\n<meta name=\"twitter:label1\" content=\"\u00c9crit par\" \/>\n\t<meta name=\"twitter:data1\" content=\"cfeditorfr\" \/>\n\t<meta name=\"twitter:label2\" content=\"Dur\u00e9e de lecture estim\u00e9e\" \/>\n\t<meta name=\"twitter:data2\" content=\"3 minutes\" \/>\n<script type=\"application\/ld+json\" class=\"yoast-schema-graph\">{\"@context\":\"https:\/\/schema.org\",\"@graph\":[{\"@type\":\"Article\",\"@id\":\"https:\/\/www.africa-press.net\/togo\/toutes-les-actualites\/enquete-sur-les-enlevements-et-disparitions-au-togo#article\",\"isPartOf\":{\"@id\":\"https:\/\/www.africa-press.net\/togo\/toutes-les-actualites\/enquete-sur-les-enlevements-et-disparitions-au-togo\"},\"author\":{\"name\":\"cfeditorfr\",\"@id\":\"https:\/\/www.africa-press.net\/togo\/#\/schema\/person\/2b1cf3cd81a31e3cd26889ca66d677f1\"},\"headline\":\"Enqu\u00eate Sur Les Enl\u00e8vements Et Disparitions Au Togo\",\"datePublished\":\"2026-03-13T21:18:18+00:00\",\"dateModified\":\"2026-03-13T22:34:40+00:00\",\"mainEntityOfPage\":{\"@id\":\"https:\/\/www.africa-press.net\/togo\/toutes-les-actualites\/enquete-sur-les-enlevements-et-disparitions-au-togo\"},\"wordCount\":453,\"commentCount\":0,\"image\":{\"@id\":\"https:\/\/www.africa-press.net\/togo\/toutes-les-actualites\/enquete-sur-les-enlevements-et-disparitions-au-togo#primaryimage\"},\"thumbnailUrl\":\"https:\/\/static.africa-press.net\/togo\/sites\/58\/2026\/03\/sm_1773440058.449719.jpg\",\"keywords\":[\"Togo\"],\"articleSection\":[\"Communaut\u00e9\",\"Toutes les actualit\u00e9s\"],\"inLanguage\":\"fr-FR\",\"potentialAction\":[{\"@type\":\"CommentAction\",\"name\":\"Comment\",\"target\":[\"https:\/\/www.africa-press.net\/togo\/toutes-les-actualites\/enquete-sur-les-enlevements-et-disparitions-au-togo#respond\"]}]},{\"@type\":\"WebPage\",\"@id\":\"https:\/\/www.africa-press.net\/togo\/toutes-les-actualites\/enquete-sur-les-enlevements-et-disparitions-au-togo\",\"url\":\"https:\/\/www.africa-press.net\/togo\/toutes-les-actualites\/enquete-sur-les-enlevements-et-disparitions-au-togo\",\"name\":\"Enqu\u00eate Sur Les Enl\u00e8vements Et Disparitions Au Togo - Togo\",\"isPartOf\":{\"@id\":\"https:\/\/www.africa-press.net\/togo\/#website\"},\"primaryImageOfPage\":{\"@id\":\"https:\/\/www.africa-press.net\/togo\/toutes-les-actualites\/enquete-sur-les-enlevements-et-disparitions-au-togo#primaryimage\"},\"image\":{\"@id\":\"https:\/\/www.africa-press.net\/togo\/toutes-les-actualites\/enquete-sur-les-enlevements-et-disparitions-au-togo#primaryimage\"},\"thumbnailUrl\":\"https:\/\/static.africa-press.net\/togo\/sites\/58\/2026\/03\/sm_1773440058.449719.jpg\",\"datePublished\":\"2026-03-13T21:18:18+00:00\",\"dateModified\":\"2026-03-13T22:34:40+00:00\",\"author\":{\"@id\":\"https:\/\/www.africa-press.net\/togo\/#\/schema\/person\/2b1cf3cd81a31e3cd26889ca66d677f1\"},\"description\":\"-article-header-tag\\\"> Africa-Press - Togo. Re\u0301uni ce mercredi 11 mars 2026 en ...\",\"breadcrumb\":{\"@id\":\"https:\/\/www.africa-press.net\/togo\/toutes-les-actualites\/enquete-sur-les-enlevements-et-disparitions-au-togo#breadcrumb\"},\"inLanguage\":\"fr-FR\",\"potentialAction\":[{\"@type\":\"ReadAction\",\"target\":[\"https:\/\/www.africa-press.net\/togo\/toutes-les-actualites\/enquete-sur-les-enlevements-et-disparitions-au-togo\"]}]},{\"@type\":\"ImageObject\",\"inLanguage\":\"fr-FR\",\"@id\":\"https:\/\/www.africa-press.net\/togo\/toutes-les-actualites\/enquete-sur-les-enlevements-et-disparitions-au-togo#primaryimage\",\"url\":\"https:\/\/static.africa-press.net\/togo\/sites\/58\/2026\/03\/sm_1773440058.449719.jpg\",\"contentUrl\":\"https:\/\/static.africa-press.net\/togo\/sites\/58\/2026\/03\/sm_1773440058.449719.jpg\",\"width\":720,\"height\":480,\"caption\":\"Enqu\u00eate Sur Les Enl\u00e8vements Et Disparitions Au Togo\"},{\"@type\":\"BreadcrumbList\",\"@id\":\"https:\/\/www.africa-press.net\/togo\/toutes-les-actualites\/enquete-sur-les-enlevements-et-disparitions-au-togo#breadcrumb\",\"itemListElement\":[{\"@type\":\"ListItem\",\"position\":1,\"name\":\"Accueil\",\"item\":\"https:\/\/www.africa-press.net\/togo\/\"},{\"@type\":\"ListItem\",\"position\":2,\"name\":\"Enqu\u00eate Sur Les Enl\u00e8vements Et Disparitions Au Togo\"}]},{\"@type\":\"WebSite\",\"@id\":\"https:\/\/www.africa-press.net\/togo\/#website\",\"url\":\"https:\/\/www.africa-press.net\/togo\/\",\"name\":\"Togo\",\"description\":\"Just another Africa News Agency Sites site\",\"potentialAction\":[{\"@type\":\"SearchAction\",\"target\":{\"@type\":\"EntryPoint\",\"urlTemplate\":\"https:\/\/www.africa-press.net\/togo\/?s={search_term_string}\"},\"query-input\":{\"@type\":\"PropertyValueSpecification\",\"valueRequired\":true,\"valueName\":\"search_term_string\"}}],\"inLanguage\":\"fr-FR\"},{\"@type\":\"Person\",\"@id\":\"https:\/\/www.africa-press.net\/togo\/#\/schema\/person\/2b1cf3cd81a31e3cd26889ca66d677f1\",\"name\":\"cfeditorfr\"}]}<\/script>\n<!-- \/ Yoast SEO Premium plugin. -->","yoast_head_json":{"title":"Enqu\u00eate Sur Les Enl\u00e8vements Et Disparitions Au Togo - Togo","description":"-article-header-tag\"> Africa-Press - Togo. Re\u0301uni ce mercredi 11 mars 2026 en ...","robots":{"index":"index","follow":"follow","max-snippet":"max-snippet:-1","max-image-preview":"max-image-preview:large","max-video-preview":"max-video-preview:-1"},"canonical":"https:\/\/www.africa-press.net\/togo\/toutes-les-actualites\/enquete-sur-les-enlevements-et-disparitions-au-togo","og_locale":"fr_FR","og_type":"article","og_title":"Enqu\u00eate Sur Les Enl\u00e8vements Et Disparitions Au Togo","og_description":"-article-header-tag\"> Africa-Press - Togo. Re\u0301uni ce mercredi 11 mars 2026 en ...","og_url":"https:\/\/www.africa-press.net\/togo\/toutes-les-actualites\/enquete-sur-les-enlevements-et-disparitions-au-togo","og_site_name":"Togo","article_published_time":"2026-03-13T21:18:18+00:00","article_modified_time":"2026-03-13T22:34:40+00:00","og_image":[{"width":720,"height":480,"url":"https:\/\/static.africa-press.net\/togo\/sites\/58\/2026\/03\/sm_1773440058.449719.jpg","type":"image\/jpeg"}],"author":"cfeditorfr","twitter_card":"summary_large_image","twitter_misc":{"\u00c9crit par":"cfeditorfr","Dur\u00e9e de lecture estim\u00e9e":"3 minutes"},"schema":{"@context":"https:\/\/schema.org","@graph":[{"@type":"Article","@id":"https:\/\/www.africa-press.net\/togo\/toutes-les-actualites\/enquete-sur-les-enlevements-et-disparitions-au-togo#article","isPartOf":{"@id":"https:\/\/www.africa-press.net\/togo\/toutes-les-actualites\/enquete-sur-les-enlevements-et-disparitions-au-togo"},"author":{"name":"cfeditorfr","@id":"https:\/\/www.africa-press.net\/togo\/#\/schema\/person\/2b1cf3cd81a31e3cd26889ca66d677f1"},"headline":"Enqu\u00eate Sur Les Enl\u00e8vements Et Disparitions Au Togo","datePublished":"2026-03-13T21:18:18+00:00","dateModified":"2026-03-13T22:34:40+00:00","mainEntityOfPage":{"@id":"https:\/\/www.africa-press.net\/togo\/toutes-les-actualites\/enquete-sur-les-enlevements-et-disparitions-au-togo"},"wordCount":453,"commentCount":0,"image":{"@id":"https:\/\/www.africa-press.net\/togo\/toutes-les-actualites\/enquete-sur-les-enlevements-et-disparitions-au-togo#primaryimage"},"thumbnailUrl":"https:\/\/static.africa-press.net\/togo\/sites\/58\/2026\/03\/sm_1773440058.449719.jpg","keywords":["Togo"],"articleSection":["Communaut\u00e9","Toutes les actualit\u00e9s"],"inLanguage":"fr-FR","potentialAction":[{"@type":"CommentAction","name":"Comment","target":["https:\/\/www.africa-press.net\/togo\/toutes-les-actualites\/enquete-sur-les-enlevements-et-disparitions-au-togo#respond"]}]},{"@type":"WebPage","@id":"https:\/\/www.africa-press.net\/togo\/toutes-les-actualites\/enquete-sur-les-enlevements-et-disparitions-au-togo","url":"https:\/\/www.africa-press.net\/togo\/toutes-les-actualites\/enquete-sur-les-enlevements-et-disparitions-au-togo","name":"Enqu\u00eate Sur Les Enl\u00e8vements Et Disparitions Au Togo - Togo","isPartOf":{"@id":"https:\/\/www.africa-press.net\/togo\/#website"},"primaryImageOfPage":{"@id":"https:\/\/www.africa-press.net\/togo\/toutes-les-actualites\/enquete-sur-les-enlevements-et-disparitions-au-togo#primaryimage"},"image":{"@id":"https:\/\/www.africa-press.net\/togo\/toutes-les-actualites\/enquete-sur-les-enlevements-et-disparitions-au-togo#primaryimage"},"thumbnailUrl":"https:\/\/static.africa-press.net\/togo\/sites\/58\/2026\/03\/sm_1773440058.449719.jpg","datePublished":"2026-03-13T21:18:18+00:00","dateModified":"2026-03-13T22:34:40+00:00","author":{"@id":"https:\/\/www.africa-press.net\/togo\/#\/schema\/person\/2b1cf3cd81a31e3cd26889ca66d677f1"},"description":"-article-header-tag\"> Africa-Press - Togo. Re\u0301uni ce mercredi 11 mars 2026 en ...","breadcrumb":{"@id":"https:\/\/www.africa-press.net\/togo\/toutes-les-actualites\/enquete-sur-les-enlevements-et-disparitions-au-togo#breadcrumb"},"inLanguage":"fr-FR","potentialAction":[{"@type":"ReadAction","target":["https:\/\/www.africa-press.net\/togo\/toutes-les-actualites\/enquete-sur-les-enlevements-et-disparitions-au-togo"]}]},{"@type":"ImageObject","inLanguage":"fr-FR","@id":"https:\/\/www.africa-press.net\/togo\/toutes-les-actualites\/enquete-sur-les-enlevements-et-disparitions-au-togo#primaryimage","url":"https:\/\/static.africa-press.net\/togo\/sites\/58\/2026\/03\/sm_1773440058.449719.jpg","contentUrl":"https:\/\/static.africa-press.net\/togo\/sites\/58\/2026\/03\/sm_1773440058.449719.jpg","width":720,"height":480,"caption":"Enqu\u00eate Sur Les Enl\u00e8vements Et Disparitions Au Togo"},{"@type":"BreadcrumbList","@id":"https:\/\/www.africa-press.net\/togo\/toutes-les-actualites\/enquete-sur-les-enlevements-et-disparitions-au-togo#breadcrumb","itemListElement":[{"@type":"ListItem","position":1,"name":"Accueil","item":"https:\/\/www.africa-press.net\/togo\/"},{"@type":"ListItem","position":2,"name":"Enqu\u00eate Sur Les Enl\u00e8vements Et Disparitions Au Togo"}]},{"@type":"WebSite","@id":"https:\/\/www.africa-press.net\/togo\/#website","url":"https:\/\/www.africa-press.net\/togo\/","name":"Togo","description":"Just another Africa News Agency Sites site","potentialAction":[{"@type":"SearchAction","target":{"@type":"EntryPoint","urlTemplate":"https:\/\/www.africa-press.net\/togo\/?s={search_term_string}"},"query-input":{"@type":"PropertyValueSpecification","valueRequired":true,"valueName":"search_term_string"}}],"inLanguage":"fr-FR"},{"@type":"Person","@id":"https:\/\/www.africa-press.net\/togo\/#\/schema\/person\/2b1cf3cd81a31e3cd26889ca66d677f1","name":"cfeditorfr"}]}},"_links":{"self":[{"href":"https:\/\/www.africa-press.net\/togo\/wp-json\/wp\/v2\/posts\/48066","targetHints":{"allow":["GET"]}}],"collection":[{"href":"https:\/\/www.africa-press.net\/togo\/wp-json\/wp\/v2\/posts"}],"about":[{"href":"https:\/\/www.africa-press.net\/togo\/wp-json\/wp\/v2\/types\/post"}],"author":[{"embeddable":true,"href":"https:\/\/www.africa-press.net\/togo\/wp-json\/wp\/v2\/users\/82"}],"replies":[{"embeddable":true,"href":"https:\/\/www.africa-press.net\/togo\/wp-json\/wp\/v2\/comments?post=48066"}],"version-history":[{"count":0,"href":"https:\/\/www.africa-press.net\/togo\/wp-json\/wp\/v2\/posts\/48066\/revisions"}],"wp:featuredmedia":[{"embeddable":true,"href":"https:\/\/www.africa-press.net\/togo\/wp-json\/wp\/v2\/media\/48065"}],"wp:attachment":[{"href":"https:\/\/www.africa-press.net\/togo\/wp-json\/wp\/v2\/media?parent=48066"}],"wp:term":[{"taxonomy":"category","embeddable":true,"href":"https:\/\/www.africa-press.net\/togo\/wp-json\/wp\/v2\/categories?post=48066"},{"taxonomy":"post_tag","embeddable":true,"href":"https:\/\/www.africa-press.net\/togo\/wp-json\/wp\/v2\/tags?post=48066"}],"curies":[{"name":"wp","href":"https:\/\/api.w.org\/{rel}","templated":true}]}}