{"id":48113,"date":"2026-03-14T18:37:23","date_gmt":"2026-03-14T18:37:23","guid":{"rendered":"https:\/\/www.africa-press.net\/togo\/politique\/adebayor-soutient-macky-sall-pour-lonu"},"modified":"2026-03-14T19:33:23","modified_gmt":"2026-03-14T19:33:23","slug":"adebayor-soutient-macky-sall-pour-lonu","status":"publish","type":"post","link":"https:\/\/www.africa-press.net\/togo\/politique\/adebayor-soutient-macky-sall-pour-lonu","title":{"rendered":"Adebayor Soutient Macky Sall Pour L&rsquo;ONU"},"content":{"rendered":"<p><span class=\"ap-article-header-tag\"> <strong>Africa-Press &#8211; Togo. <\/strong> <\/span>L\u2019ancien capitaine des E\u0301perviers du Togo, Emmanuel Sheyi Adebayor, a officiellement exprime\u0301 son soutien a\u0300 la candidature de l\u2019ancien pre\u0301sident se\u0301ne\u0301galais Macky Sall au poste de secre\u0301taire ge\u0301ne\u0301ral de Organisation des Nations Unies (ONU).<\/p>\n<p>Dans une courte vide\u0301o publie\u0301e le 12 mars 2026 sur les re\u0301seaux sociaux, l\u2019ex-star du football africain a de\u0301clare\u0301 apporter son appui a\u0300 la candidature porte\u0301e par Union africaine.<\/p>\n<p>De\u0301couvre cette offre exceptionnelle de deux chambres, un salon meuble\u0301 et climatise\u0301 avec cuisine, WC douche interne inclus situe\u0301 a\u0300 Adigogome\u0301 Yokoe\u0300 Carrefour Kope\u0301gan non loin de la frontie\u0300re TOGO-GHANA<\/p>\n<p>\u00ab Je tiens a\u0300 apporter mon soutien a\u0300 la candidature du Pre\u0301sident Macky Sall au poste de Secre\u0301taire ge\u0301ne\u0301ral des Nations Unies \u00bb, a affirme\u0301 l\u2019ancien attaquant togolais, saluant par la me\u0302me occasion le leadership de l\u2019ex-chef de l\u2019E\u0301tat se\u0301ne\u0301galais. Selon lui, celui-ci dispose de l\u2019expe\u0301rience et de la vision ne\u0301cessaires pour contribuer a\u0300 la construction \u00ab d\u2019un monde plus juste \u00bb.<\/p>\n<p>La candidature de Macky Sall a e\u0301te\u0301 officiellement pre\u0301sente\u0301e le 2 mars 2026 par Burundi, qui assure actuellement la pre\u0301sidence tournante de l\u2019Union africaine. Cette initiative vise notamment a\u0300 promouvoir une personnalite\u0301 africaine a\u0300 la te\u0302te de l\u2019organisation onusienne.<\/p>\n<p>Plusieurs figures internationales sont e\u0301galement e\u0301voque\u0301es parmi les pre\u0301tendants a\u0300 la succession du prochain secre\u0301taire ge\u0301ne\u0301ral de l\u2019ONU. Parmi elles figurent l\u2019ancienne pre\u0301sidente du Chili, Michelle Bachelet, le directeur ge\u0301ne\u0301ral de Agence internationale de l\u2019e\u0301nergie atomique, Rafael Grossi, ainsi que l\u2019ancienne vice-pre\u0301sidente du Costa Rica, Rebeca Grynspan.<\/p>\n<p>Selon les informations disponibles, le processus de se\u0301lection pour de\u0301signer le prochain secre\u0301taire ge\u0301ne\u0301ral de l\u2019ONU devrait de\u0301marrer a\u0300 la fin du mois de juillet 2026.<\/p>\n<p>Dans ce contexte, les prises de position publiques, comme celle d\u2019Emmanuel Adebayor, contribuent a\u0300 alimenter le de\u0301bat autour de cette succession tre\u0300s attendue a\u0300 la te\u0302te de l\u2019organisation internationale.<\/p>\n<p class=\"ap-article-footer-note\">Retrouvez plus d\u2019actualit\u00e9s et d\u2019analyses sur <span class=\"ap-highlight-country\">Togo<\/span> sur le site <span class=\"ap-highlight-brand\">Africa Press<\/span><\/p>\n","protected":false},"excerpt":{"rendered":"<p>Africa-Press &#8211; Togo. L\u2019ancien capitaine des E\u0301perviers du Togo, Emmanuel Sheyi Adebayor, a officiellement exprime\u0301 son soutien a\u0300 la candidature de l\u2019ancien pre\u0301sident se\u0301ne\u0301galais Macky Sall au poste de secre\u0301taire ge\u0301ne\u0301ral de Organisation des Nations Unies (ONU). Dans une courte vide\u0301o publie\u0301e le 12 mars 2026 sur les re\u0301seaux sociaux, l\u2019ex-star du football africain a [&hellip;]<\/p>\n","protected":false},"author":82,"featured_media":48112,"comment_status":"open","ping_status":"closed","sticky":false,"template":"","format":"standard","meta":{"footnotes":""},"categories":[7,2,20,10],"tags":[411,1488,44,50],"class_list":["post-48113","post","type-post","status-publish","format-standard","has-post-thumbnail","hentry","category-dossiers","category-politique","category-top-nouvelles","category-toutes-les-actualites","tag-adebayor","tag-macky-sall","tag-onu","tag-togo"],"yoast_head":"<!-- This site is optimized with the Yoast SEO Premium plugin v26.1 (Yoast SEO v27.0) - https:\/\/yoast.com\/product\/yoast-seo-premium-wordpress\/ -->\n<title>Adebayor Soutient Macky Sall Pour L&#039;ONU - Togo<\/title>\n<meta name=\"description\" content=\"-article-header-tag&quot;&gt; Africa-Press - Togo. L\u2019ancien capitaine des E\u0301perviers ...\" \/>\n<meta name=\"robots\" content=\"index, follow, max-snippet:-1, max-image-preview:large, max-video-preview:-1\" \/>\n<link rel=\"canonical\" href=\"https:\/\/www.africa-press.net\/togo\/politique\/adebayor-soutient-macky-sall-pour-lonu\" \/>\n<meta property=\"og:locale\" content=\"fr_FR\" \/>\n<meta property=\"og:type\" content=\"article\" \/>\n<meta property=\"og:title\" content=\"Adebayor Soutient Macky Sall Pour L&#039;ONU\" \/>\n<meta property=\"og:description\" content=\"-article-header-tag&quot;&gt; Africa-Press - Togo. L\u2019ancien capitaine des E\u0301perviers ...\" \/>\n<meta property=\"og:url\" content=\"https:\/\/www.africa-press.net\/togo\/politique\/adebayor-soutient-macky-sall-pour-lonu\" \/>\n<meta property=\"og:site_name\" content=\"Togo\" \/>\n<meta property=\"article:published_time\" content=\"2026-03-14T18:37:23+00:00\" \/>\n<meta property=\"article:modified_time\" content=\"2026-03-14T19:33:23+00:00\" \/>\n<meta property=\"og:image\" content=\"https:\/\/static.africa-press.net\/togo\/sites\/58\/2026\/03\/sm_1773516271.599076.jpg\" \/>\n\t<meta property=\"og:image:width\" content=\"720\" \/>\n\t<meta property=\"og:image:height\" content=\"480\" \/>\n\t<meta property=\"og:image:type\" content=\"image\/jpeg\" \/>\n<meta name=\"author\" content=\"cfeditorfr\" \/>\n<meta name=\"twitter:card\" content=\"summary_large_image\" \/>\n<meta name=\"twitter:label1\" content=\"\u00c9crit par\" \/>\n\t<meta name=\"twitter:data1\" content=\"cfeditorfr\" \/>\n\t<meta name=\"twitter:label2\" content=\"Dur\u00e9e de lecture estim\u00e9e\" \/>\n\t<meta name=\"twitter:data2\" content=\"2 minutes\" \/>\n<script type=\"application\/ld+json\" class=\"yoast-schema-graph\">{\"@context\":\"https:\/\/schema.org\",\"@graph\":[{\"@type\":\"Article\",\"@id\":\"https:\/\/www.africa-press.net\/togo\/politique\/adebayor-soutient-macky-sall-pour-lonu#article\",\"isPartOf\":{\"@id\":\"https:\/\/www.africa-press.net\/togo\/politique\/adebayor-soutient-macky-sall-pour-lonu\"},\"author\":{\"name\":\"cfeditorfr\",\"@id\":\"https:\/\/www.africa-press.net\/togo\/#\/schema\/person\/2b1cf3cd81a31e3cd26889ca66d677f1\"},\"headline\":\"Adebayor Soutient Macky Sall Pour L&rsquo;ONU\",\"datePublished\":\"2026-03-14T18:37:23+00:00\",\"dateModified\":\"2026-03-14T19:33:23+00:00\",\"mainEntityOfPage\":{\"@id\":\"https:\/\/www.africa-press.net\/togo\/politique\/adebayor-soutient-macky-sall-pour-lonu\"},\"wordCount\":380,\"commentCount\":0,\"image\":{\"@id\":\"https:\/\/www.africa-press.net\/togo\/politique\/adebayor-soutient-macky-sall-pour-lonu#primaryimage\"},\"thumbnailUrl\":\"https:\/\/static.africa-press.net\/togo\/sites\/58\/2026\/03\/sm_1773516271.599076.jpg\",\"keywords\":[\"Ad\u00e9bayor\",\"Macky Sall\",\"ONU\",\"Togo\"],\"articleSection\":[\"Dossiers\",\"Politique\",\"Top Nouvelles\",\"Toutes les actualit\u00e9s\"],\"inLanguage\":\"fr-FR\",\"potentialAction\":[{\"@type\":\"CommentAction\",\"name\":\"Comment\",\"target\":[\"https:\/\/www.africa-press.net\/togo\/politique\/adebayor-soutient-macky-sall-pour-lonu#respond\"]}]},{\"@type\":\"WebPage\",\"@id\":\"https:\/\/www.africa-press.net\/togo\/politique\/adebayor-soutient-macky-sall-pour-lonu\",\"url\":\"https:\/\/www.africa-press.net\/togo\/politique\/adebayor-soutient-macky-sall-pour-lonu\",\"name\":\"Adebayor Soutient Macky Sall Pour L'ONU - Togo\",\"isPartOf\":{\"@id\":\"https:\/\/www.africa-press.net\/togo\/#website\"},\"primaryImageOfPage\":{\"@id\":\"https:\/\/www.africa-press.net\/togo\/politique\/adebayor-soutient-macky-sall-pour-lonu#primaryimage\"},\"image\":{\"@id\":\"https:\/\/www.africa-press.net\/togo\/politique\/adebayor-soutient-macky-sall-pour-lonu#primaryimage\"},\"thumbnailUrl\":\"https:\/\/static.africa-press.net\/togo\/sites\/58\/2026\/03\/sm_1773516271.599076.jpg\",\"datePublished\":\"2026-03-14T18:37:23+00:00\",\"dateModified\":\"2026-03-14T19:33:23+00:00\",\"author\":{\"@id\":\"https:\/\/www.africa-press.net\/togo\/#\/schema\/person\/2b1cf3cd81a31e3cd26889ca66d677f1\"},\"description\":\"-article-header-tag\\\"> Africa-Press - Togo. L\u2019ancien capitaine des E\u0301perviers ...\",\"breadcrumb\":{\"@id\":\"https:\/\/www.africa-press.net\/togo\/politique\/adebayor-soutient-macky-sall-pour-lonu#breadcrumb\"},\"inLanguage\":\"fr-FR\",\"potentialAction\":[{\"@type\":\"ReadAction\",\"target\":[\"https:\/\/www.africa-press.net\/togo\/politique\/adebayor-soutient-macky-sall-pour-lonu\"]}]},{\"@type\":\"ImageObject\",\"inLanguage\":\"fr-FR\",\"@id\":\"https:\/\/www.africa-press.net\/togo\/politique\/adebayor-soutient-macky-sall-pour-lonu#primaryimage\",\"url\":\"https:\/\/static.africa-press.net\/togo\/sites\/58\/2026\/03\/sm_1773516271.599076.jpg\",\"contentUrl\":\"https:\/\/static.africa-press.net\/togo\/sites\/58\/2026\/03\/sm_1773516271.599076.jpg\",\"width\":720,\"height\":480,\"caption\":\"Adebayor Soutient Macky Sall Pour L'ONU\"},{\"@type\":\"BreadcrumbList\",\"@id\":\"https:\/\/www.africa-press.net\/togo\/politique\/adebayor-soutient-macky-sall-pour-lonu#breadcrumb\",\"itemListElement\":[{\"@type\":\"ListItem\",\"position\":1,\"name\":\"Accueil\",\"item\":\"https:\/\/www.africa-press.net\/togo\/\"},{\"@type\":\"ListItem\",\"position\":2,\"name\":\"Adebayor Soutient Macky Sall Pour L&#8217;ONU\"}]},{\"@type\":\"WebSite\",\"@id\":\"https:\/\/www.africa-press.net\/togo\/#website\",\"url\":\"https:\/\/www.africa-press.net\/togo\/\",\"name\":\"Togo\",\"description\":\"Just another Africa News Agency Sites site\",\"potentialAction\":[{\"@type\":\"SearchAction\",\"target\":{\"@type\":\"EntryPoint\",\"urlTemplate\":\"https:\/\/www.africa-press.net\/togo\/?s={search_term_string}\"},\"query-input\":{\"@type\":\"PropertyValueSpecification\",\"valueRequired\":true,\"valueName\":\"search_term_string\"}}],\"inLanguage\":\"fr-FR\"},{\"@type\":\"Person\",\"@id\":\"https:\/\/www.africa-press.net\/togo\/#\/schema\/person\/2b1cf3cd81a31e3cd26889ca66d677f1\",\"name\":\"cfeditorfr\"}]}<\/script>\n<!-- \/ Yoast SEO Premium plugin. -->","yoast_head_json":{"title":"Adebayor Soutient Macky Sall Pour L'ONU - Togo","description":"-article-header-tag\"> Africa-Press - Togo. L\u2019ancien capitaine des E\u0301perviers ...","robots":{"index":"index","follow":"follow","max-snippet":"max-snippet:-1","max-image-preview":"max-image-preview:large","max-video-preview":"max-video-preview:-1"},"canonical":"https:\/\/www.africa-press.net\/togo\/politique\/adebayor-soutient-macky-sall-pour-lonu","og_locale":"fr_FR","og_type":"article","og_title":"Adebayor Soutient Macky Sall Pour L'ONU","og_description":"-article-header-tag\"> Africa-Press - Togo. L\u2019ancien capitaine des E\u0301perviers ...","og_url":"https:\/\/www.africa-press.net\/togo\/politique\/adebayor-soutient-macky-sall-pour-lonu","og_site_name":"Togo","article_published_time":"2026-03-14T18:37:23+00:00","article_modified_time":"2026-03-14T19:33:23+00:00","og_image":[{"width":720,"height":480,"url":"https:\/\/static.africa-press.net\/togo\/sites\/58\/2026\/03\/sm_1773516271.599076.jpg","type":"image\/jpeg"}],"author":"cfeditorfr","twitter_card":"summary_large_image","twitter_misc":{"\u00c9crit par":"cfeditorfr","Dur\u00e9e de lecture estim\u00e9e":"2 minutes"},"schema":{"@context":"https:\/\/schema.org","@graph":[{"@type":"Article","@id":"https:\/\/www.africa-press.net\/togo\/politique\/adebayor-soutient-macky-sall-pour-lonu#article","isPartOf":{"@id":"https:\/\/www.africa-press.net\/togo\/politique\/adebayor-soutient-macky-sall-pour-lonu"},"author":{"name":"cfeditorfr","@id":"https:\/\/www.africa-press.net\/togo\/#\/schema\/person\/2b1cf3cd81a31e3cd26889ca66d677f1"},"headline":"Adebayor Soutient Macky Sall Pour L&rsquo;ONU","datePublished":"2026-03-14T18:37:23+00:00","dateModified":"2026-03-14T19:33:23+00:00","mainEntityOfPage":{"@id":"https:\/\/www.africa-press.net\/togo\/politique\/adebayor-soutient-macky-sall-pour-lonu"},"wordCount":380,"commentCount":0,"image":{"@id":"https:\/\/www.africa-press.net\/togo\/politique\/adebayor-soutient-macky-sall-pour-lonu#primaryimage"},"thumbnailUrl":"https:\/\/static.africa-press.net\/togo\/sites\/58\/2026\/03\/sm_1773516271.599076.jpg","keywords":["Ad\u00e9bayor","Macky Sall","ONU","Togo"],"articleSection":["Dossiers","Politique","Top Nouvelles","Toutes les actualit\u00e9s"],"inLanguage":"fr-FR","potentialAction":[{"@type":"CommentAction","name":"Comment","target":["https:\/\/www.africa-press.net\/togo\/politique\/adebayor-soutient-macky-sall-pour-lonu#respond"]}]},{"@type":"WebPage","@id":"https:\/\/www.africa-press.net\/togo\/politique\/adebayor-soutient-macky-sall-pour-lonu","url":"https:\/\/www.africa-press.net\/togo\/politique\/adebayor-soutient-macky-sall-pour-lonu","name":"Adebayor Soutient Macky Sall Pour L'ONU - Togo","isPartOf":{"@id":"https:\/\/www.africa-press.net\/togo\/#website"},"primaryImageOfPage":{"@id":"https:\/\/www.africa-press.net\/togo\/politique\/adebayor-soutient-macky-sall-pour-lonu#primaryimage"},"image":{"@id":"https:\/\/www.africa-press.net\/togo\/politique\/adebayor-soutient-macky-sall-pour-lonu#primaryimage"},"thumbnailUrl":"https:\/\/static.africa-press.net\/togo\/sites\/58\/2026\/03\/sm_1773516271.599076.jpg","datePublished":"2026-03-14T18:37:23+00:00","dateModified":"2026-03-14T19:33:23+00:00","author":{"@id":"https:\/\/www.africa-press.net\/togo\/#\/schema\/person\/2b1cf3cd81a31e3cd26889ca66d677f1"},"description":"-article-header-tag\"> Africa-Press - Togo. L\u2019ancien capitaine des E\u0301perviers ...","breadcrumb":{"@id":"https:\/\/www.africa-press.net\/togo\/politique\/adebayor-soutient-macky-sall-pour-lonu#breadcrumb"},"inLanguage":"fr-FR","potentialAction":[{"@type":"ReadAction","target":["https:\/\/www.africa-press.net\/togo\/politique\/adebayor-soutient-macky-sall-pour-lonu"]}]},{"@type":"ImageObject","inLanguage":"fr-FR","@id":"https:\/\/www.africa-press.net\/togo\/politique\/adebayor-soutient-macky-sall-pour-lonu#primaryimage","url":"https:\/\/static.africa-press.net\/togo\/sites\/58\/2026\/03\/sm_1773516271.599076.jpg","contentUrl":"https:\/\/static.africa-press.net\/togo\/sites\/58\/2026\/03\/sm_1773516271.599076.jpg","width":720,"height":480,"caption":"Adebayor Soutient Macky Sall Pour L'ONU"},{"@type":"BreadcrumbList","@id":"https:\/\/www.africa-press.net\/togo\/politique\/adebayor-soutient-macky-sall-pour-lonu#breadcrumb","itemListElement":[{"@type":"ListItem","position":1,"name":"Accueil","item":"https:\/\/www.africa-press.net\/togo\/"},{"@type":"ListItem","position":2,"name":"Adebayor Soutient Macky Sall Pour L&#8217;ONU"}]},{"@type":"WebSite","@id":"https:\/\/www.africa-press.net\/togo\/#website","url":"https:\/\/www.africa-press.net\/togo\/","name":"Togo","description":"Just another Africa News Agency Sites site","potentialAction":[{"@type":"SearchAction","target":{"@type":"EntryPoint","urlTemplate":"https:\/\/www.africa-press.net\/togo\/?s={search_term_string}"},"query-input":{"@type":"PropertyValueSpecification","valueRequired":true,"valueName":"search_term_string"}}],"inLanguage":"fr-FR"},{"@type":"Person","@id":"https:\/\/www.africa-press.net\/togo\/#\/schema\/person\/2b1cf3cd81a31e3cd26889ca66d677f1","name":"cfeditorfr"}]}},"_links":{"self":[{"href":"https:\/\/www.africa-press.net\/togo\/wp-json\/wp\/v2\/posts\/48113","targetHints":{"allow":["GET"]}}],"collection":[{"href":"https:\/\/www.africa-press.net\/togo\/wp-json\/wp\/v2\/posts"}],"about":[{"href":"https:\/\/www.africa-press.net\/togo\/wp-json\/wp\/v2\/types\/post"}],"author":[{"embeddable":true,"href":"https:\/\/www.africa-press.net\/togo\/wp-json\/wp\/v2\/users\/82"}],"replies":[{"embeddable":true,"href":"https:\/\/www.africa-press.net\/togo\/wp-json\/wp\/v2\/comments?post=48113"}],"version-history":[{"count":0,"href":"https:\/\/www.africa-press.net\/togo\/wp-json\/wp\/v2\/posts\/48113\/revisions"}],"wp:featuredmedia":[{"embeddable":true,"href":"https:\/\/www.africa-press.net\/togo\/wp-json\/wp\/v2\/media\/48112"}],"wp:attachment":[{"href":"https:\/\/www.africa-press.net\/togo\/wp-json\/wp\/v2\/media?parent=48113"}],"wp:term":[{"taxonomy":"category","embeddable":true,"href":"https:\/\/www.africa-press.net\/togo\/wp-json\/wp\/v2\/categories?post=48113"},{"taxonomy":"post_tag","embeddable":true,"href":"https:\/\/www.africa-press.net\/togo\/wp-json\/wp\/v2\/tags?post=48113"}],"curies":[{"name":"wp","href":"https:\/\/api.w.org\/{rel}","templated":true}]}}