{"id":48171,"date":"2026-03-18T22:59:27","date_gmt":"2026-03-18T22:59:27","guid":{"rendered":"https:\/\/www.africa-press.net\/togo\/politique\/temoignages-dabdoul-aziz-goma-sur-la-prison-de-lome"},"modified":"2026-03-19T00:15:54","modified_gmt":"2026-03-19T00:15:54","slug":"temoignages-dabdoul-aziz-goma-sur-la-prison-de-lome","status":"publish","type":"post","link":"https:\/\/www.africa-press.net\/togo\/politique\/temoignages-dabdoul-aziz-goma-sur-la-prison-de-lome","title":{"rendered":"T\u00e9moignages d&rsquo;Abdoul Aziz Goma sur la prison de Lom\u00e9"},"content":{"rendered":"<p><span class=\"ap-article-header-tag\"> <strong>Africa-Press &#8211; Togo. <\/strong> <\/span>Abdoul Aziz Goma poursuit les te\u0301moignages sur ses conditions de de\u0301tention dans l\u2019enfer de la prison civile de Lome\u0301, deux mois apre\u0300s sa libe\u0301ration par une gra\u0302ce pre\u0301sidentielle. Pour rappel, il avait passe\u0301 8 anne\u0301es dans les geo\u0302les de la dictature ou\u0300 il en sorti gravement malade, avec la perte de l\u2019usage de ses pieds.<\/p>\n<p>Apre\u0300s la 61e session du Conseil des droits humains des Nations Unies a\u0300 Gene\u0300ve, le citoyen irlandais d\u2019origine togolaise, s\u2019est e\u0301galement livre\u0301 sur les ondes de Radio France Internationale (RFI). La\u0300 aussi le te\u0301moignage n\u2019a pas change\u0301.<\/p>\n<p>De\u0301couvre cette offre exceptionnelle de deux chambres, un salon meuble\u0301 et climatise\u0301 avec cuisine, WC douche interne inclus situe\u0301 a\u0300 Adigogome\u0301 Yokoe\u0300 Carrefour Kope\u0301gan non loin de la frontie\u0300re TOGO-GHANA<\/p>\n<p>\u00ab A\u0300 la prison civile de Lome\u0301, j\u2019ai appris ce que signifiait ne plus e\u0302tre un e\u0302tre humain \u00bb, a confie\u0301 M. Goma a\u0300 RFI. Selon lui, une prison construite pour 600 personnes accueillait plus de 3 000 pensionnaires. Les conditions de de\u0301tention e\u0301taient insoutenables. \u00ab Nous dormions a\u0300 me\u0302me le sol, entasse\u0301s dans la chaleur, dans les excre\u0301ments, dans l\u2019odeur de maladie. Parfois nous mangions une fois par jour, parfois rien du tout. Beaucoup de de\u0301tenus survivaient gra\u0302ce a\u0300 l\u2019aide exte\u0301rieure \u00bb.<\/p>\n<p>Aziz Goma a e\u0301galement de\u0301crit les carences me\u0301dicales et la souffrance quotidienne des prisonniers. \u00ab J\u2019ai vu beaucoup de prisonniers supplier pour un me\u0301dicament, une injection, un me\u0301decin. J\u2019ai vu des hommes s\u2019e\u0301teindre lentement, non pas parce qu\u2019ils e\u0301taient incurables, mais parce qu\u2019ils e\u0301taient abandonne\u0301s \u00bb.<\/p>\n<p>Il a de\u0301nonce\u0301 les lenteurs judiciaires qui prolongent la de\u0301tention de manie\u0300re injustifie\u0301e. \u00ab Apre\u0300s plus de six ans de de\u0301tention, mon proce\u0300s n\u2019a eu lieu que les 3 et 4 fe\u0301vrier 2025. Un proce\u0300s tardif qui ne re\u0301pare rien, qui n\u2019excuse ni la torture, ni les violations re\u0301pe\u0301te\u0301es de mes droits \u00bb.<\/p>\n<p>Abdul Aziz Goma a subi des traitements cruels, inhumains et de\u0301gradants, notamment tortures physiques et psychologiques, incluant des coups sur la plante des pieds et des tortures e\u0301lectriques. \u00ab Aujourd\u2019hui, je me de\u0301place a\u0300 l\u2019aide de be\u0301quilles. J\u2019ai perdu l\u2019usage de mes pieds. J\u2019ai passe\u0301 19 mois en isolement total, 24h\/24, sans contact humain, sans information, sans mobilite\u0301. Ce n\u2019e\u0301tait pas une mesure de se\u0301curite\u0301, c\u2019e\u0301tait une torture prolonge\u0301e \u00bb, a-t-il explique\u0301.<\/p>\n<p>Malgre\u0301 ces e\u0301preuves, M. Goma affirme que son engagement pour la de\u0301fense des droits humains reste intact. \u00ab Physiquement et psychologiquement, les se\u0301quelles demeurent. Mais si la de\u0301tention visait a\u0300 me re\u0301duire au silence, elle n\u2019a fait que renforcer ma conviction que la de\u0301fense des droits fondamentaux est indispensable \u00bb.<\/p>\n<p>Sur le plateau de TV5 Monde, Aziz Goma est e\u0301galement revenu sur les circonstances de son arrestation en de\u0301cembre 2018. \u00ab Le 21 de\u0301cembre 2018, j\u2019e\u0301tais sorti pour un di\u0302ner avec une amie, que je devais de\u0301poser. Aux environs de 23 H00, en pleine circulation, nous avons e\u0301te\u0301 attaque\u0301s par un groupe de personnes en tenue civile, sans question, sans base le\u0301gale, et sans se pre\u0301senter, ils nous ont menotte\u0301s sur le champ, ils nous ont jete\u0301s dans leur voiture, comme des animaux \u00bb, a-t-il raconte\u0301.<\/p>\n<p>Il poursuit: \u00ab J\u2019ai e\u0301te\u0301 emmene\u0301 au Service central de l\u2019investigation et de recherche criminelle. J\u2019e\u0301tais attache\u0301 contre un arbre, avec des coups de matraques, des coups de pieds. Apre\u0300s ils m\u2019ont attache\u0301 a\u0300 la roue d\u2019une voiture. Les traitements cruels et inhumains ont ainsi continue\u0301 jusqu\u2019a\u0300 que je vomisse du sang. Jusque-la\u0300, je ne savais pas la raison pour laquelle on nous avait arre\u0302te\u0301s. \u00bb<\/p>\n<p>Lors de son intervention a\u0300 la 61e session du Conseil des droits de l\u2019homme des Nations-Unies, il a e\u0301galement appele\u0301 la communaute\u0301 internationale a\u0300 rester vigilante face aux violations des droits humains au Togo.<\/p>\n<p>Abdoul Aziz Goma avait e\u0301te\u0301 condamne\u0301 l\u2019anne\u0301e dernie\u0300re a\u0300 10 ans de prison, mais sa de\u0301tention a e\u0301te\u0301 reconnue arbitraire par le groupe de travail de l\u2019ONU sur la de\u0301tention arbitraire en 2023. Il a e\u0301te\u0301 libe\u0301re\u0301 en janvier dans le cadre d\u2019une gra\u0302ce pre\u0301sidentielle,<\/p>\n<p>Joe\u0308l D.<\/p>\n<p class=\"ap-article-footer-note\">Retrouvez plus d\u2019actualit\u00e9s et d\u2019analyses sur <span class=\"ap-highlight-country\">Togo<\/span> sur le site <span class=\"ap-highlight-brand\">Africa Press<\/span><\/p>\n","protected":false},"excerpt":{"rendered":"<p>Africa-Press &#8211; Togo. Abdoul Aziz Goma poursuit les te\u0301moignages sur ses conditions de de\u0301tention dans l\u2019enfer de la prison civile de Lome\u0301, deux mois apre\u0300s sa libe\u0301ration par une gra\u0302ce pre\u0301sidentielle. Pour rappel, il avait passe\u0301 8 anne\u0301es dans les geo\u0302les de la dictature ou\u0300 il en sorti gravement malade, avec la perte de l\u2019usage [&hellip;]<\/p>\n","protected":false},"author":82,"featured_media":48170,"comment_status":"open","ping_status":"closed","sticky":false,"template":"","format":"standard","meta":{"footnotes":""},"categories":[21,2,10],"tags":[2697,2840,50],"class_list":["post-48171","post","type-post","status-publish","format-standard","has-post-thumbnail","hentry","category-communaute","category-politique","category-toutes-les-actualites","tag-abdou-aziz-goma","tag-rfi","tag-togo"],"yoast_head":"<!-- This site is optimized with the Yoast SEO Premium plugin v26.1 (Yoast SEO v27.0) - https:\/\/yoast.com\/product\/yoast-seo-premium-wordpress\/ -->\n<title>T\u00e9moignages d&#039;Abdoul Aziz Goma sur la prison de Lom\u00e9 - Togo<\/title>\n<meta name=\"description\" content=\"-article-header-tag&quot;&gt; Africa-Press - Togo. Abdoul Aziz Goma poursuit les te\u0301m ...\" \/>\n<meta name=\"robots\" content=\"index, follow, max-snippet:-1, max-image-preview:large, max-video-preview:-1\" \/>\n<link rel=\"canonical\" href=\"https:\/\/www.africa-press.net\/togo\/politique\/temoignages-dabdoul-aziz-goma-sur-la-prison-de-lome\" \/>\n<meta property=\"og:locale\" content=\"fr_FR\" \/>\n<meta property=\"og:type\" content=\"article\" \/>\n<meta property=\"og:title\" content=\"T\u00e9moignages d&#039;Abdoul Aziz Goma sur la prison de Lom\u00e9\" \/>\n<meta property=\"og:description\" content=\"-article-header-tag&quot;&gt; Africa-Press - Togo. Abdoul Aziz Goma poursuit les te\u0301m ...\" \/>\n<meta property=\"og:url\" content=\"https:\/\/www.africa-press.net\/togo\/politique\/temoignages-dabdoul-aziz-goma-sur-la-prison-de-lome\" \/>\n<meta property=\"og:site_name\" content=\"Togo\" \/>\n<meta property=\"article:published_time\" content=\"2026-03-18T22:59:27+00:00\" \/>\n<meta property=\"article:modified_time\" content=\"2026-03-19T00:15:54+00:00\" \/>\n<meta property=\"og:image\" content=\"https:\/\/static.africa-press.net\/togo\/sites\/58\/2026\/03\/sm_1773878155.711931.jpg\" \/>\n\t<meta property=\"og:image:width\" content=\"720\" \/>\n\t<meta property=\"og:image:height\" content=\"480\" \/>\n\t<meta property=\"og:image:type\" content=\"image\/jpeg\" \/>\n<meta name=\"author\" content=\"cfeditorfr\" \/>\n<meta name=\"twitter:card\" content=\"summary_large_image\" \/>\n<meta name=\"twitter:label1\" content=\"\u00c9crit par\" \/>\n\t<meta name=\"twitter:data1\" content=\"cfeditorfr\" \/>\n\t<meta name=\"twitter:label2\" content=\"Dur\u00e9e de lecture estim\u00e9e\" \/>\n\t<meta name=\"twitter:data2\" content=\"4 minutes\" \/>\n<script type=\"application\/ld+json\" class=\"yoast-schema-graph\">{\"@context\":\"https:\/\/schema.org\",\"@graph\":[{\"@type\":\"Article\",\"@id\":\"https:\/\/www.africa-press.net\/togo\/politique\/temoignages-dabdoul-aziz-goma-sur-la-prison-de-lome#article\",\"isPartOf\":{\"@id\":\"https:\/\/www.africa-press.net\/togo\/politique\/temoignages-dabdoul-aziz-goma-sur-la-prison-de-lome\"},\"author\":{\"name\":\"cfeditorfr\",\"@id\":\"https:\/\/www.africa-press.net\/togo\/#\/schema\/person\/2b1cf3cd81a31e3cd26889ca66d677f1\"},\"headline\":\"T\u00e9moignages d&rsquo;Abdoul Aziz Goma sur la prison de Lom\u00e9\",\"datePublished\":\"2026-03-18T22:59:27+00:00\",\"dateModified\":\"2026-03-19T00:15:54+00:00\",\"mainEntityOfPage\":{\"@id\":\"https:\/\/www.africa-press.net\/togo\/politique\/temoignages-dabdoul-aziz-goma-sur-la-prison-de-lome\"},\"wordCount\":782,\"commentCount\":0,\"image\":{\"@id\":\"https:\/\/www.africa-press.net\/togo\/politique\/temoignages-dabdoul-aziz-goma-sur-la-prison-de-lome#primaryimage\"},\"thumbnailUrl\":\"https:\/\/static.africa-press.net\/togo\/sites\/58\/2026\/03\/sm_1773878155.711931.jpg\",\"keywords\":[\"Abdou-Aziz Goma\",\"RFI\",\"Togo\"],\"articleSection\":[\"Communaut\u00e9\",\"Politique\",\"Toutes les actualit\u00e9s\"],\"inLanguage\":\"fr-FR\",\"potentialAction\":[{\"@type\":\"CommentAction\",\"name\":\"Comment\",\"target\":[\"https:\/\/www.africa-press.net\/togo\/politique\/temoignages-dabdoul-aziz-goma-sur-la-prison-de-lome#respond\"]}]},{\"@type\":\"WebPage\",\"@id\":\"https:\/\/www.africa-press.net\/togo\/politique\/temoignages-dabdoul-aziz-goma-sur-la-prison-de-lome\",\"url\":\"https:\/\/www.africa-press.net\/togo\/politique\/temoignages-dabdoul-aziz-goma-sur-la-prison-de-lome\",\"name\":\"T\u00e9moignages d'Abdoul Aziz Goma sur la prison de Lom\u00e9 - Togo\",\"isPartOf\":{\"@id\":\"https:\/\/www.africa-press.net\/togo\/#website\"},\"primaryImageOfPage\":{\"@id\":\"https:\/\/www.africa-press.net\/togo\/politique\/temoignages-dabdoul-aziz-goma-sur-la-prison-de-lome#primaryimage\"},\"image\":{\"@id\":\"https:\/\/www.africa-press.net\/togo\/politique\/temoignages-dabdoul-aziz-goma-sur-la-prison-de-lome#primaryimage\"},\"thumbnailUrl\":\"https:\/\/static.africa-press.net\/togo\/sites\/58\/2026\/03\/sm_1773878155.711931.jpg\",\"datePublished\":\"2026-03-18T22:59:27+00:00\",\"dateModified\":\"2026-03-19T00:15:54+00:00\",\"author\":{\"@id\":\"https:\/\/www.africa-press.net\/togo\/#\/schema\/person\/2b1cf3cd81a31e3cd26889ca66d677f1\"},\"description\":\"-article-header-tag\\\"> Africa-Press - Togo. Abdoul Aziz Goma poursuit les te\u0301m ...\",\"breadcrumb\":{\"@id\":\"https:\/\/www.africa-press.net\/togo\/politique\/temoignages-dabdoul-aziz-goma-sur-la-prison-de-lome#breadcrumb\"},\"inLanguage\":\"fr-FR\",\"potentialAction\":[{\"@type\":\"ReadAction\",\"target\":[\"https:\/\/www.africa-press.net\/togo\/politique\/temoignages-dabdoul-aziz-goma-sur-la-prison-de-lome\"]}]},{\"@type\":\"ImageObject\",\"inLanguage\":\"fr-FR\",\"@id\":\"https:\/\/www.africa-press.net\/togo\/politique\/temoignages-dabdoul-aziz-goma-sur-la-prison-de-lome#primaryimage\",\"url\":\"https:\/\/static.africa-press.net\/togo\/sites\/58\/2026\/03\/sm_1773878155.711931.jpg\",\"contentUrl\":\"https:\/\/static.africa-press.net\/togo\/sites\/58\/2026\/03\/sm_1773878155.711931.jpg\",\"width\":720,\"height\":480,\"caption\":\"T\u00e9moignages d'Abdoul Aziz Goma sur la prison de Lom\u00e9\"},{\"@type\":\"BreadcrumbList\",\"@id\":\"https:\/\/www.africa-press.net\/togo\/politique\/temoignages-dabdoul-aziz-goma-sur-la-prison-de-lome#breadcrumb\",\"itemListElement\":[{\"@type\":\"ListItem\",\"position\":1,\"name\":\"Accueil\",\"item\":\"https:\/\/www.africa-press.net\/togo\/\"},{\"@type\":\"ListItem\",\"position\":2,\"name\":\"T\u00e9moignages d&#8217;Abdoul Aziz Goma sur la prison de Lom\u00e9\"}]},{\"@type\":\"WebSite\",\"@id\":\"https:\/\/www.africa-press.net\/togo\/#website\",\"url\":\"https:\/\/www.africa-press.net\/togo\/\",\"name\":\"Togo\",\"description\":\"Just another Africa News Agency Sites site\",\"potentialAction\":[{\"@type\":\"SearchAction\",\"target\":{\"@type\":\"EntryPoint\",\"urlTemplate\":\"https:\/\/www.africa-press.net\/togo\/?s={search_term_string}\"},\"query-input\":{\"@type\":\"PropertyValueSpecification\",\"valueRequired\":true,\"valueName\":\"search_term_string\"}}],\"inLanguage\":\"fr-FR\"},{\"@type\":\"Person\",\"@id\":\"https:\/\/www.africa-press.net\/togo\/#\/schema\/person\/2b1cf3cd81a31e3cd26889ca66d677f1\",\"name\":\"cfeditorfr\"}]}<\/script>\n<!-- \/ Yoast SEO Premium plugin. -->","yoast_head_json":{"title":"T\u00e9moignages d'Abdoul Aziz Goma sur la prison de Lom\u00e9 - Togo","description":"-article-header-tag\"> Africa-Press - Togo. Abdoul Aziz Goma poursuit les te\u0301m ...","robots":{"index":"index","follow":"follow","max-snippet":"max-snippet:-1","max-image-preview":"max-image-preview:large","max-video-preview":"max-video-preview:-1"},"canonical":"https:\/\/www.africa-press.net\/togo\/politique\/temoignages-dabdoul-aziz-goma-sur-la-prison-de-lome","og_locale":"fr_FR","og_type":"article","og_title":"T\u00e9moignages d'Abdoul Aziz Goma sur la prison de Lom\u00e9","og_description":"-article-header-tag\"> Africa-Press - Togo. Abdoul Aziz Goma poursuit les te\u0301m ...","og_url":"https:\/\/www.africa-press.net\/togo\/politique\/temoignages-dabdoul-aziz-goma-sur-la-prison-de-lome","og_site_name":"Togo","article_published_time":"2026-03-18T22:59:27+00:00","article_modified_time":"2026-03-19T00:15:54+00:00","og_image":[{"width":720,"height":480,"url":"https:\/\/static.africa-press.net\/togo\/sites\/58\/2026\/03\/sm_1773878155.711931.jpg","type":"image\/jpeg"}],"author":"cfeditorfr","twitter_card":"summary_large_image","twitter_misc":{"\u00c9crit par":"cfeditorfr","Dur\u00e9e de lecture estim\u00e9e":"4 minutes"},"schema":{"@context":"https:\/\/schema.org","@graph":[{"@type":"Article","@id":"https:\/\/www.africa-press.net\/togo\/politique\/temoignages-dabdoul-aziz-goma-sur-la-prison-de-lome#article","isPartOf":{"@id":"https:\/\/www.africa-press.net\/togo\/politique\/temoignages-dabdoul-aziz-goma-sur-la-prison-de-lome"},"author":{"name":"cfeditorfr","@id":"https:\/\/www.africa-press.net\/togo\/#\/schema\/person\/2b1cf3cd81a31e3cd26889ca66d677f1"},"headline":"T\u00e9moignages d&rsquo;Abdoul Aziz Goma sur la prison de Lom\u00e9","datePublished":"2026-03-18T22:59:27+00:00","dateModified":"2026-03-19T00:15:54+00:00","mainEntityOfPage":{"@id":"https:\/\/www.africa-press.net\/togo\/politique\/temoignages-dabdoul-aziz-goma-sur-la-prison-de-lome"},"wordCount":782,"commentCount":0,"image":{"@id":"https:\/\/www.africa-press.net\/togo\/politique\/temoignages-dabdoul-aziz-goma-sur-la-prison-de-lome#primaryimage"},"thumbnailUrl":"https:\/\/static.africa-press.net\/togo\/sites\/58\/2026\/03\/sm_1773878155.711931.jpg","keywords":["Abdou-Aziz Goma","RFI","Togo"],"articleSection":["Communaut\u00e9","Politique","Toutes les actualit\u00e9s"],"inLanguage":"fr-FR","potentialAction":[{"@type":"CommentAction","name":"Comment","target":["https:\/\/www.africa-press.net\/togo\/politique\/temoignages-dabdoul-aziz-goma-sur-la-prison-de-lome#respond"]}]},{"@type":"WebPage","@id":"https:\/\/www.africa-press.net\/togo\/politique\/temoignages-dabdoul-aziz-goma-sur-la-prison-de-lome","url":"https:\/\/www.africa-press.net\/togo\/politique\/temoignages-dabdoul-aziz-goma-sur-la-prison-de-lome","name":"T\u00e9moignages d'Abdoul Aziz Goma sur la prison de Lom\u00e9 - Togo","isPartOf":{"@id":"https:\/\/www.africa-press.net\/togo\/#website"},"primaryImageOfPage":{"@id":"https:\/\/www.africa-press.net\/togo\/politique\/temoignages-dabdoul-aziz-goma-sur-la-prison-de-lome#primaryimage"},"image":{"@id":"https:\/\/www.africa-press.net\/togo\/politique\/temoignages-dabdoul-aziz-goma-sur-la-prison-de-lome#primaryimage"},"thumbnailUrl":"https:\/\/static.africa-press.net\/togo\/sites\/58\/2026\/03\/sm_1773878155.711931.jpg","datePublished":"2026-03-18T22:59:27+00:00","dateModified":"2026-03-19T00:15:54+00:00","author":{"@id":"https:\/\/www.africa-press.net\/togo\/#\/schema\/person\/2b1cf3cd81a31e3cd26889ca66d677f1"},"description":"-article-header-tag\"> Africa-Press - Togo. Abdoul Aziz Goma poursuit les te\u0301m ...","breadcrumb":{"@id":"https:\/\/www.africa-press.net\/togo\/politique\/temoignages-dabdoul-aziz-goma-sur-la-prison-de-lome#breadcrumb"},"inLanguage":"fr-FR","potentialAction":[{"@type":"ReadAction","target":["https:\/\/www.africa-press.net\/togo\/politique\/temoignages-dabdoul-aziz-goma-sur-la-prison-de-lome"]}]},{"@type":"ImageObject","inLanguage":"fr-FR","@id":"https:\/\/www.africa-press.net\/togo\/politique\/temoignages-dabdoul-aziz-goma-sur-la-prison-de-lome#primaryimage","url":"https:\/\/static.africa-press.net\/togo\/sites\/58\/2026\/03\/sm_1773878155.711931.jpg","contentUrl":"https:\/\/static.africa-press.net\/togo\/sites\/58\/2026\/03\/sm_1773878155.711931.jpg","width":720,"height":480,"caption":"T\u00e9moignages d'Abdoul Aziz Goma sur la prison de Lom\u00e9"},{"@type":"BreadcrumbList","@id":"https:\/\/www.africa-press.net\/togo\/politique\/temoignages-dabdoul-aziz-goma-sur-la-prison-de-lome#breadcrumb","itemListElement":[{"@type":"ListItem","position":1,"name":"Accueil","item":"https:\/\/www.africa-press.net\/togo\/"},{"@type":"ListItem","position":2,"name":"T\u00e9moignages d&#8217;Abdoul Aziz Goma sur la prison de Lom\u00e9"}]},{"@type":"WebSite","@id":"https:\/\/www.africa-press.net\/togo\/#website","url":"https:\/\/www.africa-press.net\/togo\/","name":"Togo","description":"Just another Africa News Agency Sites site","potentialAction":[{"@type":"SearchAction","target":{"@type":"EntryPoint","urlTemplate":"https:\/\/www.africa-press.net\/togo\/?s={search_term_string}"},"query-input":{"@type":"PropertyValueSpecification","valueRequired":true,"valueName":"search_term_string"}}],"inLanguage":"fr-FR"},{"@type":"Person","@id":"https:\/\/www.africa-press.net\/togo\/#\/schema\/person\/2b1cf3cd81a31e3cd26889ca66d677f1","name":"cfeditorfr"}]}},"_links":{"self":[{"href":"https:\/\/www.africa-press.net\/togo\/wp-json\/wp\/v2\/posts\/48171","targetHints":{"allow":["GET"]}}],"collection":[{"href":"https:\/\/www.africa-press.net\/togo\/wp-json\/wp\/v2\/posts"}],"about":[{"href":"https:\/\/www.africa-press.net\/togo\/wp-json\/wp\/v2\/types\/post"}],"author":[{"embeddable":true,"href":"https:\/\/www.africa-press.net\/togo\/wp-json\/wp\/v2\/users\/82"}],"replies":[{"embeddable":true,"href":"https:\/\/www.africa-press.net\/togo\/wp-json\/wp\/v2\/comments?post=48171"}],"version-history":[{"count":0,"href":"https:\/\/www.africa-press.net\/togo\/wp-json\/wp\/v2\/posts\/48171\/revisions"}],"wp:featuredmedia":[{"embeddable":true,"href":"https:\/\/www.africa-press.net\/togo\/wp-json\/wp\/v2\/media\/48170"}],"wp:attachment":[{"href":"https:\/\/www.africa-press.net\/togo\/wp-json\/wp\/v2\/media?parent=48171"}],"wp:term":[{"taxonomy":"category","embeddable":true,"href":"https:\/\/www.africa-press.net\/togo\/wp-json\/wp\/v2\/categories?post=48171"},{"taxonomy":"post_tag","embeddable":true,"href":"https:\/\/www.africa-press.net\/togo\/wp-json\/wp\/v2\/tags?post=48171"}],"curies":[{"name":"wp","href":"https:\/\/api.w.org\/{rel}","templated":true}]}}