{"id":5090,"date":"2022-05-18T18:58:09","date_gmt":"2022-05-18T18:58:09","guid":{"rendered":"https:\/\/www.africa-press.net\/togo\/politique\/togo-attaque-de-kpekpakandi-hommage-des-deputes-aux-soldats-tombes-au-champ-dhonneur"},"modified":"2022-05-18T19:14:03","modified_gmt":"2022-05-18T19:14:03","slug":"togo-attaque-de-kpekpakandi-hommage-des-deputes-aux-soldats-tombes-au-champ-dhonneur","status":"publish","type":"post","link":"https:\/\/www.africa-press.net\/togo\/toutes-les-actualites\/togo-attaque-de-kpekpakandi-hommage-des-deputes-aux-soldats-tombes-au-champ-dhonneur","title":{"rendered":"Togo-Attaque de Kp\u00e9kpakandi : Hommage des d\u00e9put\u00e9s aux soldats tomb\u00e9s au champ d\u2019honneur"},"content":{"rendered":"<p><span style=\"color: #ff6600\"><strong>Africa-Press &#8211; Togo. <\/strong><\/span>L\u2019Assembl\u00e9e nationale a rendu, mardi 17 mai 2022, un hommage aux soldats togolais tu\u00e9s lors de l\u2019attaque terroriste qui a vis\u00e9 le poste de contr\u00f4le des Forces de d\u00e9fense et de s\u00e9curit\u00e9 \u00e0 Kp\u00e9kpakandi dans la pr\u00e9fecture de Kpendjal (fronti\u00e8re Togo-Burkina) dans la nuit du 10 au 11 mai 2022.<\/p>\n<p>En s\u00e9ance pl\u00e9ni\u00e8re au si\u00e8ge du parlement, les d\u00e9put\u00e9s apr\u00e8s avoir condamn\u00e9 cette attaque, se sont inclin\u00e9s devant la m\u00e9moire de ces vaillants soldats tomb\u00e9s au champ d\u2019honneur en observant une minute de silence.<\/p>\n<p>Pour la pr\u00e9sidente de l\u2019Assembl\u00e9e nationale, il s\u2019agit d\u2019exprimer la compassion des \u00e9lus de la nation, aux soldats qui ont perdu la vie pour la d\u00e9fense de la patrie.<\/p>\n<p>\u00ab Tenant sa toute premi\u00e8re s\u00e9ance pl\u00e9ni\u00e8re apr\u00e8s ce malheureux \u00e9v\u00e8nement, la Repr\u00e9sentation nationale salue la m\u00e9moire des soldats tomb\u00e9s, condamne avec la plus grande fermet\u00e9 cette attaque et pr\u00e9sente ses condol\u00e9ances aux familles \u00e9plor\u00e9es ainsi qu\u2019aux Forces de d\u00e9fense et de s\u00e9curit\u00e9. Elle souhaite prompte gu\u00e9rison aux bless\u00e9s \u00bb, \u00e0 fait savoir Mme Yawa Djigbodi Ts\u00e8gan.<\/p>\n<p>L\u2019Assembl\u00e9e nationale a, en outre r\u00e9affirm\u00e9 tout son soutien au Pr\u00e9sident de la R\u00e9publique, Chef des arm\u00e9es et exprim\u00e9 sa disponibilit\u00e9 \u00e0 accompagner ses initiatives visant \u00e0 assurer la paix, la s\u00e9curit\u00e9 et la stabilit\u00e9 dans le pays.<\/p>\n<p>Pour rappel, cette attaque perp\u00e9tr\u00e9e par un groupe d\u2019individus lourdement arm\u00e9s, a fait 8 morts et 13 bless\u00e9s dans les rangs des forces de d\u00e9fense et de s\u00e9curit\u00e9.<\/p>\n<p><strong>Pour plus d&rsquo;informations et d&rsquo;analyses sur la <a href=\"https:\/\/www.africa-press.net\/togo\">Togo<\/a>, suivez <a href=\"https:\/\/www.africa-press.net\/\">Africa-Press<\/a><\/strong><\/p>\n","protected":false},"excerpt":{"rendered":"<p>Africa-Press &#8211; Togo. L\u2019Assembl\u00e9e nationale a rendu, mardi 17 mai 2022, un hommage aux soldats togolais tu\u00e9s lors de l\u2019attaque terroriste qui a vis\u00e9 le poste de contr\u00f4le des Forces de d\u00e9fense et de s\u00e9curit\u00e9 \u00e0 Kp\u00e9kpakandi dans la pr\u00e9fecture de Kpendjal (fronti\u00e8re Togo-Burkina) dans la nuit du 10 au 11 mai 2022. En s\u00e9ance [&hellip;]<\/p>\n","protected":false},"author":82,"featured_media":5089,"comment_status":"open","ping_status":"closed","sticky":false,"template":"","format":"standard","meta":{"footnotes":""},"categories":[21,11,10],"tags":[36,49,480,459,50],"class_list":["post-5090","post","type-post","status-publish","format-standard","has-post-thumbnail","hentry","category-communaute","category-homepage-french","category-toutes-les-actualites","tag-africa-press","tag-africa-press-togo","tag-assemblee-nationale","tag-terrorisme","tag-togo"],"yoast_head":"<!-- This site is optimized with the Yoast SEO Premium plugin v26.1 (Yoast SEO v27.0) - https:\/\/yoast.com\/product\/yoast-seo-premium-wordpress\/ -->\n<title>Togo-Attaque de Kp\u00e9kpakandi : Hommage des d\u00e9put\u00e9s aux soldats tomb\u00e9s au champ d\u2019honneur - Togo<\/title>\n<meta name=\"description\" content=\"L\u2019Assembl\u00e9e nationale a rendu, mardi 17 mai 2022, un hommage aux soldats togolais tu\u00e9s lors de l\u2019attaque terroriste qui ...\" \/>\n<meta name=\"robots\" content=\"index, follow, max-snippet:-1, max-image-preview:large, max-video-preview:-1\" \/>\n<link rel=\"canonical\" href=\"https:\/\/www.africa-press.net\/togo\/toutes-les-actualites\/togo-attaque-de-kpekpakandi-hommage-des-deputes-aux-soldats-tombes-au-champ-dhonneur\" \/>\n<meta property=\"og:locale\" content=\"fr_FR\" \/>\n<meta property=\"og:type\" content=\"article\" \/>\n<meta property=\"og:title\" content=\"Togo-Attaque de Kp\u00e9kpakandi : Hommage des d\u00e9put\u00e9s aux soldats tomb\u00e9s au champ d\u2019honneur\" \/>\n<meta property=\"og:description\" content=\"L\u2019Assembl\u00e9e nationale a rendu, mardi 17 mai 2022, un hommage aux soldats togolais tu\u00e9s lors de l\u2019attaque terroriste qui ...\" \/>\n<meta property=\"og:url\" content=\"https:\/\/www.africa-press.net\/togo\/toutes-les-actualites\/togo-attaque-de-kpekpakandi-hommage-des-deputes-aux-soldats-tombes-au-champ-dhonneur\" \/>\n<meta property=\"og:site_name\" content=\"Togo\" \/>\n<meta property=\"article:published_time\" content=\"2022-05-18T18:58:09+00:00\" \/>\n<meta property=\"article:modified_time\" content=\"2022-05-18T19:14:03+00:00\" \/>\n<meta property=\"og:image\" content=\"https:\/\/static.africa-press.net\/togo\/sites\/58\/2022\/05\/postQueueImg_29-62854566693fc.jpg\" \/>\n\t<meta property=\"og:image:width\" content=\"720\" \/>\n\t<meta property=\"og:image:height\" content=\"540\" \/>\n\t<meta property=\"og:image:type\" content=\"image\/jpeg\" \/>\n<meta name=\"author\" content=\"cfeditorfr\" \/>\n<meta name=\"twitter:card\" content=\"summary_large_image\" \/>\n<meta name=\"twitter:label1\" content=\"\u00c9crit par\" \/>\n\t<meta name=\"twitter:data1\" content=\"cfeditorfr\" \/>\n\t<meta name=\"twitter:label2\" content=\"Dur\u00e9e de lecture estim\u00e9e\" \/>\n\t<meta name=\"twitter:data2\" content=\"1 minute\" \/>\n<script type=\"application\/ld+json\" class=\"yoast-schema-graph\">{\"@context\":\"https:\/\/schema.org\",\"@graph\":[{\"@type\":\"Article\",\"@id\":\"https:\/\/www.africa-press.net\/togo\/toutes-les-actualites\/togo-attaque-de-kpekpakandi-hommage-des-deputes-aux-soldats-tombes-au-champ-dhonneur#article\",\"isPartOf\":{\"@id\":\"https:\/\/www.africa-press.net\/togo\/toutes-les-actualites\/togo-attaque-de-kpekpakandi-hommage-des-deputes-aux-soldats-tombes-au-champ-dhonneur\"},\"author\":{\"name\":\"cfeditorfr\",\"@id\":\"https:\/\/www.africa-press.net\/togo\/#\/schema\/person\/2b1cf3cd81a31e3cd26889ca66d677f1\"},\"headline\":\"Togo-Attaque de Kp\u00e9kpakandi : Hommage des d\u00e9put\u00e9s aux soldats tomb\u00e9s au champ d\u2019honneur\",\"datePublished\":\"2022-05-18T18:58:09+00:00\",\"dateModified\":\"2022-05-18T19:14:03+00:00\",\"mainEntityOfPage\":{\"@id\":\"https:\/\/www.africa-press.net\/togo\/toutes-les-actualites\/togo-attaque-de-kpekpakandi-hommage-des-deputes-aux-soldats-tombes-au-champ-dhonneur\"},\"wordCount\":314,\"commentCount\":0,\"image\":{\"@id\":\"https:\/\/www.africa-press.net\/togo\/toutes-les-actualites\/togo-attaque-de-kpekpakandi-hommage-des-deputes-aux-soldats-tombes-au-champ-dhonneur#primaryimage\"},\"thumbnailUrl\":\"https:\/\/static.africa-press.net\/togo\/sites\/58\/2022\/05\/postQueueImg_29-62854566693fc.jpg\",\"keywords\":[\"Africa Press\",\"Africa Press-Togo\",\"Assembl\u00e9e Nationale\",\"Terrorisme\",\"Togo\"],\"articleSection\":[\"Communaut\u00e9\",\"homepage-french\",\"Toutes les actualit\u00e9s\"],\"inLanguage\":\"fr-FR\",\"potentialAction\":[{\"@type\":\"CommentAction\",\"name\":\"Comment\",\"target\":[\"https:\/\/www.africa-press.net\/togo\/toutes-les-actualites\/togo-attaque-de-kpekpakandi-hommage-des-deputes-aux-soldats-tombes-au-champ-dhonneur#respond\"]}]},{\"@type\":\"WebPage\",\"@id\":\"https:\/\/www.africa-press.net\/togo\/toutes-les-actualites\/togo-attaque-de-kpekpakandi-hommage-des-deputes-aux-soldats-tombes-au-champ-dhonneur\",\"url\":\"https:\/\/www.africa-press.net\/togo\/toutes-les-actualites\/togo-attaque-de-kpekpakandi-hommage-des-deputes-aux-soldats-tombes-au-champ-dhonneur\",\"name\":\"Togo-Attaque de Kp\u00e9kpakandi : Hommage des d\u00e9put\u00e9s aux soldats tomb\u00e9s au champ d\u2019honneur - Togo\",\"isPartOf\":{\"@id\":\"https:\/\/www.africa-press.net\/togo\/#website\"},\"primaryImageOfPage\":{\"@id\":\"https:\/\/www.africa-press.net\/togo\/toutes-les-actualites\/togo-attaque-de-kpekpakandi-hommage-des-deputes-aux-soldats-tombes-au-champ-dhonneur#primaryimage\"},\"image\":{\"@id\":\"https:\/\/www.africa-press.net\/togo\/toutes-les-actualites\/togo-attaque-de-kpekpakandi-hommage-des-deputes-aux-soldats-tombes-au-champ-dhonneur#primaryimage\"},\"thumbnailUrl\":\"https:\/\/static.africa-press.net\/togo\/sites\/58\/2022\/05\/postQueueImg_29-62854566693fc.jpg\",\"datePublished\":\"2022-05-18T18:58:09+00:00\",\"dateModified\":\"2022-05-18T19:14:03+00:00\",\"author\":{\"@id\":\"https:\/\/www.africa-press.net\/togo\/#\/schema\/person\/2b1cf3cd81a31e3cd26889ca66d677f1\"},\"description\":\"L\u2019Assembl\u00e9e nationale a rendu, mardi 17 mai 2022, un hommage aux soldats togolais tu\u00e9s lors de l\u2019attaque terroriste qui ...\",\"breadcrumb\":{\"@id\":\"https:\/\/www.africa-press.net\/togo\/toutes-les-actualites\/togo-attaque-de-kpekpakandi-hommage-des-deputes-aux-soldats-tombes-au-champ-dhonneur#breadcrumb\"},\"inLanguage\":\"fr-FR\",\"potentialAction\":[{\"@type\":\"ReadAction\",\"target\":[\"https:\/\/www.africa-press.net\/togo\/toutes-les-actualites\/togo-attaque-de-kpekpakandi-hommage-des-deputes-aux-soldats-tombes-au-champ-dhonneur\"]}]},{\"@type\":\"ImageObject\",\"inLanguage\":\"fr-FR\",\"@id\":\"https:\/\/www.africa-press.net\/togo\/toutes-les-actualites\/togo-attaque-de-kpekpakandi-hommage-des-deputes-aux-soldats-tombes-au-champ-dhonneur#primaryimage\",\"url\":\"https:\/\/static.africa-press.net\/togo\/sites\/58\/2022\/05\/postQueueImg_29-62854566693fc.jpg\",\"contentUrl\":\"https:\/\/static.africa-press.net\/togo\/sites\/58\/2022\/05\/postQueueImg_29-62854566693fc.jpg\",\"width\":720,\"height\":540,\"caption\":\"Togo-Attaque de Kp\u00e9kpakandi : Hommage des d\u00e9put\u00e9s aux soldats tomb\u00e9s au champ d\u2019honneur\"},{\"@type\":\"BreadcrumbList\",\"@id\":\"https:\/\/www.africa-press.net\/togo\/toutes-les-actualites\/togo-attaque-de-kpekpakandi-hommage-des-deputes-aux-soldats-tombes-au-champ-dhonneur#breadcrumb\",\"itemListElement\":[{\"@type\":\"ListItem\",\"position\":1,\"name\":\"Accueil\",\"item\":\"https:\/\/www.africa-press.net\/togo\/\"},{\"@type\":\"ListItem\",\"position\":2,\"name\":\"Togo-Attaque de Kp\u00e9kpakandi : Hommage des d\u00e9put\u00e9s aux soldats tomb\u00e9s au champ d\u2019honneur\"}]},{\"@type\":\"WebSite\",\"@id\":\"https:\/\/www.africa-press.net\/togo\/#website\",\"url\":\"https:\/\/www.africa-press.net\/togo\/\",\"name\":\"Togo\",\"description\":\"Just another Africa News Agency Sites site\",\"potentialAction\":[{\"@type\":\"SearchAction\",\"target\":{\"@type\":\"EntryPoint\",\"urlTemplate\":\"https:\/\/www.africa-press.net\/togo\/?s={search_term_string}\"},\"query-input\":{\"@type\":\"PropertyValueSpecification\",\"valueRequired\":true,\"valueName\":\"search_term_string\"}}],\"inLanguage\":\"fr-FR\"},{\"@type\":\"Person\",\"@id\":\"https:\/\/www.africa-press.net\/togo\/#\/schema\/person\/2b1cf3cd81a31e3cd26889ca66d677f1\",\"name\":\"cfeditorfr\"}]}<\/script>\n<!-- \/ Yoast SEO Premium plugin. -->","yoast_head_json":{"title":"Togo-Attaque de Kp\u00e9kpakandi : Hommage des d\u00e9put\u00e9s aux soldats tomb\u00e9s au champ d\u2019honneur - Togo","description":"L\u2019Assembl\u00e9e nationale a rendu, mardi 17 mai 2022, un hommage aux soldats togolais tu\u00e9s lors de l\u2019attaque terroriste qui ...","robots":{"index":"index","follow":"follow","max-snippet":"max-snippet:-1","max-image-preview":"max-image-preview:large","max-video-preview":"max-video-preview:-1"},"canonical":"https:\/\/www.africa-press.net\/togo\/toutes-les-actualites\/togo-attaque-de-kpekpakandi-hommage-des-deputes-aux-soldats-tombes-au-champ-dhonneur","og_locale":"fr_FR","og_type":"article","og_title":"Togo-Attaque de Kp\u00e9kpakandi : Hommage des d\u00e9put\u00e9s aux soldats tomb\u00e9s au champ d\u2019honneur","og_description":"L\u2019Assembl\u00e9e nationale a rendu, mardi 17 mai 2022, un hommage aux soldats togolais tu\u00e9s lors de l\u2019attaque terroriste qui ...","og_url":"https:\/\/www.africa-press.net\/togo\/toutes-les-actualites\/togo-attaque-de-kpekpakandi-hommage-des-deputes-aux-soldats-tombes-au-champ-dhonneur","og_site_name":"Togo","article_published_time":"2022-05-18T18:58:09+00:00","article_modified_time":"2022-05-18T19:14:03+00:00","og_image":[{"width":720,"height":540,"url":"https:\/\/static.africa-press.net\/togo\/sites\/58\/2022\/05\/postQueueImg_29-62854566693fc.jpg","type":"image\/jpeg"}],"author":"cfeditorfr","twitter_card":"summary_large_image","twitter_misc":{"\u00c9crit par":"cfeditorfr","Dur\u00e9e de lecture estim\u00e9e":"1 minute"},"schema":{"@context":"https:\/\/schema.org","@graph":[{"@type":"Article","@id":"https:\/\/www.africa-press.net\/togo\/toutes-les-actualites\/togo-attaque-de-kpekpakandi-hommage-des-deputes-aux-soldats-tombes-au-champ-dhonneur#article","isPartOf":{"@id":"https:\/\/www.africa-press.net\/togo\/toutes-les-actualites\/togo-attaque-de-kpekpakandi-hommage-des-deputes-aux-soldats-tombes-au-champ-dhonneur"},"author":{"name":"cfeditorfr","@id":"https:\/\/www.africa-press.net\/togo\/#\/schema\/person\/2b1cf3cd81a31e3cd26889ca66d677f1"},"headline":"Togo-Attaque de Kp\u00e9kpakandi : Hommage des d\u00e9put\u00e9s aux soldats tomb\u00e9s au champ d\u2019honneur","datePublished":"2022-05-18T18:58:09+00:00","dateModified":"2022-05-18T19:14:03+00:00","mainEntityOfPage":{"@id":"https:\/\/www.africa-press.net\/togo\/toutes-les-actualites\/togo-attaque-de-kpekpakandi-hommage-des-deputes-aux-soldats-tombes-au-champ-dhonneur"},"wordCount":314,"commentCount":0,"image":{"@id":"https:\/\/www.africa-press.net\/togo\/toutes-les-actualites\/togo-attaque-de-kpekpakandi-hommage-des-deputes-aux-soldats-tombes-au-champ-dhonneur#primaryimage"},"thumbnailUrl":"https:\/\/static.africa-press.net\/togo\/sites\/58\/2022\/05\/postQueueImg_29-62854566693fc.jpg","keywords":["Africa Press","Africa Press-Togo","Assembl\u00e9e Nationale","Terrorisme","Togo"],"articleSection":["Communaut\u00e9","homepage-french","Toutes les actualit\u00e9s"],"inLanguage":"fr-FR","potentialAction":[{"@type":"CommentAction","name":"Comment","target":["https:\/\/www.africa-press.net\/togo\/toutes-les-actualites\/togo-attaque-de-kpekpakandi-hommage-des-deputes-aux-soldats-tombes-au-champ-dhonneur#respond"]}]},{"@type":"WebPage","@id":"https:\/\/www.africa-press.net\/togo\/toutes-les-actualites\/togo-attaque-de-kpekpakandi-hommage-des-deputes-aux-soldats-tombes-au-champ-dhonneur","url":"https:\/\/www.africa-press.net\/togo\/toutes-les-actualites\/togo-attaque-de-kpekpakandi-hommage-des-deputes-aux-soldats-tombes-au-champ-dhonneur","name":"Togo-Attaque de Kp\u00e9kpakandi : Hommage des d\u00e9put\u00e9s aux soldats tomb\u00e9s au champ d\u2019honneur - Togo","isPartOf":{"@id":"https:\/\/www.africa-press.net\/togo\/#website"},"primaryImageOfPage":{"@id":"https:\/\/www.africa-press.net\/togo\/toutes-les-actualites\/togo-attaque-de-kpekpakandi-hommage-des-deputes-aux-soldats-tombes-au-champ-dhonneur#primaryimage"},"image":{"@id":"https:\/\/www.africa-press.net\/togo\/toutes-les-actualites\/togo-attaque-de-kpekpakandi-hommage-des-deputes-aux-soldats-tombes-au-champ-dhonneur#primaryimage"},"thumbnailUrl":"https:\/\/static.africa-press.net\/togo\/sites\/58\/2022\/05\/postQueueImg_29-62854566693fc.jpg","datePublished":"2022-05-18T18:58:09+00:00","dateModified":"2022-05-18T19:14:03+00:00","author":{"@id":"https:\/\/www.africa-press.net\/togo\/#\/schema\/person\/2b1cf3cd81a31e3cd26889ca66d677f1"},"description":"L\u2019Assembl\u00e9e nationale a rendu, mardi 17 mai 2022, un hommage aux soldats togolais tu\u00e9s lors de l\u2019attaque terroriste qui ...","breadcrumb":{"@id":"https:\/\/www.africa-press.net\/togo\/toutes-les-actualites\/togo-attaque-de-kpekpakandi-hommage-des-deputes-aux-soldats-tombes-au-champ-dhonneur#breadcrumb"},"inLanguage":"fr-FR","potentialAction":[{"@type":"ReadAction","target":["https:\/\/www.africa-press.net\/togo\/toutes-les-actualites\/togo-attaque-de-kpekpakandi-hommage-des-deputes-aux-soldats-tombes-au-champ-dhonneur"]}]},{"@type":"ImageObject","inLanguage":"fr-FR","@id":"https:\/\/www.africa-press.net\/togo\/toutes-les-actualites\/togo-attaque-de-kpekpakandi-hommage-des-deputes-aux-soldats-tombes-au-champ-dhonneur#primaryimage","url":"https:\/\/static.africa-press.net\/togo\/sites\/58\/2022\/05\/postQueueImg_29-62854566693fc.jpg","contentUrl":"https:\/\/static.africa-press.net\/togo\/sites\/58\/2022\/05\/postQueueImg_29-62854566693fc.jpg","width":720,"height":540,"caption":"Togo-Attaque de Kp\u00e9kpakandi : Hommage des d\u00e9put\u00e9s aux soldats tomb\u00e9s au champ d\u2019honneur"},{"@type":"BreadcrumbList","@id":"https:\/\/www.africa-press.net\/togo\/toutes-les-actualites\/togo-attaque-de-kpekpakandi-hommage-des-deputes-aux-soldats-tombes-au-champ-dhonneur#breadcrumb","itemListElement":[{"@type":"ListItem","position":1,"name":"Accueil","item":"https:\/\/www.africa-press.net\/togo\/"},{"@type":"ListItem","position":2,"name":"Togo-Attaque de Kp\u00e9kpakandi : Hommage des d\u00e9put\u00e9s aux soldats tomb\u00e9s au champ d\u2019honneur"}]},{"@type":"WebSite","@id":"https:\/\/www.africa-press.net\/togo\/#website","url":"https:\/\/www.africa-press.net\/togo\/","name":"Togo","description":"Just another Africa News Agency Sites site","potentialAction":[{"@type":"SearchAction","target":{"@type":"EntryPoint","urlTemplate":"https:\/\/www.africa-press.net\/togo\/?s={search_term_string}"},"query-input":{"@type":"PropertyValueSpecification","valueRequired":true,"valueName":"search_term_string"}}],"inLanguage":"fr-FR"},{"@type":"Person","@id":"https:\/\/www.africa-press.net\/togo\/#\/schema\/person\/2b1cf3cd81a31e3cd26889ca66d677f1","name":"cfeditorfr"}]}},"_links":{"self":[{"href":"https:\/\/www.africa-press.net\/togo\/wp-json\/wp\/v2\/posts\/5090","targetHints":{"allow":["GET"]}}],"collection":[{"href":"https:\/\/www.africa-press.net\/togo\/wp-json\/wp\/v2\/posts"}],"about":[{"href":"https:\/\/www.africa-press.net\/togo\/wp-json\/wp\/v2\/types\/post"}],"author":[{"embeddable":true,"href":"https:\/\/www.africa-press.net\/togo\/wp-json\/wp\/v2\/users\/82"}],"replies":[{"embeddable":true,"href":"https:\/\/www.africa-press.net\/togo\/wp-json\/wp\/v2\/comments?post=5090"}],"version-history":[{"count":0,"href":"https:\/\/www.africa-press.net\/togo\/wp-json\/wp\/v2\/posts\/5090\/revisions"}],"wp:featuredmedia":[{"embeddable":true,"href":"https:\/\/www.africa-press.net\/togo\/wp-json\/wp\/v2\/media\/5089"}],"wp:attachment":[{"href":"https:\/\/www.africa-press.net\/togo\/wp-json\/wp\/v2\/media?parent=5090"}],"wp:term":[{"taxonomy":"category","embeddable":true,"href":"https:\/\/www.africa-press.net\/togo\/wp-json\/wp\/v2\/categories?post=5090"},{"taxonomy":"post_tag","embeddable":true,"href":"https:\/\/www.africa-press.net\/togo\/wp-json\/wp\/v2\/tags?post=5090"}],"curies":[{"name":"wp","href":"https:\/\/api.w.org\/{rel}","templated":true}]}}