{"id":6146,"date":"2022-06-09T19:16:06","date_gmt":"2022-06-09T19:16:06","guid":{"rendered":"https:\/\/www.africa-press.net\/togo\/politique\/togo-visite-de-faure-gnassingbe-aux-emirats-arabes-unis"},"modified":"2022-06-09T19:33:26","modified_gmt":"2022-06-09T19:33:26","slug":"togo-visite-de-faure-gnassingbe-aux-emirats-arabes-unis","status":"publish","type":"post","link":"https:\/\/www.africa-press.net\/togo\/politique\/togo-visite-de-faure-gnassingbe-aux-emirats-arabes-unis","title":{"rendered":"Togo-Visite de Faure Gnassingb\u00e9 aux E\u0301mirats Arabes Unis"},"content":{"rendered":"<p><span style=\"color: #ff6600\"><strong>Africa-Press &#8211; Togo. <\/strong><\/span><b>Le chef de l\u2019\u00c9tat togolais, Faure Essozimna Gnassingb\u00e9, s\u2019est entretenu ce jour avec son Altesse Cheikh Mohamed bin Zayed Al Nahyan, Pr\u00e9sident des \u00c9mirats Arabes Unis, au Palais Al Shati d\u2019Abu Dhabi.<\/b><\/p>\n<p>Le chef de l\u2019Etat a r\u00e9it\u00e9r\u00e9 ses condol\u00e9ances \u00e0 son Altesse, et lui a demand\u00e9 de renouveler son message de sympathie au peuple des \u00c9mirats Arabes Unis et \u00e0 la famille \u00e9plor\u00e9e, \u00e0 la suite du d\u00e9c\u00e8s de Cheikh Khalifa bin Zayed Al Nahyan.<\/p>\n<p>Faure Gnassingb\u00e9 a f\u00e9licit\u00e9 de nouveau Son Altesse Cheikh Mohamed bin Zayed Al Nahyan pour son accession \u00e0 la pr\u00e9sidence des \u00c9mirats Arabes Unis. Il lui a souhait\u00e9, en son nom, au nom du gouvernement et du peuple togolais, plein succ\u00e8s dans sa mission, pour le progr\u00e8s et la prosp\u00e9rit\u00e9 des \u00c9mirats Arabes Unis et de leurs partenaires.<\/p>\n<p>Les deux dirigeants ont \u00e9chang\u00e9 sur des questions d\u2019int\u00e9r\u00eat commun, et ont convenu d\u2019\u0153uvrer au renforcement des relations d\u2019amiti\u00e9 entre leurs pays et \u00e0 la promotion des opportunit\u00e9s de coop\u00e9ration, en particulier dans les domaines de l\u2019\u00e9conomie, du d\u00e9veloppement et des \u00e9nergies renouvelables.<\/p>\n<p>Les \u00e9changes entre les deux chefs d\u2019\u00c9tat ont eu lieu en pr\u00e9sence de S.A. Cheikh Hamdan bin Mohamed bin Zayed Al Nahyan, Cheikh Mohamed bin Hamad bin Tahnoon Al Nahyan, conseiller pour les affaires sp\u00e9ciales au minist\u00e8re des Affaires pr\u00e9sidentielles, Cheikh Chakhbout bin Nahyan bin Moubarak Al Nahyan, ministre d\u2019\u00c9tat, et Dr. Anwar bin Mohamed Gargash, conseiller diplomatique de Son Altesse le pr\u00e9sident.<\/p>\n<p>La d\u00e9l\u00e9gation du Togo \u00e9tait compos\u00e9e de M. Affoh Atcha Dedji, ministre des Transports Routiers, A\u00e9riens et Ferroviaires, Mme Ablamba Ahoefavi Johnson, ministre, secr\u00e9taire g\u00e9n\u00e9ral \u00e0 la pr\u00e9sidence de la R\u00e9publique, M. Sani Yaya, ministre de l\u2019Economie et Finances et M. Mohamed Saad Oro, ambassadeur non-r\u00e9sident du Togo.<\/p>\n<p><strong>Pour plus d&rsquo;informations et d&rsquo;analyses sur la <a href=\"https:\/\/www.africa-press.net\/togo\">Togo<\/a>, suivez <a href=\"https:\/\/www.africa-press.net\/\">Africa-Press<\/a><\/strong><\/p>\n","protected":false},"excerpt":{"rendered":"<p>Africa-Press &#8211; Togo. Le chef de l\u2019\u00c9tat togolais, Faure Essozimna Gnassingb\u00e9, s\u2019est entretenu ce jour avec son Altesse Cheikh Mohamed bin Zayed Al Nahyan, Pr\u00e9sident des \u00c9mirats Arabes Unis, au Palais Al Shati d\u2019Abu Dhabi. Le chef de l\u2019Etat a r\u00e9it\u00e9r\u00e9 ses condol\u00e9ances \u00e0 son Altesse, et lui a demand\u00e9 de renouveler son message de [&hellip;]<\/p>\n","protected":false},"author":82,"featured_media":6145,"comment_status":"open","ping_status":"closed","sticky":false,"template":"","format":"standard","meta":{"footnotes":""},"categories":[11,2,10],"tags":[36,49,1635,1633,423,50,1634],"class_list":["post-6146","post","type-post","status-publish","format-standard","has-post-thumbnail","hentry","category-homepage-french","category-politique","category-toutes-les-actualites","tag-africa-press","tag-africa-press-togo","tag-cheikh-mohamed-bin-zayed-al-nahyan","tag-deces-de-cheikh-khalifa-bin-zayed-al-nahyan","tag-featured","tag-togo","tag-visite-de-faure-gnassingbe-aux-emirats-arabes-unis"],"yoast_head":"<!-- This site is optimized with the Yoast SEO Premium plugin v26.1 (Yoast SEO v27.0) - https:\/\/yoast.com\/product\/yoast-seo-premium-wordpress\/ -->\n<title>Togo-Visite de Faure Gnassingb\u00e9 aux E\u0301mirats Arabes Unis - Togo<\/title>\n<meta name=\"description\" content=\"Le chef de l\u2019\u00c9tat togolais, Faure Essozimna Gnassingb\u00e9, s\u2019est entretenu ce jour avec son Altesse Cheikh Mohamed bin Z ...\" \/>\n<meta name=\"robots\" content=\"index, follow, max-snippet:-1, max-image-preview:large, max-video-preview:-1\" \/>\n<link rel=\"canonical\" href=\"https:\/\/www.africa-press.net\/togo\/politique\/togo-visite-de-faure-gnassingbe-aux-emirats-arabes-unis\" \/>\n<meta property=\"og:locale\" content=\"fr_FR\" \/>\n<meta property=\"og:type\" content=\"article\" \/>\n<meta property=\"og:title\" content=\"Togo-Visite de Faure Gnassingb\u00e9 aux E\u0301mirats Arabes Unis\" \/>\n<meta property=\"og:description\" content=\"Le chef de l\u2019\u00c9tat togolais, Faure Essozimna Gnassingb\u00e9, s\u2019est entretenu ce jour avec son Altesse Cheikh Mohamed bin Z ...\" \/>\n<meta property=\"og:url\" content=\"https:\/\/www.africa-press.net\/togo\/politique\/togo-visite-de-faure-gnassingbe-aux-emirats-arabes-unis\" \/>\n<meta property=\"og:site_name\" content=\"Togo\" \/>\n<meta property=\"article:published_time\" content=\"2022-06-09T19:16:06+00:00\" \/>\n<meta property=\"article:modified_time\" content=\"2022-06-09T19:33:26+00:00\" \/>\n<meta property=\"og:image\" content=\"https:\/\/static.africa-press.net\/togo\/sites\/58\/2022\/06\/postQueueImg_20-62a24ae8af341.jpg\" \/>\n\t<meta property=\"og:image:width\" content=\"1284\" \/>\n\t<meta property=\"og:image:height\" content=\"800\" \/>\n\t<meta property=\"og:image:type\" content=\"image\/jpeg\" \/>\n<meta name=\"author\" content=\"cfeditorfr\" \/>\n<meta name=\"twitter:card\" content=\"summary_large_image\" \/>\n<meta name=\"twitter:label1\" content=\"\u00c9crit par\" \/>\n\t<meta name=\"twitter:data1\" content=\"cfeditorfr\" \/>\n\t<meta name=\"twitter:label2\" content=\"Dur\u00e9e de lecture estim\u00e9e\" \/>\n\t<meta name=\"twitter:data2\" content=\"2 minutes\" \/>\n<script type=\"application\/ld+json\" class=\"yoast-schema-graph\">{\"@context\":\"https:\/\/schema.org\",\"@graph\":[{\"@type\":\"Article\",\"@id\":\"https:\/\/www.africa-press.net\/togo\/politique\/togo-visite-de-faure-gnassingbe-aux-emirats-arabes-unis#article\",\"isPartOf\":{\"@id\":\"https:\/\/www.africa-press.net\/togo\/politique\/togo-visite-de-faure-gnassingbe-aux-emirats-arabes-unis\"},\"author\":{\"name\":\"cfeditorfr\",\"@id\":\"https:\/\/www.africa-press.net\/togo\/#\/schema\/person\/2b1cf3cd81a31e3cd26889ca66d677f1\"},\"headline\":\"Togo-Visite de Faure Gnassingb\u00e9 aux E\u0301mirats Arabes Unis\",\"datePublished\":\"2022-06-09T19:16:06+00:00\",\"dateModified\":\"2022-06-09T19:33:26+00:00\",\"mainEntityOfPage\":{\"@id\":\"https:\/\/www.africa-press.net\/togo\/politique\/togo-visite-de-faure-gnassingbe-aux-emirats-arabes-unis\"},\"wordCount\":350,\"commentCount\":0,\"image\":{\"@id\":\"https:\/\/www.africa-press.net\/togo\/politique\/togo-visite-de-faure-gnassingbe-aux-emirats-arabes-unis#primaryimage\"},\"thumbnailUrl\":\"https:\/\/static.africa-press.net\/togo\/sites\/58\/2022\/06\/postQueueImg_20-62a24ae8af341.jpg\",\"keywords\":[\"Africa Press\",\"Africa Press-Togo\",\"Cheikh Mohamed bin Zayed Al Nahyan\",\"d\u00e9c\u00e8s de Cheikh Khalifa bin Zayed Al Nahyan\",\"Featured\",\"Togo\",\"Visite de Faure Gnassingb\u00e9 aux E\u0301mirats Arabes Unis\"],\"articleSection\":[\"homepage-french\",\"Politique\",\"Toutes les actualit\u00e9s\"],\"inLanguage\":\"fr-FR\",\"potentialAction\":[{\"@type\":\"CommentAction\",\"name\":\"Comment\",\"target\":[\"https:\/\/www.africa-press.net\/togo\/politique\/togo-visite-de-faure-gnassingbe-aux-emirats-arabes-unis#respond\"]}]},{\"@type\":\"WebPage\",\"@id\":\"https:\/\/www.africa-press.net\/togo\/politique\/togo-visite-de-faure-gnassingbe-aux-emirats-arabes-unis\",\"url\":\"https:\/\/www.africa-press.net\/togo\/politique\/togo-visite-de-faure-gnassingbe-aux-emirats-arabes-unis\",\"name\":\"Togo-Visite de Faure Gnassingb\u00e9 aux E\u0301mirats Arabes Unis - Togo\",\"isPartOf\":{\"@id\":\"https:\/\/www.africa-press.net\/togo\/#website\"},\"primaryImageOfPage\":{\"@id\":\"https:\/\/www.africa-press.net\/togo\/politique\/togo-visite-de-faure-gnassingbe-aux-emirats-arabes-unis#primaryimage\"},\"image\":{\"@id\":\"https:\/\/www.africa-press.net\/togo\/politique\/togo-visite-de-faure-gnassingbe-aux-emirats-arabes-unis#primaryimage\"},\"thumbnailUrl\":\"https:\/\/static.africa-press.net\/togo\/sites\/58\/2022\/06\/postQueueImg_20-62a24ae8af341.jpg\",\"datePublished\":\"2022-06-09T19:16:06+00:00\",\"dateModified\":\"2022-06-09T19:33:26+00:00\",\"author\":{\"@id\":\"https:\/\/www.africa-press.net\/togo\/#\/schema\/person\/2b1cf3cd81a31e3cd26889ca66d677f1\"},\"description\":\"Le chef de l\u2019\u00c9tat togolais, Faure Essozimna Gnassingb\u00e9, s\u2019est entretenu ce jour avec son Altesse Cheikh Mohamed bin Z ...\",\"breadcrumb\":{\"@id\":\"https:\/\/www.africa-press.net\/togo\/politique\/togo-visite-de-faure-gnassingbe-aux-emirats-arabes-unis#breadcrumb\"},\"inLanguage\":\"fr-FR\",\"potentialAction\":[{\"@type\":\"ReadAction\",\"target\":[\"https:\/\/www.africa-press.net\/togo\/politique\/togo-visite-de-faure-gnassingbe-aux-emirats-arabes-unis\"]}]},{\"@type\":\"ImageObject\",\"inLanguage\":\"fr-FR\",\"@id\":\"https:\/\/www.africa-press.net\/togo\/politique\/togo-visite-de-faure-gnassingbe-aux-emirats-arabes-unis#primaryimage\",\"url\":\"https:\/\/static.africa-press.net\/togo\/sites\/58\/2022\/06\/postQueueImg_20-62a24ae8af341.jpg\",\"contentUrl\":\"https:\/\/static.africa-press.net\/togo\/sites\/58\/2022\/06\/postQueueImg_20-62a24ae8af341.jpg\",\"width\":1284,\"height\":800,\"caption\":\"Togo-Visite de Faure Gnassingb\u00e9 aux E\u0301mirats Arabes Unis\"},{\"@type\":\"BreadcrumbList\",\"@id\":\"https:\/\/www.africa-press.net\/togo\/politique\/togo-visite-de-faure-gnassingbe-aux-emirats-arabes-unis#breadcrumb\",\"itemListElement\":[{\"@type\":\"ListItem\",\"position\":1,\"name\":\"Accueil\",\"item\":\"https:\/\/www.africa-press.net\/togo\/\"},{\"@type\":\"ListItem\",\"position\":2,\"name\":\"Togo-Visite de Faure Gnassingb\u00e9 aux E\u0301mirats Arabes Unis\"}]},{\"@type\":\"WebSite\",\"@id\":\"https:\/\/www.africa-press.net\/togo\/#website\",\"url\":\"https:\/\/www.africa-press.net\/togo\/\",\"name\":\"Togo\",\"description\":\"Just another Africa News Agency Sites site\",\"potentialAction\":[{\"@type\":\"SearchAction\",\"target\":{\"@type\":\"EntryPoint\",\"urlTemplate\":\"https:\/\/www.africa-press.net\/togo\/?s={search_term_string}\"},\"query-input\":{\"@type\":\"PropertyValueSpecification\",\"valueRequired\":true,\"valueName\":\"search_term_string\"}}],\"inLanguage\":\"fr-FR\"},{\"@type\":\"Person\",\"@id\":\"https:\/\/www.africa-press.net\/togo\/#\/schema\/person\/2b1cf3cd81a31e3cd26889ca66d677f1\",\"name\":\"cfeditorfr\"}]}<\/script>\n<!-- \/ Yoast SEO Premium plugin. -->","yoast_head_json":{"title":"Togo-Visite de Faure Gnassingb\u00e9 aux E\u0301mirats Arabes Unis - Togo","description":"Le chef de l\u2019\u00c9tat togolais, Faure Essozimna Gnassingb\u00e9, s\u2019est entretenu ce jour avec son Altesse Cheikh Mohamed bin Z ...","robots":{"index":"index","follow":"follow","max-snippet":"max-snippet:-1","max-image-preview":"max-image-preview:large","max-video-preview":"max-video-preview:-1"},"canonical":"https:\/\/www.africa-press.net\/togo\/politique\/togo-visite-de-faure-gnassingbe-aux-emirats-arabes-unis","og_locale":"fr_FR","og_type":"article","og_title":"Togo-Visite de Faure Gnassingb\u00e9 aux E\u0301mirats Arabes Unis","og_description":"Le chef de l\u2019\u00c9tat togolais, Faure Essozimna Gnassingb\u00e9, s\u2019est entretenu ce jour avec son Altesse Cheikh Mohamed bin Z ...","og_url":"https:\/\/www.africa-press.net\/togo\/politique\/togo-visite-de-faure-gnassingbe-aux-emirats-arabes-unis","og_site_name":"Togo","article_published_time":"2022-06-09T19:16:06+00:00","article_modified_time":"2022-06-09T19:33:26+00:00","og_image":[{"width":1284,"height":800,"url":"https:\/\/static.africa-press.net\/togo\/sites\/58\/2022\/06\/postQueueImg_20-62a24ae8af341.jpg","type":"image\/jpeg"}],"author":"cfeditorfr","twitter_card":"summary_large_image","twitter_misc":{"\u00c9crit par":"cfeditorfr","Dur\u00e9e de lecture estim\u00e9e":"2 minutes"},"schema":{"@context":"https:\/\/schema.org","@graph":[{"@type":"Article","@id":"https:\/\/www.africa-press.net\/togo\/politique\/togo-visite-de-faure-gnassingbe-aux-emirats-arabes-unis#article","isPartOf":{"@id":"https:\/\/www.africa-press.net\/togo\/politique\/togo-visite-de-faure-gnassingbe-aux-emirats-arabes-unis"},"author":{"name":"cfeditorfr","@id":"https:\/\/www.africa-press.net\/togo\/#\/schema\/person\/2b1cf3cd81a31e3cd26889ca66d677f1"},"headline":"Togo-Visite de Faure Gnassingb\u00e9 aux E\u0301mirats Arabes Unis","datePublished":"2022-06-09T19:16:06+00:00","dateModified":"2022-06-09T19:33:26+00:00","mainEntityOfPage":{"@id":"https:\/\/www.africa-press.net\/togo\/politique\/togo-visite-de-faure-gnassingbe-aux-emirats-arabes-unis"},"wordCount":350,"commentCount":0,"image":{"@id":"https:\/\/www.africa-press.net\/togo\/politique\/togo-visite-de-faure-gnassingbe-aux-emirats-arabes-unis#primaryimage"},"thumbnailUrl":"https:\/\/static.africa-press.net\/togo\/sites\/58\/2022\/06\/postQueueImg_20-62a24ae8af341.jpg","keywords":["Africa Press","Africa Press-Togo","Cheikh Mohamed bin Zayed Al Nahyan","d\u00e9c\u00e8s de Cheikh Khalifa bin Zayed Al Nahyan","Featured","Togo","Visite de Faure Gnassingb\u00e9 aux E\u0301mirats Arabes Unis"],"articleSection":["homepage-french","Politique","Toutes les actualit\u00e9s"],"inLanguage":"fr-FR","potentialAction":[{"@type":"CommentAction","name":"Comment","target":["https:\/\/www.africa-press.net\/togo\/politique\/togo-visite-de-faure-gnassingbe-aux-emirats-arabes-unis#respond"]}]},{"@type":"WebPage","@id":"https:\/\/www.africa-press.net\/togo\/politique\/togo-visite-de-faure-gnassingbe-aux-emirats-arabes-unis","url":"https:\/\/www.africa-press.net\/togo\/politique\/togo-visite-de-faure-gnassingbe-aux-emirats-arabes-unis","name":"Togo-Visite de Faure Gnassingb\u00e9 aux E\u0301mirats Arabes Unis - Togo","isPartOf":{"@id":"https:\/\/www.africa-press.net\/togo\/#website"},"primaryImageOfPage":{"@id":"https:\/\/www.africa-press.net\/togo\/politique\/togo-visite-de-faure-gnassingbe-aux-emirats-arabes-unis#primaryimage"},"image":{"@id":"https:\/\/www.africa-press.net\/togo\/politique\/togo-visite-de-faure-gnassingbe-aux-emirats-arabes-unis#primaryimage"},"thumbnailUrl":"https:\/\/static.africa-press.net\/togo\/sites\/58\/2022\/06\/postQueueImg_20-62a24ae8af341.jpg","datePublished":"2022-06-09T19:16:06+00:00","dateModified":"2022-06-09T19:33:26+00:00","author":{"@id":"https:\/\/www.africa-press.net\/togo\/#\/schema\/person\/2b1cf3cd81a31e3cd26889ca66d677f1"},"description":"Le chef de l\u2019\u00c9tat togolais, Faure Essozimna Gnassingb\u00e9, s\u2019est entretenu ce jour avec son Altesse Cheikh Mohamed bin Z ...","breadcrumb":{"@id":"https:\/\/www.africa-press.net\/togo\/politique\/togo-visite-de-faure-gnassingbe-aux-emirats-arabes-unis#breadcrumb"},"inLanguage":"fr-FR","potentialAction":[{"@type":"ReadAction","target":["https:\/\/www.africa-press.net\/togo\/politique\/togo-visite-de-faure-gnassingbe-aux-emirats-arabes-unis"]}]},{"@type":"ImageObject","inLanguage":"fr-FR","@id":"https:\/\/www.africa-press.net\/togo\/politique\/togo-visite-de-faure-gnassingbe-aux-emirats-arabes-unis#primaryimage","url":"https:\/\/static.africa-press.net\/togo\/sites\/58\/2022\/06\/postQueueImg_20-62a24ae8af341.jpg","contentUrl":"https:\/\/static.africa-press.net\/togo\/sites\/58\/2022\/06\/postQueueImg_20-62a24ae8af341.jpg","width":1284,"height":800,"caption":"Togo-Visite de Faure Gnassingb\u00e9 aux E\u0301mirats Arabes Unis"},{"@type":"BreadcrumbList","@id":"https:\/\/www.africa-press.net\/togo\/politique\/togo-visite-de-faure-gnassingbe-aux-emirats-arabes-unis#breadcrumb","itemListElement":[{"@type":"ListItem","position":1,"name":"Accueil","item":"https:\/\/www.africa-press.net\/togo\/"},{"@type":"ListItem","position":2,"name":"Togo-Visite de Faure Gnassingb\u00e9 aux E\u0301mirats Arabes Unis"}]},{"@type":"WebSite","@id":"https:\/\/www.africa-press.net\/togo\/#website","url":"https:\/\/www.africa-press.net\/togo\/","name":"Togo","description":"Just another Africa News Agency Sites site","potentialAction":[{"@type":"SearchAction","target":{"@type":"EntryPoint","urlTemplate":"https:\/\/www.africa-press.net\/togo\/?s={search_term_string}"},"query-input":{"@type":"PropertyValueSpecification","valueRequired":true,"valueName":"search_term_string"}}],"inLanguage":"fr-FR"},{"@type":"Person","@id":"https:\/\/www.africa-press.net\/togo\/#\/schema\/person\/2b1cf3cd81a31e3cd26889ca66d677f1","name":"cfeditorfr"}]}},"_links":{"self":[{"href":"https:\/\/www.africa-press.net\/togo\/wp-json\/wp\/v2\/posts\/6146","targetHints":{"allow":["GET"]}}],"collection":[{"href":"https:\/\/www.africa-press.net\/togo\/wp-json\/wp\/v2\/posts"}],"about":[{"href":"https:\/\/www.africa-press.net\/togo\/wp-json\/wp\/v2\/types\/post"}],"author":[{"embeddable":true,"href":"https:\/\/www.africa-press.net\/togo\/wp-json\/wp\/v2\/users\/82"}],"replies":[{"embeddable":true,"href":"https:\/\/www.africa-press.net\/togo\/wp-json\/wp\/v2\/comments?post=6146"}],"version-history":[{"count":0,"href":"https:\/\/www.africa-press.net\/togo\/wp-json\/wp\/v2\/posts\/6146\/revisions"}],"wp:featuredmedia":[{"embeddable":true,"href":"https:\/\/www.africa-press.net\/togo\/wp-json\/wp\/v2\/media\/6145"}],"wp:attachment":[{"href":"https:\/\/www.africa-press.net\/togo\/wp-json\/wp\/v2\/media?parent=6146"}],"wp:term":[{"taxonomy":"category","embeddable":true,"href":"https:\/\/www.africa-press.net\/togo\/wp-json\/wp\/v2\/categories?post=6146"},{"taxonomy":"post_tag","embeddable":true,"href":"https:\/\/www.africa-press.net\/togo\/wp-json\/wp\/v2\/tags?post=6146"}],"curies":[{"name":"wp","href":"https:\/\/api.w.org\/{rel}","templated":true}]}}