{"id":6329,"date":"2022-06-13T16:58:08","date_gmt":"2022-06-13T16:58:08","guid":{"rendered":"https:\/\/www.africa-press.net\/togo\/politique\/togo-lufc-a-son-siege-regional-maritime-nord-a-tsevie"},"modified":"2022-06-13T17:14:28","modified_gmt":"2022-06-13T17:14:28","slug":"togo-lufc-a-son-siege-regional-maritime-nord-a-tsevie","status":"publish","type":"post","link":"https:\/\/www.africa-press.net\/togo\/parties\/togo-lufc-a-son-siege-regional-maritime-nord-a-tsevie","title":{"rendered":"Togo-L\u2019UFC a son si\u00e8ge r\u00e9gional maritime nord \u00e0 Ts\u00e9vi\u00e9"},"content":{"rendered":"<p><span style=\"color: #ff6600\"><strong>Africa-Press &#8211; Togo. <\/strong><\/span><b>L\u2019Union des forces de changement (UFC) a inaugur\u00e9 le si\u00e8ge de son bureau r\u00e9gional de maritime nord dans la ville de Ts\u00e9vi\u00e9. La c\u00e9r\u00e9monie solennelle a eu lieu ce samedi 11 juin 2022 en pr\u00e9sence de plusieurs cadres du parti.<\/b><\/p>\n<p>Le parti pr\u00e9sid\u00e9 par Gilchrist Olympio, actuellement au Togo depuis ce mercredi 8 juin, poursuit les activit\u00e9s de sa redynamisation sur le terrain. En dehors des tourn\u00e9es de sensibilisation et d\u2019information, la formation politique se r\u00e9clamant de l\u2019opposition a inaugur\u00e9 dans la ville de Ts\u00e9vi\u00e9 (chef-lieu de la r\u00e9gion maritime) le si\u00e8ge de son bureau r\u00e9gional de maritime nord.<\/p>\n<p>Komi Agbanu, natif de la localit\u00e9, le pr\u00e9sident du groupe parlementaire UFC \u00e0 l\u2019Assembl\u00e9e nationale est le pr\u00e9sident dudit bureau. Ce dernier a remerci\u00e9 tous ceux qui, de pr\u00e8s ou de loin, ont contribu\u00e9 la r\u00e9alisation de ce projet. Signe que l\u2019Union des forces de changement est un parti d\u2019implantation nationale contrairement \u00e0 ce qui disent ses d\u00e9tracteurs ont murmur\u00e9 certains militants au cours de la c\u00e9r\u00e9monie.<\/p>\n<p>L\u2019\u00e9clat de l\u2019\u00e9v\u00e8nement a \u00e9t\u00e9 r\u00e9hauss\u00e9 par la pr\u00e9sence de plusieurs cadres de l\u2019UFC Me Jean-Claude Homawoo, conseiller sp\u00e9cial, Fran\u00e7ois Essolabinam Lokadi, sixi\u00e8me vice-pr\u00e9sident (tous les deux sont membres de la Commission \u00e9lectorale nationale ind\u00e9pendante (CENI), Elisabeth Pandam, conseill\u00e8re du bureau, Sena Alipui, conseiller sp\u00e9cial et troisi\u00e8me Vice-pr\u00e9sident de l\u2019Assembl\u00e9e nationale, Komi Agbanu, pr\u00e9sident du groupe parlementaire du parti \u00e0 l\u2019Assembl\u00e9e nationale, G\u00e9atan Ahoomey-Zunu, vice-pr\u00e9sident de la Commission Finance et D\u00e9veloppement \u00e9conomique de l\u2019Assembl\u00e9e nationale, Emmanuel Vivien Tomi, conseiller \u00e0 la communication, etc.<\/p>\n<p><strong>Pour plus d&rsquo;informations et d&rsquo;analyses sur la <a href=\"https:\/\/www.africa-press.net\/togo\">Togo<\/a>, suivez <a href=\"https:\/\/www.africa-press.net\/\">Africa-Press<\/a><\/strong><\/p>\n","protected":false},"excerpt":{"rendered":"<p>Africa-Press &#8211; Togo. L\u2019Union des forces de changement (UFC) a inaugur\u00e9 le si\u00e8ge de son bureau r\u00e9gional de maritime nord dans la ville de Ts\u00e9vi\u00e9. La c\u00e9r\u00e9monie solennelle a eu lieu ce samedi 11 juin 2022 en pr\u00e9sence de plusieurs cadres du parti. Le parti pr\u00e9sid\u00e9 par Gilchrist Olympio, actuellement au Togo depuis ce mercredi [&hellip;]<\/p>\n","protected":false},"author":82,"featured_media":6328,"comment_status":"open","ping_status":"closed","sticky":false,"template":"","format":"standard","meta":{"footnotes":""},"categories":[11,4,10],"tags":[438,36,49,857,50,1024],"class_list":["post-6329","post","type-post","status-publish","format-standard","has-post-thumbnail","hentry","category-homepage-french","category-parties","category-toutes-les-actualites","tag-actualite-togo","tag-africa-press","tag-africa-press-togo","tag-gilchrist-olympio","tag-togo","tag-ufc"],"yoast_head":"<!-- This site is optimized with the Yoast SEO Premium plugin v26.1 (Yoast SEO v27.0) - https:\/\/yoast.com\/product\/yoast-seo-premium-wordpress\/ -->\n<title>Togo-L\u2019UFC a son si\u00e8ge r\u00e9gional maritime nord \u00e0 Ts\u00e9vi\u00e9 - Togo<\/title>\n<meta name=\"description\" content=\"L\u2019Union des forces de changement (UFC) a inaugur\u00e9 le si\u00e8ge de son bureau r\u00e9gional de maritime nord dans la ville de T ...\" \/>\n<meta name=\"robots\" content=\"index, follow, max-snippet:-1, max-image-preview:large, max-video-preview:-1\" \/>\n<link rel=\"canonical\" href=\"https:\/\/www.africa-press.net\/togo\/parties\/togo-lufc-a-son-siege-regional-maritime-nord-a-tsevie\" \/>\n<meta property=\"og:locale\" content=\"fr_FR\" \/>\n<meta property=\"og:type\" content=\"article\" \/>\n<meta property=\"og:title\" content=\"Togo-L\u2019UFC a son si\u00e8ge r\u00e9gional maritime nord \u00e0 Ts\u00e9vi\u00e9\" \/>\n<meta property=\"og:description\" content=\"L\u2019Union des forces de changement (UFC) a inaugur\u00e9 le si\u00e8ge de son bureau r\u00e9gional de maritime nord dans la ville de T ...\" \/>\n<meta property=\"og:url\" content=\"https:\/\/www.africa-press.net\/togo\/parties\/togo-lufc-a-son-siege-regional-maritime-nord-a-tsevie\" \/>\n<meta property=\"og:site_name\" content=\"Togo\" \/>\n<meta property=\"article:published_time\" content=\"2022-06-13T16:58:08+00:00\" \/>\n<meta property=\"article:modified_time\" content=\"2022-06-13T17:14:28+00:00\" \/>\n<meta property=\"og:image\" content=\"https:\/\/static.africa-press.net\/togo\/sites\/58\/2022\/06\/postQueueImg_26-62a7705f1b426.jpg\" \/>\n\t<meta property=\"og:image:width\" content=\"1280\" \/>\n\t<meta property=\"og:image:height\" content=\"800\" \/>\n\t<meta property=\"og:image:type\" content=\"image\/jpeg\" \/>\n<meta name=\"author\" content=\"cfeditorfr\" \/>\n<meta name=\"twitter:card\" content=\"summary_large_image\" \/>\n<meta name=\"twitter:label1\" content=\"\u00c9crit par\" \/>\n\t<meta name=\"twitter:data1\" content=\"cfeditorfr\" \/>\n\t<meta name=\"twitter:label2\" content=\"Dur\u00e9e de lecture estim\u00e9e\" \/>\n\t<meta name=\"twitter:data2\" content=\"2 minutes\" \/>\n<script type=\"application\/ld+json\" class=\"yoast-schema-graph\">{\"@context\":\"https:\/\/schema.org\",\"@graph\":[{\"@type\":\"Article\",\"@id\":\"https:\/\/www.africa-press.net\/togo\/parties\/togo-lufc-a-son-siege-regional-maritime-nord-a-tsevie#article\",\"isPartOf\":{\"@id\":\"https:\/\/www.africa-press.net\/togo\/parties\/togo-lufc-a-son-siege-regional-maritime-nord-a-tsevie\"},\"author\":{\"name\":\"cfeditorfr\",\"@id\":\"https:\/\/www.africa-press.net\/togo\/#\/schema\/person\/2b1cf3cd81a31e3cd26889ca66d677f1\"},\"headline\":\"Togo-L\u2019UFC a son si\u00e8ge r\u00e9gional maritime nord \u00e0 Ts\u00e9vi\u00e9\",\"datePublished\":\"2022-06-13T16:58:08+00:00\",\"dateModified\":\"2022-06-13T17:14:28+00:00\",\"mainEntityOfPage\":{\"@id\":\"https:\/\/www.africa-press.net\/togo\/parties\/togo-lufc-a-son-siege-regional-maritime-nord-a-tsevie\"},\"wordCount\":322,\"commentCount\":0,\"image\":{\"@id\":\"https:\/\/www.africa-press.net\/togo\/parties\/togo-lufc-a-son-siege-regional-maritime-nord-a-tsevie#primaryimage\"},\"thumbnailUrl\":\"https:\/\/static.africa-press.net\/togo\/sites\/58\/2022\/06\/postQueueImg_26-62a7705f1b426.jpg\",\"keywords\":[\"Actualit\u00e9 Togo\",\"Africa Press\",\"Africa Press-Togo\",\"Gilchrist Olympio\",\"Togo\",\"UFC\"],\"articleSection\":[\"homepage-french\",\"Parties\",\"Toutes les actualit\u00e9s\"],\"inLanguage\":\"fr-FR\",\"potentialAction\":[{\"@type\":\"CommentAction\",\"name\":\"Comment\",\"target\":[\"https:\/\/www.africa-press.net\/togo\/parties\/togo-lufc-a-son-siege-regional-maritime-nord-a-tsevie#respond\"]}]},{\"@type\":\"WebPage\",\"@id\":\"https:\/\/www.africa-press.net\/togo\/parties\/togo-lufc-a-son-siege-regional-maritime-nord-a-tsevie\",\"url\":\"https:\/\/www.africa-press.net\/togo\/parties\/togo-lufc-a-son-siege-regional-maritime-nord-a-tsevie\",\"name\":\"Togo-L\u2019UFC a son si\u00e8ge r\u00e9gional maritime nord \u00e0 Ts\u00e9vi\u00e9 - Togo\",\"isPartOf\":{\"@id\":\"https:\/\/www.africa-press.net\/togo\/#website\"},\"primaryImageOfPage\":{\"@id\":\"https:\/\/www.africa-press.net\/togo\/parties\/togo-lufc-a-son-siege-regional-maritime-nord-a-tsevie#primaryimage\"},\"image\":{\"@id\":\"https:\/\/www.africa-press.net\/togo\/parties\/togo-lufc-a-son-siege-regional-maritime-nord-a-tsevie#primaryimage\"},\"thumbnailUrl\":\"https:\/\/static.africa-press.net\/togo\/sites\/58\/2022\/06\/postQueueImg_26-62a7705f1b426.jpg\",\"datePublished\":\"2022-06-13T16:58:08+00:00\",\"dateModified\":\"2022-06-13T17:14:28+00:00\",\"author\":{\"@id\":\"https:\/\/www.africa-press.net\/togo\/#\/schema\/person\/2b1cf3cd81a31e3cd26889ca66d677f1\"},\"description\":\"L\u2019Union des forces de changement (UFC) a inaugur\u00e9 le si\u00e8ge de son bureau r\u00e9gional de maritime nord dans la ville de T ...\",\"breadcrumb\":{\"@id\":\"https:\/\/www.africa-press.net\/togo\/parties\/togo-lufc-a-son-siege-regional-maritime-nord-a-tsevie#breadcrumb\"},\"inLanguage\":\"fr-FR\",\"potentialAction\":[{\"@type\":\"ReadAction\",\"target\":[\"https:\/\/www.africa-press.net\/togo\/parties\/togo-lufc-a-son-siege-regional-maritime-nord-a-tsevie\"]}]},{\"@type\":\"ImageObject\",\"inLanguage\":\"fr-FR\",\"@id\":\"https:\/\/www.africa-press.net\/togo\/parties\/togo-lufc-a-son-siege-regional-maritime-nord-a-tsevie#primaryimage\",\"url\":\"https:\/\/static.africa-press.net\/togo\/sites\/58\/2022\/06\/postQueueImg_26-62a7705f1b426.jpg\",\"contentUrl\":\"https:\/\/static.africa-press.net\/togo\/sites\/58\/2022\/06\/postQueueImg_26-62a7705f1b426.jpg\",\"width\":1280,\"height\":800,\"caption\":\"Togo-L\u2019UFC a son si\u00e8ge r\u00e9gional maritime nord \u00e0 Ts\u00e9vi\u00e9\"},{\"@type\":\"BreadcrumbList\",\"@id\":\"https:\/\/www.africa-press.net\/togo\/parties\/togo-lufc-a-son-siege-regional-maritime-nord-a-tsevie#breadcrumb\",\"itemListElement\":[{\"@type\":\"ListItem\",\"position\":1,\"name\":\"Accueil\",\"item\":\"https:\/\/www.africa-press.net\/togo\/\"},{\"@type\":\"ListItem\",\"position\":2,\"name\":\"Togo-L\u2019UFC a son si\u00e8ge r\u00e9gional maritime nord \u00e0 Ts\u00e9vi\u00e9\"}]},{\"@type\":\"WebSite\",\"@id\":\"https:\/\/www.africa-press.net\/togo\/#website\",\"url\":\"https:\/\/www.africa-press.net\/togo\/\",\"name\":\"Togo\",\"description\":\"Just another Africa News Agency Sites site\",\"potentialAction\":[{\"@type\":\"SearchAction\",\"target\":{\"@type\":\"EntryPoint\",\"urlTemplate\":\"https:\/\/www.africa-press.net\/togo\/?s={search_term_string}\"},\"query-input\":{\"@type\":\"PropertyValueSpecification\",\"valueRequired\":true,\"valueName\":\"search_term_string\"}}],\"inLanguage\":\"fr-FR\"},{\"@type\":\"Person\",\"@id\":\"https:\/\/www.africa-press.net\/togo\/#\/schema\/person\/2b1cf3cd81a31e3cd26889ca66d677f1\",\"name\":\"cfeditorfr\"}]}<\/script>\n<!-- \/ Yoast SEO Premium plugin. -->","yoast_head_json":{"title":"Togo-L\u2019UFC a son si\u00e8ge r\u00e9gional maritime nord \u00e0 Ts\u00e9vi\u00e9 - Togo","description":"L\u2019Union des forces de changement (UFC) a inaugur\u00e9 le si\u00e8ge de son bureau r\u00e9gional de maritime nord dans la ville de T ...","robots":{"index":"index","follow":"follow","max-snippet":"max-snippet:-1","max-image-preview":"max-image-preview:large","max-video-preview":"max-video-preview:-1"},"canonical":"https:\/\/www.africa-press.net\/togo\/parties\/togo-lufc-a-son-siege-regional-maritime-nord-a-tsevie","og_locale":"fr_FR","og_type":"article","og_title":"Togo-L\u2019UFC a son si\u00e8ge r\u00e9gional maritime nord \u00e0 Ts\u00e9vi\u00e9","og_description":"L\u2019Union des forces de changement (UFC) a inaugur\u00e9 le si\u00e8ge de son bureau r\u00e9gional de maritime nord dans la ville de T ...","og_url":"https:\/\/www.africa-press.net\/togo\/parties\/togo-lufc-a-son-siege-regional-maritime-nord-a-tsevie","og_site_name":"Togo","article_published_time":"2022-06-13T16:58:08+00:00","article_modified_time":"2022-06-13T17:14:28+00:00","og_image":[{"width":1280,"height":800,"url":"https:\/\/static.africa-press.net\/togo\/sites\/58\/2022\/06\/postQueueImg_26-62a7705f1b426.jpg","type":"image\/jpeg"}],"author":"cfeditorfr","twitter_card":"summary_large_image","twitter_misc":{"\u00c9crit par":"cfeditorfr","Dur\u00e9e de lecture estim\u00e9e":"2 minutes"},"schema":{"@context":"https:\/\/schema.org","@graph":[{"@type":"Article","@id":"https:\/\/www.africa-press.net\/togo\/parties\/togo-lufc-a-son-siege-regional-maritime-nord-a-tsevie#article","isPartOf":{"@id":"https:\/\/www.africa-press.net\/togo\/parties\/togo-lufc-a-son-siege-regional-maritime-nord-a-tsevie"},"author":{"name":"cfeditorfr","@id":"https:\/\/www.africa-press.net\/togo\/#\/schema\/person\/2b1cf3cd81a31e3cd26889ca66d677f1"},"headline":"Togo-L\u2019UFC a son si\u00e8ge r\u00e9gional maritime nord \u00e0 Ts\u00e9vi\u00e9","datePublished":"2022-06-13T16:58:08+00:00","dateModified":"2022-06-13T17:14:28+00:00","mainEntityOfPage":{"@id":"https:\/\/www.africa-press.net\/togo\/parties\/togo-lufc-a-son-siege-regional-maritime-nord-a-tsevie"},"wordCount":322,"commentCount":0,"image":{"@id":"https:\/\/www.africa-press.net\/togo\/parties\/togo-lufc-a-son-siege-regional-maritime-nord-a-tsevie#primaryimage"},"thumbnailUrl":"https:\/\/static.africa-press.net\/togo\/sites\/58\/2022\/06\/postQueueImg_26-62a7705f1b426.jpg","keywords":["Actualit\u00e9 Togo","Africa Press","Africa Press-Togo","Gilchrist Olympio","Togo","UFC"],"articleSection":["homepage-french","Parties","Toutes les actualit\u00e9s"],"inLanguage":"fr-FR","potentialAction":[{"@type":"CommentAction","name":"Comment","target":["https:\/\/www.africa-press.net\/togo\/parties\/togo-lufc-a-son-siege-regional-maritime-nord-a-tsevie#respond"]}]},{"@type":"WebPage","@id":"https:\/\/www.africa-press.net\/togo\/parties\/togo-lufc-a-son-siege-regional-maritime-nord-a-tsevie","url":"https:\/\/www.africa-press.net\/togo\/parties\/togo-lufc-a-son-siege-regional-maritime-nord-a-tsevie","name":"Togo-L\u2019UFC a son si\u00e8ge r\u00e9gional maritime nord \u00e0 Ts\u00e9vi\u00e9 - Togo","isPartOf":{"@id":"https:\/\/www.africa-press.net\/togo\/#website"},"primaryImageOfPage":{"@id":"https:\/\/www.africa-press.net\/togo\/parties\/togo-lufc-a-son-siege-regional-maritime-nord-a-tsevie#primaryimage"},"image":{"@id":"https:\/\/www.africa-press.net\/togo\/parties\/togo-lufc-a-son-siege-regional-maritime-nord-a-tsevie#primaryimage"},"thumbnailUrl":"https:\/\/static.africa-press.net\/togo\/sites\/58\/2022\/06\/postQueueImg_26-62a7705f1b426.jpg","datePublished":"2022-06-13T16:58:08+00:00","dateModified":"2022-06-13T17:14:28+00:00","author":{"@id":"https:\/\/www.africa-press.net\/togo\/#\/schema\/person\/2b1cf3cd81a31e3cd26889ca66d677f1"},"description":"L\u2019Union des forces de changement (UFC) a inaugur\u00e9 le si\u00e8ge de son bureau r\u00e9gional de maritime nord dans la ville de T ...","breadcrumb":{"@id":"https:\/\/www.africa-press.net\/togo\/parties\/togo-lufc-a-son-siege-regional-maritime-nord-a-tsevie#breadcrumb"},"inLanguage":"fr-FR","potentialAction":[{"@type":"ReadAction","target":["https:\/\/www.africa-press.net\/togo\/parties\/togo-lufc-a-son-siege-regional-maritime-nord-a-tsevie"]}]},{"@type":"ImageObject","inLanguage":"fr-FR","@id":"https:\/\/www.africa-press.net\/togo\/parties\/togo-lufc-a-son-siege-regional-maritime-nord-a-tsevie#primaryimage","url":"https:\/\/static.africa-press.net\/togo\/sites\/58\/2022\/06\/postQueueImg_26-62a7705f1b426.jpg","contentUrl":"https:\/\/static.africa-press.net\/togo\/sites\/58\/2022\/06\/postQueueImg_26-62a7705f1b426.jpg","width":1280,"height":800,"caption":"Togo-L\u2019UFC a son si\u00e8ge r\u00e9gional maritime nord \u00e0 Ts\u00e9vi\u00e9"},{"@type":"BreadcrumbList","@id":"https:\/\/www.africa-press.net\/togo\/parties\/togo-lufc-a-son-siege-regional-maritime-nord-a-tsevie#breadcrumb","itemListElement":[{"@type":"ListItem","position":1,"name":"Accueil","item":"https:\/\/www.africa-press.net\/togo\/"},{"@type":"ListItem","position":2,"name":"Togo-L\u2019UFC a son si\u00e8ge r\u00e9gional maritime nord \u00e0 Ts\u00e9vi\u00e9"}]},{"@type":"WebSite","@id":"https:\/\/www.africa-press.net\/togo\/#website","url":"https:\/\/www.africa-press.net\/togo\/","name":"Togo","description":"Just another Africa News Agency Sites site","potentialAction":[{"@type":"SearchAction","target":{"@type":"EntryPoint","urlTemplate":"https:\/\/www.africa-press.net\/togo\/?s={search_term_string}"},"query-input":{"@type":"PropertyValueSpecification","valueRequired":true,"valueName":"search_term_string"}}],"inLanguage":"fr-FR"},{"@type":"Person","@id":"https:\/\/www.africa-press.net\/togo\/#\/schema\/person\/2b1cf3cd81a31e3cd26889ca66d677f1","name":"cfeditorfr"}]}},"_links":{"self":[{"href":"https:\/\/www.africa-press.net\/togo\/wp-json\/wp\/v2\/posts\/6329","targetHints":{"allow":["GET"]}}],"collection":[{"href":"https:\/\/www.africa-press.net\/togo\/wp-json\/wp\/v2\/posts"}],"about":[{"href":"https:\/\/www.africa-press.net\/togo\/wp-json\/wp\/v2\/types\/post"}],"author":[{"embeddable":true,"href":"https:\/\/www.africa-press.net\/togo\/wp-json\/wp\/v2\/users\/82"}],"replies":[{"embeddable":true,"href":"https:\/\/www.africa-press.net\/togo\/wp-json\/wp\/v2\/comments?post=6329"}],"version-history":[{"count":0,"href":"https:\/\/www.africa-press.net\/togo\/wp-json\/wp\/v2\/posts\/6329\/revisions"}],"wp:featuredmedia":[{"embeddable":true,"href":"https:\/\/www.africa-press.net\/togo\/wp-json\/wp\/v2\/media\/6328"}],"wp:attachment":[{"href":"https:\/\/www.africa-press.net\/togo\/wp-json\/wp\/v2\/media?parent=6329"}],"wp:term":[{"taxonomy":"category","embeddable":true,"href":"https:\/\/www.africa-press.net\/togo\/wp-json\/wp\/v2\/categories?post=6329"},{"taxonomy":"post_tag","embeddable":true,"href":"https:\/\/www.africa-press.net\/togo\/wp-json\/wp\/v2\/tags?post=6329"}],"curies":[{"name":"wp","href":"https:\/\/api.w.org\/{rel}","templated":true}]}}