{"id":6520,"date":"2022-06-17T17:36:51","date_gmt":"2022-06-17T17:36:51","guid":{"rendered":"https:\/\/www.africa-press.net\/togo\/politique\/togo-assemblee-nationale-deux-lois-reactualisees-pour-renforcer-linclusion-digitale-et-sociale"},"modified":"2022-06-17T18:11:28","modified_gmt":"2022-06-17T18:11:28","slug":"togo-assemblee-nationale-deux-lois-reactualisees-pour-renforcer-linclusion-digitale-et-sociale","status":"publish","type":"post","link":"https:\/\/www.africa-press.net\/togo\/toutes-les-actualites\/togo-assemblee-nationale-deux-lois-reactualisees-pour-renforcer-linclusion-digitale-et-sociale","title":{"rendered":"Togo\/Assembl\u00e9e nationale : deux lois r\u00e9actualis\u00e9es pour renforcer l\u2019inclusion digitale et sociale"},"content":{"rendered":"<p><span style=\"color: #ff6600\"><strong>Africa-Press &#8211; Togo. <\/strong><\/span>Ce jeudi 16 juin 2022, les d\u00e9put\u00e9s ont proc\u00e9d\u00e9 \u00e0 l\u2019adoption de deux de lois. D\u2019un c\u00f4t\u00e9, la loi portant modification de la loi n\u00b02018-026 du 7 d\u00e9cembre 2018 sur la cybers\u00e9curit\u00e9 et de la lutte contre la cybercriminalit\u00e9. De l\u2019autre, la loi portant modification de la loi n\u00b02020-009 du 10 septembre 2020 relative \u00e0 l\u2019identification biom\u00e9trique des personnes physiques au Togo.<\/p>\n<p>Modifi\u00e9 de quatre (04) articles, le texte sur la cybers\u00e9curit\u00e9 clarifie et pr\u00e9cise les comp\u00e9tences de l\u2019Agence nationale de la cybers\u00e9curit\u00e9 (ANCy) en ce qui concerne la qualification des outils et des acteurs de la cybers\u00e9curit\u00e9 par rapport aux comp\u00e9tences qui incombent \u00e0 l\u2019Autorit\u00e9 de r\u00e9gulation des communications \u00e9lectroniques et des postes (ARCEP) en mati\u00e8re d\u2019accr\u00e9ditation des prestations de services de confiance.<\/p>\n<p>Quant au second texte, les articles modifi\u00e9s et cr\u00e9\u00e9s renforcent l\u2019utilisation du Num\u00e9ro d\u2019Identification Unique (NIU), de favoriser la mise en \u0153uvre du registre social des personnes et des m\u00e9nages. Elle r\u00e9organise \u00e9galement les missions de l\u2019Agence Nationale d\u2019Identification (ANID) dans le but de lui permettre de collecter les donn\u00e9es pour la gestion de la base de donn\u00e9es.<\/p>\n<p><strong>Pour plus d&rsquo;informations et d&rsquo;analyses sur la <a href=\"https:\/\/www.africa-press.net\/togo\">Togo<\/a>, suivez <a href=\"https:\/\/www.africa-press.net\/\">Africa-Press<\/a><\/strong><\/p>\n","protected":false},"excerpt":{"rendered":"<p>Africa-Press &#8211; Togo. Ce jeudi 16 juin 2022, les d\u00e9put\u00e9s ont proc\u00e9d\u00e9 \u00e0 l\u2019adoption de deux de lois. D\u2019un c\u00f4t\u00e9, la loi portant modification de la loi n\u00b02018-026 du 7 d\u00e9cembre 2018 sur la cybers\u00e9curit\u00e9 et de la lutte contre la cybercriminalit\u00e9. De l\u2019autre, la loi portant modification de la loi n\u00b02020-009 du 10 septembre [&hellip;]<\/p>\n","protected":false},"author":82,"featured_media":6519,"comment_status":"open","ping_status":"closed","sticky":false,"template":"","format":"standard","meta":{"footnotes":""},"categories":[21,11,10],"tags":[36,49,480,50],"class_list":["post-6520","post","type-post","status-publish","format-standard","has-post-thumbnail","hentry","category-communaute","category-homepage-french","category-toutes-les-actualites","tag-africa-press","tag-africa-press-togo","tag-assemblee-nationale","tag-togo"],"yoast_head":"<!-- This site is optimized with the Yoast SEO Premium plugin v26.1 (Yoast SEO v27.0) - https:\/\/yoast.com\/product\/yoast-seo-premium-wordpress\/ -->\n<title>Togo\/Assembl\u00e9e nationale : deux lois r\u00e9actualis\u00e9es pour renforcer l\u2019inclusion digitale et sociale - Togo<\/title>\n<meta name=\"description\" content=\"Ce jeudi 16 juin 2022, les d\u00e9put\u00e9s ont proc\u00e9d\u00e9 \u00e0 l\u2019adoption de deux de lois. D\u2019un c\u00f4t\u00e9, la loi portant modification de l ...\" \/>\n<meta name=\"robots\" content=\"index, follow, max-snippet:-1, max-image-preview:large, max-video-preview:-1\" \/>\n<link rel=\"canonical\" href=\"https:\/\/www.africa-press.net\/togo\/toutes-les-actualites\/togo-assemblee-nationale-deux-lois-reactualisees-pour-renforcer-linclusion-digitale-et-sociale\" \/>\n<meta property=\"og:locale\" content=\"fr_FR\" \/>\n<meta property=\"og:type\" content=\"article\" \/>\n<meta property=\"og:title\" content=\"Togo\/Assembl\u00e9e nationale : deux lois r\u00e9actualis\u00e9es pour renforcer l\u2019inclusion digitale et sociale\" \/>\n<meta property=\"og:description\" content=\"Ce jeudi 16 juin 2022, les d\u00e9put\u00e9s ont proc\u00e9d\u00e9 \u00e0 l\u2019adoption de deux de lois. D\u2019un c\u00f4t\u00e9, la loi portant modification de l ...\" \/>\n<meta property=\"og:url\" content=\"https:\/\/www.africa-press.net\/togo\/toutes-les-actualites\/togo-assemblee-nationale-deux-lois-reactualisees-pour-renforcer-linclusion-digitale-et-sociale\" \/>\n<meta property=\"og:site_name\" content=\"Togo\" \/>\n<meta property=\"article:published_time\" content=\"2022-06-17T17:36:51+00:00\" \/>\n<meta property=\"article:modified_time\" content=\"2022-06-17T18:11:28+00:00\" \/>\n<meta property=\"og:image\" content=\"https:\/\/static.africa-press.net\/togo\/sites\/58\/2022\/06\/postQueueImg_32-62acc3b2d17a9.jpg\" \/>\n\t<meta property=\"og:image:width\" content=\"720\" \/>\n\t<meta property=\"og:image:height\" content=\"480\" \/>\n\t<meta property=\"og:image:type\" content=\"image\/jpeg\" \/>\n<meta name=\"author\" content=\"cfeditorfr\" \/>\n<meta name=\"twitter:card\" content=\"summary_large_image\" \/>\n<meta name=\"twitter:label1\" content=\"\u00c9crit par\" \/>\n\t<meta name=\"twitter:data1\" content=\"cfeditorfr\" \/>\n\t<meta name=\"twitter:label2\" content=\"Dur\u00e9e de lecture estim\u00e9e\" \/>\n\t<meta name=\"twitter:data2\" content=\"1 minute\" \/>\n<script type=\"application\/ld+json\" class=\"yoast-schema-graph\">{\"@context\":\"https:\/\/schema.org\",\"@graph\":[{\"@type\":\"Article\",\"@id\":\"https:\/\/www.africa-press.net\/togo\/toutes-les-actualites\/togo-assemblee-nationale-deux-lois-reactualisees-pour-renforcer-linclusion-digitale-et-sociale#article\",\"isPartOf\":{\"@id\":\"https:\/\/www.africa-press.net\/togo\/toutes-les-actualites\/togo-assemblee-nationale-deux-lois-reactualisees-pour-renforcer-linclusion-digitale-et-sociale\"},\"author\":{\"name\":\"cfeditorfr\",\"@id\":\"https:\/\/www.africa-press.net\/togo\/#\/schema\/person\/2b1cf3cd81a31e3cd26889ca66d677f1\"},\"headline\":\"Togo\/Assembl\u00e9e nationale : deux lois r\u00e9actualis\u00e9es pour renforcer l\u2019inclusion digitale et sociale\",\"datePublished\":\"2022-06-17T17:36:51+00:00\",\"dateModified\":\"2022-06-17T18:11:28+00:00\",\"mainEntityOfPage\":{\"@id\":\"https:\/\/www.africa-press.net\/togo\/toutes-les-actualites\/togo-assemblee-nationale-deux-lois-reactualisees-pour-renforcer-linclusion-digitale-et-sociale\"},\"wordCount\":239,\"commentCount\":0,\"image\":{\"@id\":\"https:\/\/www.africa-press.net\/togo\/toutes-les-actualites\/togo-assemblee-nationale-deux-lois-reactualisees-pour-renforcer-linclusion-digitale-et-sociale#primaryimage\"},\"thumbnailUrl\":\"https:\/\/static.africa-press.net\/togo\/sites\/58\/2022\/06\/postQueueImg_32-62acc3b2d17a9.jpg\",\"keywords\":[\"Africa Press\",\"Africa Press-Togo\",\"Assembl\u00e9e Nationale\",\"Togo\"],\"articleSection\":[\"Communaut\u00e9\",\"homepage-french\",\"Toutes les actualit\u00e9s\"],\"inLanguage\":\"fr-FR\",\"potentialAction\":[{\"@type\":\"CommentAction\",\"name\":\"Comment\",\"target\":[\"https:\/\/www.africa-press.net\/togo\/toutes-les-actualites\/togo-assemblee-nationale-deux-lois-reactualisees-pour-renforcer-linclusion-digitale-et-sociale#respond\"]}]},{\"@type\":\"WebPage\",\"@id\":\"https:\/\/www.africa-press.net\/togo\/toutes-les-actualites\/togo-assemblee-nationale-deux-lois-reactualisees-pour-renforcer-linclusion-digitale-et-sociale\",\"url\":\"https:\/\/www.africa-press.net\/togo\/toutes-les-actualites\/togo-assemblee-nationale-deux-lois-reactualisees-pour-renforcer-linclusion-digitale-et-sociale\",\"name\":\"Togo\/Assembl\u00e9e nationale : deux lois r\u00e9actualis\u00e9es pour renforcer l\u2019inclusion digitale et sociale - Togo\",\"isPartOf\":{\"@id\":\"https:\/\/www.africa-press.net\/togo\/#website\"},\"primaryImageOfPage\":{\"@id\":\"https:\/\/www.africa-press.net\/togo\/toutes-les-actualites\/togo-assemblee-nationale-deux-lois-reactualisees-pour-renforcer-linclusion-digitale-et-sociale#primaryimage\"},\"image\":{\"@id\":\"https:\/\/www.africa-press.net\/togo\/toutes-les-actualites\/togo-assemblee-nationale-deux-lois-reactualisees-pour-renforcer-linclusion-digitale-et-sociale#primaryimage\"},\"thumbnailUrl\":\"https:\/\/static.africa-press.net\/togo\/sites\/58\/2022\/06\/postQueueImg_32-62acc3b2d17a9.jpg\",\"datePublished\":\"2022-06-17T17:36:51+00:00\",\"dateModified\":\"2022-06-17T18:11:28+00:00\",\"author\":{\"@id\":\"https:\/\/www.africa-press.net\/togo\/#\/schema\/person\/2b1cf3cd81a31e3cd26889ca66d677f1\"},\"description\":\"Ce jeudi 16 juin 2022, les d\u00e9put\u00e9s ont proc\u00e9d\u00e9 \u00e0 l\u2019adoption de deux de lois. D\u2019un c\u00f4t\u00e9, la loi portant modification de l ...\",\"breadcrumb\":{\"@id\":\"https:\/\/www.africa-press.net\/togo\/toutes-les-actualites\/togo-assemblee-nationale-deux-lois-reactualisees-pour-renforcer-linclusion-digitale-et-sociale#breadcrumb\"},\"inLanguage\":\"fr-FR\",\"potentialAction\":[{\"@type\":\"ReadAction\",\"target\":[\"https:\/\/www.africa-press.net\/togo\/toutes-les-actualites\/togo-assemblee-nationale-deux-lois-reactualisees-pour-renforcer-linclusion-digitale-et-sociale\"]}]},{\"@type\":\"ImageObject\",\"inLanguage\":\"fr-FR\",\"@id\":\"https:\/\/www.africa-press.net\/togo\/toutes-les-actualites\/togo-assemblee-nationale-deux-lois-reactualisees-pour-renforcer-linclusion-digitale-et-sociale#primaryimage\",\"url\":\"https:\/\/static.africa-press.net\/togo\/sites\/58\/2022\/06\/postQueueImg_32-62acc3b2d17a9.jpg\",\"contentUrl\":\"https:\/\/static.africa-press.net\/togo\/sites\/58\/2022\/06\/postQueueImg_32-62acc3b2d17a9.jpg\",\"width\":720,\"height\":480,\"caption\":\"Togo\/Assembl\u00e9e nationale : deux lois r\u00e9actualis\u00e9es pour renforcer l\u2019inclusion digitale et sociale\"},{\"@type\":\"BreadcrumbList\",\"@id\":\"https:\/\/www.africa-press.net\/togo\/toutes-les-actualites\/togo-assemblee-nationale-deux-lois-reactualisees-pour-renforcer-linclusion-digitale-et-sociale#breadcrumb\",\"itemListElement\":[{\"@type\":\"ListItem\",\"position\":1,\"name\":\"Accueil\",\"item\":\"https:\/\/www.africa-press.net\/togo\/\"},{\"@type\":\"ListItem\",\"position\":2,\"name\":\"Togo\/Assembl\u00e9e nationale : deux lois r\u00e9actualis\u00e9es pour renforcer l\u2019inclusion digitale et sociale\"}]},{\"@type\":\"WebSite\",\"@id\":\"https:\/\/www.africa-press.net\/togo\/#website\",\"url\":\"https:\/\/www.africa-press.net\/togo\/\",\"name\":\"Togo\",\"description\":\"Just another Africa News Agency Sites site\",\"potentialAction\":[{\"@type\":\"SearchAction\",\"target\":{\"@type\":\"EntryPoint\",\"urlTemplate\":\"https:\/\/www.africa-press.net\/togo\/?s={search_term_string}\"},\"query-input\":{\"@type\":\"PropertyValueSpecification\",\"valueRequired\":true,\"valueName\":\"search_term_string\"}}],\"inLanguage\":\"fr-FR\"},{\"@type\":\"Person\",\"@id\":\"https:\/\/www.africa-press.net\/togo\/#\/schema\/person\/2b1cf3cd81a31e3cd26889ca66d677f1\",\"name\":\"cfeditorfr\"}]}<\/script>\n<!-- \/ Yoast SEO Premium plugin. -->","yoast_head_json":{"title":"Togo\/Assembl\u00e9e nationale : deux lois r\u00e9actualis\u00e9es pour renforcer l\u2019inclusion digitale et sociale - Togo","description":"Ce jeudi 16 juin 2022, les d\u00e9put\u00e9s ont proc\u00e9d\u00e9 \u00e0 l\u2019adoption de deux de lois. D\u2019un c\u00f4t\u00e9, la loi portant modification de l ...","robots":{"index":"index","follow":"follow","max-snippet":"max-snippet:-1","max-image-preview":"max-image-preview:large","max-video-preview":"max-video-preview:-1"},"canonical":"https:\/\/www.africa-press.net\/togo\/toutes-les-actualites\/togo-assemblee-nationale-deux-lois-reactualisees-pour-renforcer-linclusion-digitale-et-sociale","og_locale":"fr_FR","og_type":"article","og_title":"Togo\/Assembl\u00e9e nationale : deux lois r\u00e9actualis\u00e9es pour renforcer l\u2019inclusion digitale et sociale","og_description":"Ce jeudi 16 juin 2022, les d\u00e9put\u00e9s ont proc\u00e9d\u00e9 \u00e0 l\u2019adoption de deux de lois. D\u2019un c\u00f4t\u00e9, la loi portant modification de l ...","og_url":"https:\/\/www.africa-press.net\/togo\/toutes-les-actualites\/togo-assemblee-nationale-deux-lois-reactualisees-pour-renforcer-linclusion-digitale-et-sociale","og_site_name":"Togo","article_published_time":"2022-06-17T17:36:51+00:00","article_modified_time":"2022-06-17T18:11:28+00:00","og_image":[{"width":720,"height":480,"url":"https:\/\/static.africa-press.net\/togo\/sites\/58\/2022\/06\/postQueueImg_32-62acc3b2d17a9.jpg","type":"image\/jpeg"}],"author":"cfeditorfr","twitter_card":"summary_large_image","twitter_misc":{"\u00c9crit par":"cfeditorfr","Dur\u00e9e de lecture estim\u00e9e":"1 minute"},"schema":{"@context":"https:\/\/schema.org","@graph":[{"@type":"Article","@id":"https:\/\/www.africa-press.net\/togo\/toutes-les-actualites\/togo-assemblee-nationale-deux-lois-reactualisees-pour-renforcer-linclusion-digitale-et-sociale#article","isPartOf":{"@id":"https:\/\/www.africa-press.net\/togo\/toutes-les-actualites\/togo-assemblee-nationale-deux-lois-reactualisees-pour-renforcer-linclusion-digitale-et-sociale"},"author":{"name":"cfeditorfr","@id":"https:\/\/www.africa-press.net\/togo\/#\/schema\/person\/2b1cf3cd81a31e3cd26889ca66d677f1"},"headline":"Togo\/Assembl\u00e9e nationale : deux lois r\u00e9actualis\u00e9es pour renforcer l\u2019inclusion digitale et sociale","datePublished":"2022-06-17T17:36:51+00:00","dateModified":"2022-06-17T18:11:28+00:00","mainEntityOfPage":{"@id":"https:\/\/www.africa-press.net\/togo\/toutes-les-actualites\/togo-assemblee-nationale-deux-lois-reactualisees-pour-renforcer-linclusion-digitale-et-sociale"},"wordCount":239,"commentCount":0,"image":{"@id":"https:\/\/www.africa-press.net\/togo\/toutes-les-actualites\/togo-assemblee-nationale-deux-lois-reactualisees-pour-renforcer-linclusion-digitale-et-sociale#primaryimage"},"thumbnailUrl":"https:\/\/static.africa-press.net\/togo\/sites\/58\/2022\/06\/postQueueImg_32-62acc3b2d17a9.jpg","keywords":["Africa Press","Africa Press-Togo","Assembl\u00e9e Nationale","Togo"],"articleSection":["Communaut\u00e9","homepage-french","Toutes les actualit\u00e9s"],"inLanguage":"fr-FR","potentialAction":[{"@type":"CommentAction","name":"Comment","target":["https:\/\/www.africa-press.net\/togo\/toutes-les-actualites\/togo-assemblee-nationale-deux-lois-reactualisees-pour-renforcer-linclusion-digitale-et-sociale#respond"]}]},{"@type":"WebPage","@id":"https:\/\/www.africa-press.net\/togo\/toutes-les-actualites\/togo-assemblee-nationale-deux-lois-reactualisees-pour-renforcer-linclusion-digitale-et-sociale","url":"https:\/\/www.africa-press.net\/togo\/toutes-les-actualites\/togo-assemblee-nationale-deux-lois-reactualisees-pour-renforcer-linclusion-digitale-et-sociale","name":"Togo\/Assembl\u00e9e nationale : deux lois r\u00e9actualis\u00e9es pour renforcer l\u2019inclusion digitale et sociale - Togo","isPartOf":{"@id":"https:\/\/www.africa-press.net\/togo\/#website"},"primaryImageOfPage":{"@id":"https:\/\/www.africa-press.net\/togo\/toutes-les-actualites\/togo-assemblee-nationale-deux-lois-reactualisees-pour-renforcer-linclusion-digitale-et-sociale#primaryimage"},"image":{"@id":"https:\/\/www.africa-press.net\/togo\/toutes-les-actualites\/togo-assemblee-nationale-deux-lois-reactualisees-pour-renforcer-linclusion-digitale-et-sociale#primaryimage"},"thumbnailUrl":"https:\/\/static.africa-press.net\/togo\/sites\/58\/2022\/06\/postQueueImg_32-62acc3b2d17a9.jpg","datePublished":"2022-06-17T17:36:51+00:00","dateModified":"2022-06-17T18:11:28+00:00","author":{"@id":"https:\/\/www.africa-press.net\/togo\/#\/schema\/person\/2b1cf3cd81a31e3cd26889ca66d677f1"},"description":"Ce jeudi 16 juin 2022, les d\u00e9put\u00e9s ont proc\u00e9d\u00e9 \u00e0 l\u2019adoption de deux de lois. D\u2019un c\u00f4t\u00e9, la loi portant modification de l ...","breadcrumb":{"@id":"https:\/\/www.africa-press.net\/togo\/toutes-les-actualites\/togo-assemblee-nationale-deux-lois-reactualisees-pour-renforcer-linclusion-digitale-et-sociale#breadcrumb"},"inLanguage":"fr-FR","potentialAction":[{"@type":"ReadAction","target":["https:\/\/www.africa-press.net\/togo\/toutes-les-actualites\/togo-assemblee-nationale-deux-lois-reactualisees-pour-renforcer-linclusion-digitale-et-sociale"]}]},{"@type":"ImageObject","inLanguage":"fr-FR","@id":"https:\/\/www.africa-press.net\/togo\/toutes-les-actualites\/togo-assemblee-nationale-deux-lois-reactualisees-pour-renforcer-linclusion-digitale-et-sociale#primaryimage","url":"https:\/\/static.africa-press.net\/togo\/sites\/58\/2022\/06\/postQueueImg_32-62acc3b2d17a9.jpg","contentUrl":"https:\/\/static.africa-press.net\/togo\/sites\/58\/2022\/06\/postQueueImg_32-62acc3b2d17a9.jpg","width":720,"height":480,"caption":"Togo\/Assembl\u00e9e nationale : deux lois r\u00e9actualis\u00e9es pour renforcer l\u2019inclusion digitale et sociale"},{"@type":"BreadcrumbList","@id":"https:\/\/www.africa-press.net\/togo\/toutes-les-actualites\/togo-assemblee-nationale-deux-lois-reactualisees-pour-renforcer-linclusion-digitale-et-sociale#breadcrumb","itemListElement":[{"@type":"ListItem","position":1,"name":"Accueil","item":"https:\/\/www.africa-press.net\/togo\/"},{"@type":"ListItem","position":2,"name":"Togo\/Assembl\u00e9e nationale : deux lois r\u00e9actualis\u00e9es pour renforcer l\u2019inclusion digitale et sociale"}]},{"@type":"WebSite","@id":"https:\/\/www.africa-press.net\/togo\/#website","url":"https:\/\/www.africa-press.net\/togo\/","name":"Togo","description":"Just another Africa News Agency Sites site","potentialAction":[{"@type":"SearchAction","target":{"@type":"EntryPoint","urlTemplate":"https:\/\/www.africa-press.net\/togo\/?s={search_term_string}"},"query-input":{"@type":"PropertyValueSpecification","valueRequired":true,"valueName":"search_term_string"}}],"inLanguage":"fr-FR"},{"@type":"Person","@id":"https:\/\/www.africa-press.net\/togo\/#\/schema\/person\/2b1cf3cd81a31e3cd26889ca66d677f1","name":"cfeditorfr"}]}},"_links":{"self":[{"href":"https:\/\/www.africa-press.net\/togo\/wp-json\/wp\/v2\/posts\/6520","targetHints":{"allow":["GET"]}}],"collection":[{"href":"https:\/\/www.africa-press.net\/togo\/wp-json\/wp\/v2\/posts"}],"about":[{"href":"https:\/\/www.africa-press.net\/togo\/wp-json\/wp\/v2\/types\/post"}],"author":[{"embeddable":true,"href":"https:\/\/www.africa-press.net\/togo\/wp-json\/wp\/v2\/users\/82"}],"replies":[{"embeddable":true,"href":"https:\/\/www.africa-press.net\/togo\/wp-json\/wp\/v2\/comments?post=6520"}],"version-history":[{"count":0,"href":"https:\/\/www.africa-press.net\/togo\/wp-json\/wp\/v2\/posts\/6520\/revisions"}],"wp:featuredmedia":[{"embeddable":true,"href":"https:\/\/www.africa-press.net\/togo\/wp-json\/wp\/v2\/media\/6519"}],"wp:attachment":[{"href":"https:\/\/www.africa-press.net\/togo\/wp-json\/wp\/v2\/media?parent=6520"}],"wp:term":[{"taxonomy":"category","embeddable":true,"href":"https:\/\/www.africa-press.net\/togo\/wp-json\/wp\/v2\/categories?post=6520"},{"taxonomy":"post_tag","embeddable":true,"href":"https:\/\/www.africa-press.net\/togo\/wp-json\/wp\/v2\/tags?post=6520"}],"curies":[{"name":"wp","href":"https:\/\/api.w.org\/{rel}","templated":true}]}}