{"id":7162,"date":"2022-06-30T17:57:40","date_gmt":"2022-06-30T17:57:40","guid":{"rendered":"https:\/\/www.africa-press.net\/togo\/politique\/togo-renforcement-de-laxe-pekin-lome-la-representation-nationale-fait-un-pas-de-plus"},"modified":"2022-06-30T18:09:54","modified_gmt":"2022-06-30T18:09:54","slug":"togo-renforcement-de-laxe-pekin-lome-la-representation-nationale-fait-un-pas-de-plus","status":"publish","type":"post","link":"https:\/\/www.africa-press.net\/togo\/politique\/togo-renforcement-de-laxe-pekin-lome-la-representation-nationale-fait-un-pas-de-plus","title":{"rendered":"Togo- Renforcement de l\u2019axe P\u00e9kin-Lom\u00e9 : la repr\u00e9sentation nationale fait un pas de plus"},"content":{"rendered":"<p><span style=\"color: #ff6600\"><strong>Africa-Press &#8211; Togo. <\/strong><\/span><b>La Chine et le Togo renforcent davantage leur coop\u00e9ration bilat\u00e9rale. Ce mercredi 29 juin 2022, une d\u00e9l\u00e9gation chinoise conduite par M. Peng WU, secr\u00e9taire g\u00e9n\u00e9ral du Comit\u00e9 de suivi chinois du Forum sur la coop\u00e9ration sino-africaine (FOCAC) et Directeur g\u00e9n\u00e9ral du d\u00e9partement des Affaires d\u2019Afrique du minist\u00e8re des Affaires \u00e9trang\u00e8res de la Chine, a \u00e9chang\u00e9 avec une d\u00e9l\u00e9gation de parlementaires togolais avec \u00e0 sa t\u00eate la deuxi\u00e8me vice-pr\u00e9sidente de l\u2019Assembl\u00e9e nationale du Togo et pr\u00e9sidente du groupe d\u2019amiti\u00e9 Chine-Togo, M\u00e9mounatou Ibrahima.<\/b><\/p>\n<p>Apr\u00e8s avoir exprim\u00e9 la gratitude du peuple togolais et ses fraternelles salutations au peuple fr\u00e8re et ami de la Chine, \u00e0 travers son repr\u00e9sentant, M. Peng WU, Mme Ibrahima M\u00e9mounatou a transmis les cordiales salutations de la Pr\u00e9sidente de l\u2019Assembl\u00e9e nationale du Togo, Son Excellence Madame Yawa Djigbodi Ts\u00e8gan \u00e0 la d\u00e9l\u00e9gation du FOCAC. Pour la pr\u00e9sidente du groupe d\u2019amiti\u00e9 Chine -Togo, la coop\u00e9ration entre les deux pays amis et fr\u00e8res, \u00ab une r\u00e9alit\u00e9 concr\u00e8te qui se renforce et se dynamise doit s\u2019approfondir \u00bb.<\/p>\n<p>Le secr\u00e9taire g\u00e9n\u00e9ral du Comit\u00e9 de suivi chinois FOCAC a rassur\u00e9 q la coop\u00e9ration entre la Chine et le Togo se renforce progressivement et se mat\u00e9rialise dans plusieurs domaines tels que les infrastructures, le commerce, la sant\u00e9 l\u2019hydraulique, l\u2019agriculture et la s\u00e9curit\u00e9.<\/p>\n<p>\u00ab J\u2019ai eu un \u00e9change parlementaire avec Madame la pr\u00e9sidente du groupe d\u2019amiti\u00e9 Chine-Togo et le 4e vice \u2013pr\u00e9sident de l\u2019Assembl\u00e9e nationale sur des aspects tr\u00e8s importants m\u00eame si \u00e0 cause de la covid, il y a moins d\u2019activit\u00e9s en pr\u00e9sentiel. Mais avec l\u2019am\u00e9lioration de la situation, je suis en visite au Togo et je souhaite la bienvenue aux parlementaires togolais qui feront le d\u00e9placement en Chine. Je souhaite vivement la compr\u00e9hension mutuelle entre les deux peuples et la coop\u00e9ration parlementaire entre l\u2019Assembl\u00e9e populaire de Chine et l\u2019Assembl\u00e9e nationale du Togo \u00bb, a indiqu\u00e9 le secr\u00e9taire g\u00e9n\u00e9ral du Comit\u00e9 de suivi chinois FOCAC au sortir de l\u2019audience.<\/p>\n<p>Il a, entre autres, soulign\u00e9 la disponibilit\u00e9 et l\u2019accueil chaleureux dont a fait montre le peuple togolais.<\/p>\n<p>Convaincue du pragmatisme de la coop\u00e9ration entre les deux pays, la deuxi\u00e8me vice-pr\u00e9sidente de l\u2019Assembl\u00e9e nationale salue la fraternit\u00e9 agissante et la r\u00e9ussite de la relation sino-togolaise.<\/p>\n<p>\u00ab La vivacit\u00e9 de cette relation, au-del\u00e0 de ce magnifique cadre d\u2019\u00e9change, se traduit par de nombreuses r\u00e9alisations au Togo dans de nombreux domaines, infrastructure, industrie, agriculture, commerce ces deux derni\u00e8res ann\u00e9es.<\/p>\n<p>Je voudrais \u00e0 titre illustratif en citer quelques-unes, les plus r\u00e9centes, signes de la vitalit\u00e9 de notre partenariat strat\u00e9gique : l\u2019extension de l\u2019a\u00e9roport de Lom\u00e9, l\u2019am\u00e9nagement du contournement de Lom\u00e9 tron\u00e7on 2, la construction du centre administratif, la construction de l\u2019auditorium de la Radio et T\u00e9l\u00e9vision du Togo, la r\u00e9habilitation du stade de K\u00e9gu\u00e9.<\/p>\n<p>La sant\u00e9 est un autre axe tr\u00e8s important de cette coop\u00e9ration : la Chine a envoy\u00e9 dans le cadre de la riposte contre la covid 19, une trentaine d\u2019\u00e9quipes m\u00e9dicales et plus de 400 m\u00e9decins, dont l\u2019expertise a permis de soigner environ 16 000 patients, sans oublier les op\u00e9rations foraines et les m\u00e9dicaments antipalud\u00e9ens qui sont r\u00e9guli\u00e8rement fournis \u00bb.<\/p>\n<p>Trois volets ont surtout retenu l\u2019attention des deux d\u00e9l\u00e9gations \u00e0 savoir les projets dans les domaines hydrauliques, de l\u2019agriculture et de la s\u00e9curit\u00e9.<\/p>\n<p>Les deux parties ont \u00e9mis le v\u0153u ardent de poursuivre et d\u2019affermir la coop\u00e9ration existante par des rencontres en pr\u00e9sentiel \u00e0 l\u2019instar de la pr\u00e9sente, avec le recul de plus en plus notable de la pand\u00e9mie \u00e0 coronavirus.<\/p>\n<p>Source : Assembl\u00e9e nationale (titre modifi\u00e9)<\/p>\n<p><strong>Pour plus d&rsquo;informations et d&rsquo;analyses sur la <a href=\"https:\/\/www.africa-press.net\/togo\">Togo<\/a>, suivez <a href=\"https:\/\/www.africa-press.net\/\">Africa-Press<\/a><\/strong><\/p>\n","protected":false},"excerpt":{"rendered":"<p>Africa-Press &#8211; Togo. La Chine et le Togo renforcent davantage leur coop\u00e9ration bilat\u00e9rale. Ce mercredi 29 juin 2022, une d\u00e9l\u00e9gation chinoise conduite par M. Peng WU, secr\u00e9taire g\u00e9n\u00e9ral du Comit\u00e9 de suivi chinois du Forum sur la coop\u00e9ration sino-africaine (FOCAC) et Directeur g\u00e9n\u00e9ral du d\u00e9partement des Affaires d\u2019Afrique du minist\u00e8re des Affaires \u00e9trang\u00e8res de la [&hellip;]<\/p>\n","protected":false},"author":82,"featured_media":7161,"comment_status":"open","ping_status":"closed","sticky":false,"template":"","format":"standard","meta":{"footnotes":""},"categories":[11,2,20,10],"tags":[438,36,49,480,1837,50],"class_list":["post-7162","post","type-post","status-publish","format-standard","has-post-thumbnail","hentry","category-homepage-french","category-politique","category-top-nouvelles","category-toutes-les-actualites","tag-actualite-togo","tag-africa-press","tag-africa-press-togo","tag-assemblee-nationale","tag-axe-pekin-lome","tag-togo"],"yoast_head":"<!-- This site is optimized with the Yoast SEO Premium plugin v26.1 (Yoast SEO v27.0) - https:\/\/yoast.com\/product\/yoast-seo-premium-wordpress\/ -->\n<title>Togo- Renforcement de l\u2019axe P\u00e9kin-Lom\u00e9 : la repr\u00e9sentation nationale fait un pas de plus - Togo<\/title>\n<meta name=\"description\" content=\"La Chine et le Togo renforcent davantage leur coop\u00e9ration bilat\u00e9rale. Ce mercredi 29 juin 2022, une d\u00e9l\u00e9gation chinoi ...\" \/>\n<meta name=\"robots\" content=\"index, follow, max-snippet:-1, max-image-preview:large, max-video-preview:-1\" \/>\n<link rel=\"canonical\" href=\"https:\/\/www.africa-press.net\/togo\/politique\/togo-renforcement-de-laxe-pekin-lome-la-representation-nationale-fait-un-pas-de-plus\" \/>\n<meta property=\"og:locale\" content=\"fr_FR\" \/>\n<meta property=\"og:type\" content=\"article\" \/>\n<meta property=\"og:title\" content=\"Togo- Renforcement de l\u2019axe P\u00e9kin-Lom\u00e9 : la repr\u00e9sentation nationale fait un pas de plus\" \/>\n<meta property=\"og:description\" content=\"La Chine et le Togo renforcent davantage leur coop\u00e9ration bilat\u00e9rale. Ce mercredi 29 juin 2022, une d\u00e9l\u00e9gation chinoi ...\" \/>\n<meta property=\"og:url\" content=\"https:\/\/www.africa-press.net\/togo\/politique\/togo-renforcement-de-laxe-pekin-lome-la-representation-nationale-fait-un-pas-de-plus\" \/>\n<meta property=\"og:site_name\" content=\"Togo\" \/>\n<meta property=\"article:published_time\" content=\"2022-06-30T17:57:40+00:00\" \/>\n<meta property=\"article:modified_time\" content=\"2022-06-30T18:09:54+00:00\" \/>\n<meta property=\"og:image\" content=\"https:\/\/static.africa-press.net\/togo\/sites\/58\/2022\/06\/postQueueImg_19-62bde6d97ff93.jpg\" \/>\n\t<meta property=\"og:image:width\" content=\"1280\" \/>\n\t<meta property=\"og:image:height\" content=\"800\" \/>\n\t<meta property=\"og:image:type\" content=\"image\/jpeg\" \/>\n<meta name=\"author\" content=\"cfeditorfr\" \/>\n<meta name=\"twitter:card\" content=\"summary_large_image\" \/>\n<meta name=\"twitter:label1\" content=\"\u00c9crit par\" \/>\n\t<meta name=\"twitter:data1\" content=\"cfeditorfr\" \/>\n\t<meta name=\"twitter:label2\" content=\"Dur\u00e9e de lecture estim\u00e9e\" \/>\n\t<meta name=\"twitter:data2\" content=\"3 minutes\" \/>\n<script type=\"application\/ld+json\" class=\"yoast-schema-graph\">{\"@context\":\"https:\/\/schema.org\",\"@graph\":[{\"@type\":\"Article\",\"@id\":\"https:\/\/www.africa-press.net\/togo\/politique\/togo-renforcement-de-laxe-pekin-lome-la-representation-nationale-fait-un-pas-de-plus#article\",\"isPartOf\":{\"@id\":\"https:\/\/www.africa-press.net\/togo\/politique\/togo-renforcement-de-laxe-pekin-lome-la-representation-nationale-fait-un-pas-de-plus\"},\"author\":{\"name\":\"cfeditorfr\",\"@id\":\"https:\/\/www.africa-press.net\/togo\/#\/schema\/person\/2b1cf3cd81a31e3cd26889ca66d677f1\"},\"headline\":\"Togo- Renforcement de l\u2019axe P\u00e9kin-Lom\u00e9 : la repr\u00e9sentation nationale fait un pas de plus\",\"datePublished\":\"2022-06-30T17:57:40+00:00\",\"dateModified\":\"2022-06-30T18:09:54+00:00\",\"mainEntityOfPage\":{\"@id\":\"https:\/\/www.africa-press.net\/togo\/politique\/togo-renforcement-de-laxe-pekin-lome-la-representation-nationale-fait-un-pas-de-plus\"},\"wordCount\":698,\"commentCount\":0,\"image\":{\"@id\":\"https:\/\/www.africa-press.net\/togo\/politique\/togo-renforcement-de-laxe-pekin-lome-la-representation-nationale-fait-un-pas-de-plus#primaryimage\"},\"thumbnailUrl\":\"https:\/\/static.africa-press.net\/togo\/sites\/58\/2022\/06\/postQueueImg_19-62bde6d97ff93.jpg\",\"keywords\":[\"Actualit\u00e9 Togo\",\"Africa Press\",\"Africa Press-Togo\",\"Assembl\u00e9e Nationale\",\"Axe P\u00e9kin-Lom\u00e9\",\"Togo\"],\"articleSection\":[\"homepage-french\",\"Politique\",\"Top Nouvelles\",\"Toutes les actualit\u00e9s\"],\"inLanguage\":\"fr-FR\",\"potentialAction\":[{\"@type\":\"CommentAction\",\"name\":\"Comment\",\"target\":[\"https:\/\/www.africa-press.net\/togo\/politique\/togo-renforcement-de-laxe-pekin-lome-la-representation-nationale-fait-un-pas-de-plus#respond\"]}]},{\"@type\":\"WebPage\",\"@id\":\"https:\/\/www.africa-press.net\/togo\/politique\/togo-renforcement-de-laxe-pekin-lome-la-representation-nationale-fait-un-pas-de-plus\",\"url\":\"https:\/\/www.africa-press.net\/togo\/politique\/togo-renforcement-de-laxe-pekin-lome-la-representation-nationale-fait-un-pas-de-plus\",\"name\":\"Togo- Renforcement de l\u2019axe P\u00e9kin-Lom\u00e9 : la repr\u00e9sentation nationale fait un pas de plus - Togo\",\"isPartOf\":{\"@id\":\"https:\/\/www.africa-press.net\/togo\/#website\"},\"primaryImageOfPage\":{\"@id\":\"https:\/\/www.africa-press.net\/togo\/politique\/togo-renforcement-de-laxe-pekin-lome-la-representation-nationale-fait-un-pas-de-plus#primaryimage\"},\"image\":{\"@id\":\"https:\/\/www.africa-press.net\/togo\/politique\/togo-renforcement-de-laxe-pekin-lome-la-representation-nationale-fait-un-pas-de-plus#primaryimage\"},\"thumbnailUrl\":\"https:\/\/static.africa-press.net\/togo\/sites\/58\/2022\/06\/postQueueImg_19-62bde6d97ff93.jpg\",\"datePublished\":\"2022-06-30T17:57:40+00:00\",\"dateModified\":\"2022-06-30T18:09:54+00:00\",\"author\":{\"@id\":\"https:\/\/www.africa-press.net\/togo\/#\/schema\/person\/2b1cf3cd81a31e3cd26889ca66d677f1\"},\"description\":\"La Chine et le Togo renforcent davantage leur coop\u00e9ration bilat\u00e9rale. Ce mercredi 29 juin 2022, une d\u00e9l\u00e9gation chinoi ...\",\"breadcrumb\":{\"@id\":\"https:\/\/www.africa-press.net\/togo\/politique\/togo-renforcement-de-laxe-pekin-lome-la-representation-nationale-fait-un-pas-de-plus#breadcrumb\"},\"inLanguage\":\"fr-FR\",\"potentialAction\":[{\"@type\":\"ReadAction\",\"target\":[\"https:\/\/www.africa-press.net\/togo\/politique\/togo-renforcement-de-laxe-pekin-lome-la-representation-nationale-fait-un-pas-de-plus\"]}]},{\"@type\":\"ImageObject\",\"inLanguage\":\"fr-FR\",\"@id\":\"https:\/\/www.africa-press.net\/togo\/politique\/togo-renforcement-de-laxe-pekin-lome-la-representation-nationale-fait-un-pas-de-plus#primaryimage\",\"url\":\"https:\/\/static.africa-press.net\/togo\/sites\/58\/2022\/06\/postQueueImg_19-62bde6d97ff93.jpg\",\"contentUrl\":\"https:\/\/static.africa-press.net\/togo\/sites\/58\/2022\/06\/postQueueImg_19-62bde6d97ff93.jpg\",\"width\":1280,\"height\":800,\"caption\":\"Togo- Renforcement de l\u2019axe P\u00e9kin-Lom\u00e9 : la repr\u00e9sentation nationale fait un pas de plus\"},{\"@type\":\"BreadcrumbList\",\"@id\":\"https:\/\/www.africa-press.net\/togo\/politique\/togo-renforcement-de-laxe-pekin-lome-la-representation-nationale-fait-un-pas-de-plus#breadcrumb\",\"itemListElement\":[{\"@type\":\"ListItem\",\"position\":1,\"name\":\"Accueil\",\"item\":\"https:\/\/www.africa-press.net\/togo\/\"},{\"@type\":\"ListItem\",\"position\":2,\"name\":\"Togo- Renforcement de l\u2019axe P\u00e9kin-Lom\u00e9 : la repr\u00e9sentation nationale fait un pas de plus\"}]},{\"@type\":\"WebSite\",\"@id\":\"https:\/\/www.africa-press.net\/togo\/#website\",\"url\":\"https:\/\/www.africa-press.net\/togo\/\",\"name\":\"Togo\",\"description\":\"Just another Africa News Agency Sites site\",\"potentialAction\":[{\"@type\":\"SearchAction\",\"target\":{\"@type\":\"EntryPoint\",\"urlTemplate\":\"https:\/\/www.africa-press.net\/togo\/?s={search_term_string}\"},\"query-input\":{\"@type\":\"PropertyValueSpecification\",\"valueRequired\":true,\"valueName\":\"search_term_string\"}}],\"inLanguage\":\"fr-FR\"},{\"@type\":\"Person\",\"@id\":\"https:\/\/www.africa-press.net\/togo\/#\/schema\/person\/2b1cf3cd81a31e3cd26889ca66d677f1\",\"name\":\"cfeditorfr\"}]}<\/script>\n<!-- \/ Yoast SEO Premium plugin. -->","yoast_head_json":{"title":"Togo- Renforcement de l\u2019axe P\u00e9kin-Lom\u00e9 : la repr\u00e9sentation nationale fait un pas de plus - Togo","description":"La Chine et le Togo renforcent davantage leur coop\u00e9ration bilat\u00e9rale. Ce mercredi 29 juin 2022, une d\u00e9l\u00e9gation chinoi ...","robots":{"index":"index","follow":"follow","max-snippet":"max-snippet:-1","max-image-preview":"max-image-preview:large","max-video-preview":"max-video-preview:-1"},"canonical":"https:\/\/www.africa-press.net\/togo\/politique\/togo-renforcement-de-laxe-pekin-lome-la-representation-nationale-fait-un-pas-de-plus","og_locale":"fr_FR","og_type":"article","og_title":"Togo- Renforcement de l\u2019axe P\u00e9kin-Lom\u00e9 : la repr\u00e9sentation nationale fait un pas de plus","og_description":"La Chine et le Togo renforcent davantage leur coop\u00e9ration bilat\u00e9rale. Ce mercredi 29 juin 2022, une d\u00e9l\u00e9gation chinoi ...","og_url":"https:\/\/www.africa-press.net\/togo\/politique\/togo-renforcement-de-laxe-pekin-lome-la-representation-nationale-fait-un-pas-de-plus","og_site_name":"Togo","article_published_time":"2022-06-30T17:57:40+00:00","article_modified_time":"2022-06-30T18:09:54+00:00","og_image":[{"width":1280,"height":800,"url":"https:\/\/static.africa-press.net\/togo\/sites\/58\/2022\/06\/postQueueImg_19-62bde6d97ff93.jpg","type":"image\/jpeg"}],"author":"cfeditorfr","twitter_card":"summary_large_image","twitter_misc":{"\u00c9crit par":"cfeditorfr","Dur\u00e9e de lecture estim\u00e9e":"3 minutes"},"schema":{"@context":"https:\/\/schema.org","@graph":[{"@type":"Article","@id":"https:\/\/www.africa-press.net\/togo\/politique\/togo-renforcement-de-laxe-pekin-lome-la-representation-nationale-fait-un-pas-de-plus#article","isPartOf":{"@id":"https:\/\/www.africa-press.net\/togo\/politique\/togo-renforcement-de-laxe-pekin-lome-la-representation-nationale-fait-un-pas-de-plus"},"author":{"name":"cfeditorfr","@id":"https:\/\/www.africa-press.net\/togo\/#\/schema\/person\/2b1cf3cd81a31e3cd26889ca66d677f1"},"headline":"Togo- Renforcement de l\u2019axe P\u00e9kin-Lom\u00e9 : la repr\u00e9sentation nationale fait un pas de plus","datePublished":"2022-06-30T17:57:40+00:00","dateModified":"2022-06-30T18:09:54+00:00","mainEntityOfPage":{"@id":"https:\/\/www.africa-press.net\/togo\/politique\/togo-renforcement-de-laxe-pekin-lome-la-representation-nationale-fait-un-pas-de-plus"},"wordCount":698,"commentCount":0,"image":{"@id":"https:\/\/www.africa-press.net\/togo\/politique\/togo-renforcement-de-laxe-pekin-lome-la-representation-nationale-fait-un-pas-de-plus#primaryimage"},"thumbnailUrl":"https:\/\/static.africa-press.net\/togo\/sites\/58\/2022\/06\/postQueueImg_19-62bde6d97ff93.jpg","keywords":["Actualit\u00e9 Togo","Africa Press","Africa Press-Togo","Assembl\u00e9e Nationale","Axe P\u00e9kin-Lom\u00e9","Togo"],"articleSection":["homepage-french","Politique","Top Nouvelles","Toutes les actualit\u00e9s"],"inLanguage":"fr-FR","potentialAction":[{"@type":"CommentAction","name":"Comment","target":["https:\/\/www.africa-press.net\/togo\/politique\/togo-renforcement-de-laxe-pekin-lome-la-representation-nationale-fait-un-pas-de-plus#respond"]}]},{"@type":"WebPage","@id":"https:\/\/www.africa-press.net\/togo\/politique\/togo-renforcement-de-laxe-pekin-lome-la-representation-nationale-fait-un-pas-de-plus","url":"https:\/\/www.africa-press.net\/togo\/politique\/togo-renforcement-de-laxe-pekin-lome-la-representation-nationale-fait-un-pas-de-plus","name":"Togo- Renforcement de l\u2019axe P\u00e9kin-Lom\u00e9 : la repr\u00e9sentation nationale fait un pas de plus - Togo","isPartOf":{"@id":"https:\/\/www.africa-press.net\/togo\/#website"},"primaryImageOfPage":{"@id":"https:\/\/www.africa-press.net\/togo\/politique\/togo-renforcement-de-laxe-pekin-lome-la-representation-nationale-fait-un-pas-de-plus#primaryimage"},"image":{"@id":"https:\/\/www.africa-press.net\/togo\/politique\/togo-renforcement-de-laxe-pekin-lome-la-representation-nationale-fait-un-pas-de-plus#primaryimage"},"thumbnailUrl":"https:\/\/static.africa-press.net\/togo\/sites\/58\/2022\/06\/postQueueImg_19-62bde6d97ff93.jpg","datePublished":"2022-06-30T17:57:40+00:00","dateModified":"2022-06-30T18:09:54+00:00","author":{"@id":"https:\/\/www.africa-press.net\/togo\/#\/schema\/person\/2b1cf3cd81a31e3cd26889ca66d677f1"},"description":"La Chine et le Togo renforcent davantage leur coop\u00e9ration bilat\u00e9rale. Ce mercredi 29 juin 2022, une d\u00e9l\u00e9gation chinoi ...","breadcrumb":{"@id":"https:\/\/www.africa-press.net\/togo\/politique\/togo-renforcement-de-laxe-pekin-lome-la-representation-nationale-fait-un-pas-de-plus#breadcrumb"},"inLanguage":"fr-FR","potentialAction":[{"@type":"ReadAction","target":["https:\/\/www.africa-press.net\/togo\/politique\/togo-renforcement-de-laxe-pekin-lome-la-representation-nationale-fait-un-pas-de-plus"]}]},{"@type":"ImageObject","inLanguage":"fr-FR","@id":"https:\/\/www.africa-press.net\/togo\/politique\/togo-renforcement-de-laxe-pekin-lome-la-representation-nationale-fait-un-pas-de-plus#primaryimage","url":"https:\/\/static.africa-press.net\/togo\/sites\/58\/2022\/06\/postQueueImg_19-62bde6d97ff93.jpg","contentUrl":"https:\/\/static.africa-press.net\/togo\/sites\/58\/2022\/06\/postQueueImg_19-62bde6d97ff93.jpg","width":1280,"height":800,"caption":"Togo- Renforcement de l\u2019axe P\u00e9kin-Lom\u00e9 : la repr\u00e9sentation nationale fait un pas de plus"},{"@type":"BreadcrumbList","@id":"https:\/\/www.africa-press.net\/togo\/politique\/togo-renforcement-de-laxe-pekin-lome-la-representation-nationale-fait-un-pas-de-plus#breadcrumb","itemListElement":[{"@type":"ListItem","position":1,"name":"Accueil","item":"https:\/\/www.africa-press.net\/togo\/"},{"@type":"ListItem","position":2,"name":"Togo- Renforcement de l\u2019axe P\u00e9kin-Lom\u00e9 : la repr\u00e9sentation nationale fait un pas de plus"}]},{"@type":"WebSite","@id":"https:\/\/www.africa-press.net\/togo\/#website","url":"https:\/\/www.africa-press.net\/togo\/","name":"Togo","description":"Just another Africa News Agency Sites site","potentialAction":[{"@type":"SearchAction","target":{"@type":"EntryPoint","urlTemplate":"https:\/\/www.africa-press.net\/togo\/?s={search_term_string}"},"query-input":{"@type":"PropertyValueSpecification","valueRequired":true,"valueName":"search_term_string"}}],"inLanguage":"fr-FR"},{"@type":"Person","@id":"https:\/\/www.africa-press.net\/togo\/#\/schema\/person\/2b1cf3cd81a31e3cd26889ca66d677f1","name":"cfeditorfr"}]}},"_links":{"self":[{"href":"https:\/\/www.africa-press.net\/togo\/wp-json\/wp\/v2\/posts\/7162","targetHints":{"allow":["GET"]}}],"collection":[{"href":"https:\/\/www.africa-press.net\/togo\/wp-json\/wp\/v2\/posts"}],"about":[{"href":"https:\/\/www.africa-press.net\/togo\/wp-json\/wp\/v2\/types\/post"}],"author":[{"embeddable":true,"href":"https:\/\/www.africa-press.net\/togo\/wp-json\/wp\/v2\/users\/82"}],"replies":[{"embeddable":true,"href":"https:\/\/www.africa-press.net\/togo\/wp-json\/wp\/v2\/comments?post=7162"}],"version-history":[{"count":0,"href":"https:\/\/www.africa-press.net\/togo\/wp-json\/wp\/v2\/posts\/7162\/revisions"}],"wp:featuredmedia":[{"embeddable":true,"href":"https:\/\/www.africa-press.net\/togo\/wp-json\/wp\/v2\/media\/7161"}],"wp:attachment":[{"href":"https:\/\/www.africa-press.net\/togo\/wp-json\/wp\/v2\/media?parent=7162"}],"wp:term":[{"taxonomy":"category","embeddable":true,"href":"https:\/\/www.africa-press.net\/togo\/wp-json\/wp\/v2\/categories?post=7162"},{"taxonomy":"post_tag","embeddable":true,"href":"https:\/\/www.africa-press.net\/togo\/wp-json\/wp\/v2\/tags?post=7162"}],"curies":[{"name":"wp","href":"https:\/\/api.w.org\/{rel}","templated":true}]}}