{"id":7198,"date":"2022-07-01T18:15:50","date_gmt":"2022-07-01T18:15:50","guid":{"rendered":"https:\/\/www.africa-press.net\/togo\/politique\/togo-adhesion-au-commonwealth-qua-t-on-fait-de-la-francophonie"},"modified":"2022-07-01T18:37:50","modified_gmt":"2022-07-01T18:37:50","slug":"togo-adhesion-au-commonwealth-qua-t-on-fait-de-la-francophonie","status":"publish","type":"post","link":"https:\/\/www.africa-press.net\/togo\/politique\/togo-adhesion-au-commonwealth-qua-t-on-fait-de-la-francophonie","title":{"rendered":"Togo\/Adh\u00e9sion au Commonwealth : Qu\u2019a-t-on fait de la francophonie ?"},"content":{"rendered":"<p><span style=\"color: #ff6600\"><strong>Africa-Press &#8211; Togo. <\/strong><\/span>Le Togo est devenu depuis le 25 juin, le 55\u00e8me membre du Commonwealth \u00e0 l\u2019occasion du sommet de l\u2019organisation \u00e0 Kigali au Rwanda. L\u2019aboutissement d\u2019une d\u00e9marche de huit ans. Et il n\u2019en fallait pas plus pour voir le Chef de l\u2019Etat Faure Gnassingb\u00e9 pousser un ouf.<\/p>\n<p>\u00ab Je remercie les Etats membres du Commonwealth pour l\u2019acceptation de notre candidature en ce jour. L\u2019adh\u00e9sion du Togo \u00e0 cette grande famille est une \u00e9volution que nous avons souhait\u00e9e dans une perspective de renforcement de la coop\u00e9ration entre Etats et du brassage des peuples \u00bb, a-t-il post\u00e9.<\/p>\n<p>Le pouvoir de Lom\u00e9 aux antipodes des principes d\u00e9mocratiques et de l\u2019Etat de droit, valeurs cardinales et fondatrices du Commonwealth, dit plut\u00f4t avoir gagn\u00e9 d\u2019espace \u00e9conomique et diplomatique.<\/p>\n<p>Soit ! Mais au fond, qu\u2019est-ce que le petit march\u00e9 togolais peut proposer aux ogres du Commonwealth ? Le pays de Faure Gnassingb\u00e9 malgr\u00e9 ses richesses, vit beaucoup plus au crochet de l\u2019importation.<\/p>\n<p>A ce titre, on peut facilement imaginer ce qu\u2019on gagnera in concreto sur le plan \u00e9conomique. L\u2019organisation est compos\u00e9e essentiellement des pays anglophones dont la propension \u00e0 la bonne gouvernance est plus prononc\u00e9e.<\/p>\n<p>C\u2019est d\u2019ailleurs ce qui leur permet de tenir la comparaison sur le march\u00e9. Tout le contraire pour le Togo gangren\u00e9 par la grande corruption, l\u2019impunit\u00e9 et l\u2019injustice sociale. Au fond, Commonwealth ne changera rien du Togo si la gouvernance m\u00eame du Togo ne change pas. Des pays francophones dont la C\u00f4te d\u2019Ivoire, le S\u00e9n\u00e9gal n\u2019ont pas bataill\u00e9 pour une adh\u00e9sion \u00e0 cette organisation avant d\u2019amorcer leur v\u00e9ritable d\u00e9collage.<\/p>\n<p>Au vrai, qu\u2019a-t-on fait de la Francophonie avant de s\u2019extasier devant l\u2019acceptation du Togo au Commonwealth ? Les vrais enjeux sont bien ailleurs que cette course effr\u00e9n\u00e9e \u00e0 l\u2019exhibitionnisme \u00e0 tout va.<\/p>\n<p><strong>Pour plus d&rsquo;informations et d&rsquo;analyses sur la <a href=\"https:\/\/www.africa-press.net\/togo\">Togo<\/a>, suivez <a href=\"https:\/\/www.africa-press.net\/\">Africa-Press<\/a><\/strong><\/p>\n","protected":false},"excerpt":{"rendered":"<p>Africa-Press &#8211; Togo. Le Togo est devenu depuis le 25 juin, le 55\u00e8me membre du Commonwealth \u00e0 l\u2019occasion du sommet de l\u2019organisation \u00e0 Kigali au Rwanda. L\u2019aboutissement d\u2019une d\u00e9marche de huit ans. Et il n\u2019en fallait pas plus pour voir le Chef de l\u2019Etat Faure Gnassingb\u00e9 pousser un ouf. \u00ab Je remercie les Etats membres [&hellip;]<\/p>\n","protected":false},"author":82,"featured_media":7197,"comment_status":"open","ping_status":"closed","sticky":false,"template":"","format":"standard","meta":{"footnotes":""},"categories":[7,11,2,20,10],"tags":[36,49,264,1840,50],"class_list":["post-7198","post","type-post","status-publish","format-standard","has-post-thumbnail","hentry","category-dossiers","category-homepage-french","category-politique","category-top-nouvelles","category-toutes-les-actualites","tag-africa-press","tag-africa-press-togo","tag-faure-gnassingbe","tag-francophonie","tag-togo"],"yoast_head":"<!-- This site is optimized with the Yoast SEO Premium plugin v26.1 (Yoast SEO v27.0) - https:\/\/yoast.com\/product\/yoast-seo-premium-wordpress\/ -->\n<title>Togo\/Adh\u00e9sion au Commonwealth : Qu\u2019a-t-on fait de la francophonie ? - Togo<\/title>\n<meta name=\"description\" content=\"Le Togo est devenu depuis le 25 juin, le 55\u00e8me membre du Commonwealth \u00e0 l\u2019occasion du sommet de l\u2019organisation \u00e0 Kigali ...\" \/>\n<meta name=\"robots\" content=\"index, follow, max-snippet:-1, max-image-preview:large, max-video-preview:-1\" \/>\n<link rel=\"canonical\" href=\"https:\/\/www.africa-press.net\/togo\/politique\/togo-adhesion-au-commonwealth-qua-t-on-fait-de-la-francophonie\" \/>\n<meta property=\"og:locale\" content=\"fr_FR\" \/>\n<meta property=\"og:type\" content=\"article\" \/>\n<meta property=\"og:title\" content=\"Togo\/Adh\u00e9sion au Commonwealth : Qu\u2019a-t-on fait de la francophonie ?\" \/>\n<meta property=\"og:description\" content=\"Le Togo est devenu depuis le 25 juin, le 55\u00e8me membre du Commonwealth \u00e0 l\u2019occasion du sommet de l\u2019organisation \u00e0 Kigali ...\" \/>\n<meta property=\"og:url\" content=\"https:\/\/www.africa-press.net\/togo\/politique\/togo-adhesion-au-commonwealth-qua-t-on-fait-de-la-francophonie\" \/>\n<meta property=\"og:site_name\" content=\"Togo\" \/>\n<meta property=\"article:published_time\" content=\"2022-07-01T18:15:50+00:00\" \/>\n<meta property=\"article:modified_time\" content=\"2022-07-01T18:37:50+00:00\" \/>\n<meta property=\"og:image\" content=\"https:\/\/static.africa-press.net\/togo\/sites\/58\/2022\/07\/postQueueImg_19.jpg\" \/>\n\t<meta property=\"og:image:width\" content=\"720\" \/>\n\t<meta property=\"og:image:height\" content=\"480\" \/>\n\t<meta property=\"og:image:type\" content=\"image\/jpeg\" \/>\n<meta name=\"author\" content=\"cfeditorfr\" \/>\n<meta name=\"twitter:card\" content=\"summary_large_image\" \/>\n<meta name=\"twitter:label1\" content=\"\u00c9crit par\" \/>\n\t<meta name=\"twitter:data1\" content=\"cfeditorfr\" \/>\n\t<meta name=\"twitter:label2\" content=\"Dur\u00e9e de lecture estim\u00e9e\" \/>\n\t<meta name=\"twitter:data2\" content=\"2 minutes\" \/>\n<script type=\"application\/ld+json\" class=\"yoast-schema-graph\">{\"@context\":\"https:\/\/schema.org\",\"@graph\":[{\"@type\":\"Article\",\"@id\":\"https:\/\/www.africa-press.net\/togo\/politique\/togo-adhesion-au-commonwealth-qua-t-on-fait-de-la-francophonie#article\",\"isPartOf\":{\"@id\":\"https:\/\/www.africa-press.net\/togo\/politique\/togo-adhesion-au-commonwealth-qua-t-on-fait-de-la-francophonie\"},\"author\":{\"name\":\"cfeditorfr\",\"@id\":\"https:\/\/www.africa-press.net\/togo\/#\/schema\/person\/2b1cf3cd81a31e3cd26889ca66d677f1\"},\"headline\":\"Togo\/Adh\u00e9sion au Commonwealth : Qu\u2019a-t-on fait de la francophonie ?\",\"datePublished\":\"2022-07-01T18:15:50+00:00\",\"dateModified\":\"2022-07-01T18:37:50+00:00\",\"mainEntityOfPage\":{\"@id\":\"https:\/\/www.africa-press.net\/togo\/politique\/togo-adhesion-au-commonwealth-qua-t-on-fait-de-la-francophonie\"},\"wordCount\":343,\"commentCount\":0,\"image\":{\"@id\":\"https:\/\/www.africa-press.net\/togo\/politique\/togo-adhesion-au-commonwealth-qua-t-on-fait-de-la-francophonie#primaryimage\"},\"thumbnailUrl\":\"https:\/\/static.africa-press.net\/togo\/sites\/58\/2022\/07\/postQueueImg_19.jpg\",\"keywords\":[\"Africa Press\",\"Africa Press-Togo\",\"Faure Gnassingb\u00e9\",\"francophonie\",\"Togo\"],\"articleSection\":[\"Dossiers\",\"homepage-french\",\"Politique\",\"Top Nouvelles\",\"Toutes les actualit\u00e9s\"],\"inLanguage\":\"fr-FR\",\"potentialAction\":[{\"@type\":\"CommentAction\",\"name\":\"Comment\",\"target\":[\"https:\/\/www.africa-press.net\/togo\/politique\/togo-adhesion-au-commonwealth-qua-t-on-fait-de-la-francophonie#respond\"]}]},{\"@type\":\"WebPage\",\"@id\":\"https:\/\/www.africa-press.net\/togo\/politique\/togo-adhesion-au-commonwealth-qua-t-on-fait-de-la-francophonie\",\"url\":\"https:\/\/www.africa-press.net\/togo\/politique\/togo-adhesion-au-commonwealth-qua-t-on-fait-de-la-francophonie\",\"name\":\"Togo\/Adh\u00e9sion au Commonwealth : Qu\u2019a-t-on fait de la francophonie ? - Togo\",\"isPartOf\":{\"@id\":\"https:\/\/www.africa-press.net\/togo\/#website\"},\"primaryImageOfPage\":{\"@id\":\"https:\/\/www.africa-press.net\/togo\/politique\/togo-adhesion-au-commonwealth-qua-t-on-fait-de-la-francophonie#primaryimage\"},\"image\":{\"@id\":\"https:\/\/www.africa-press.net\/togo\/politique\/togo-adhesion-au-commonwealth-qua-t-on-fait-de-la-francophonie#primaryimage\"},\"thumbnailUrl\":\"https:\/\/static.africa-press.net\/togo\/sites\/58\/2022\/07\/postQueueImg_19.jpg\",\"datePublished\":\"2022-07-01T18:15:50+00:00\",\"dateModified\":\"2022-07-01T18:37:50+00:00\",\"author\":{\"@id\":\"https:\/\/www.africa-press.net\/togo\/#\/schema\/person\/2b1cf3cd81a31e3cd26889ca66d677f1\"},\"description\":\"Le Togo est devenu depuis le 25 juin, le 55\u00e8me membre du Commonwealth \u00e0 l\u2019occasion du sommet de l\u2019organisation \u00e0 Kigali ...\",\"breadcrumb\":{\"@id\":\"https:\/\/www.africa-press.net\/togo\/politique\/togo-adhesion-au-commonwealth-qua-t-on-fait-de-la-francophonie#breadcrumb\"},\"inLanguage\":\"fr-FR\",\"potentialAction\":[{\"@type\":\"ReadAction\",\"target\":[\"https:\/\/www.africa-press.net\/togo\/politique\/togo-adhesion-au-commonwealth-qua-t-on-fait-de-la-francophonie\"]}]},{\"@type\":\"ImageObject\",\"inLanguage\":\"fr-FR\",\"@id\":\"https:\/\/www.africa-press.net\/togo\/politique\/togo-adhesion-au-commonwealth-qua-t-on-fait-de-la-francophonie#primaryimage\",\"url\":\"https:\/\/static.africa-press.net\/togo\/sites\/58\/2022\/07\/postQueueImg_19.jpg\",\"contentUrl\":\"https:\/\/static.africa-press.net\/togo\/sites\/58\/2022\/07\/postQueueImg_19.jpg\",\"width\":720,\"height\":480,\"caption\":\"Togo\/Adh\u00e9sion au Commonwealth : Qu\u2019a-t-on fait de la francophonie ?\"},{\"@type\":\"BreadcrumbList\",\"@id\":\"https:\/\/www.africa-press.net\/togo\/politique\/togo-adhesion-au-commonwealth-qua-t-on-fait-de-la-francophonie#breadcrumb\",\"itemListElement\":[{\"@type\":\"ListItem\",\"position\":1,\"name\":\"Accueil\",\"item\":\"https:\/\/www.africa-press.net\/togo\/\"},{\"@type\":\"ListItem\",\"position\":2,\"name\":\"Togo\/Adh\u00e9sion au Commonwealth : Qu\u2019a-t-on fait de la francophonie ?\"}]},{\"@type\":\"WebSite\",\"@id\":\"https:\/\/www.africa-press.net\/togo\/#website\",\"url\":\"https:\/\/www.africa-press.net\/togo\/\",\"name\":\"Togo\",\"description\":\"Just another Africa News Agency Sites site\",\"potentialAction\":[{\"@type\":\"SearchAction\",\"target\":{\"@type\":\"EntryPoint\",\"urlTemplate\":\"https:\/\/www.africa-press.net\/togo\/?s={search_term_string}\"},\"query-input\":{\"@type\":\"PropertyValueSpecification\",\"valueRequired\":true,\"valueName\":\"search_term_string\"}}],\"inLanguage\":\"fr-FR\"},{\"@type\":\"Person\",\"@id\":\"https:\/\/www.africa-press.net\/togo\/#\/schema\/person\/2b1cf3cd81a31e3cd26889ca66d677f1\",\"name\":\"cfeditorfr\"}]}<\/script>\n<!-- \/ Yoast SEO Premium plugin. -->","yoast_head_json":{"title":"Togo\/Adh\u00e9sion au Commonwealth : Qu\u2019a-t-on fait de la francophonie ? - Togo","description":"Le Togo est devenu depuis le 25 juin, le 55\u00e8me membre du Commonwealth \u00e0 l\u2019occasion du sommet de l\u2019organisation \u00e0 Kigali ...","robots":{"index":"index","follow":"follow","max-snippet":"max-snippet:-1","max-image-preview":"max-image-preview:large","max-video-preview":"max-video-preview:-1"},"canonical":"https:\/\/www.africa-press.net\/togo\/politique\/togo-adhesion-au-commonwealth-qua-t-on-fait-de-la-francophonie","og_locale":"fr_FR","og_type":"article","og_title":"Togo\/Adh\u00e9sion au Commonwealth : Qu\u2019a-t-on fait de la francophonie ?","og_description":"Le Togo est devenu depuis le 25 juin, le 55\u00e8me membre du Commonwealth \u00e0 l\u2019occasion du sommet de l\u2019organisation \u00e0 Kigali ...","og_url":"https:\/\/www.africa-press.net\/togo\/politique\/togo-adhesion-au-commonwealth-qua-t-on-fait-de-la-francophonie","og_site_name":"Togo","article_published_time":"2022-07-01T18:15:50+00:00","article_modified_time":"2022-07-01T18:37:50+00:00","og_image":[{"width":720,"height":480,"url":"https:\/\/static.africa-press.net\/togo\/sites\/58\/2022\/07\/postQueueImg_19.jpg","type":"image\/jpeg"}],"author":"cfeditorfr","twitter_card":"summary_large_image","twitter_misc":{"\u00c9crit par":"cfeditorfr","Dur\u00e9e de lecture estim\u00e9e":"2 minutes"},"schema":{"@context":"https:\/\/schema.org","@graph":[{"@type":"Article","@id":"https:\/\/www.africa-press.net\/togo\/politique\/togo-adhesion-au-commonwealth-qua-t-on-fait-de-la-francophonie#article","isPartOf":{"@id":"https:\/\/www.africa-press.net\/togo\/politique\/togo-adhesion-au-commonwealth-qua-t-on-fait-de-la-francophonie"},"author":{"name":"cfeditorfr","@id":"https:\/\/www.africa-press.net\/togo\/#\/schema\/person\/2b1cf3cd81a31e3cd26889ca66d677f1"},"headline":"Togo\/Adh\u00e9sion au Commonwealth : Qu\u2019a-t-on fait de la francophonie ?","datePublished":"2022-07-01T18:15:50+00:00","dateModified":"2022-07-01T18:37:50+00:00","mainEntityOfPage":{"@id":"https:\/\/www.africa-press.net\/togo\/politique\/togo-adhesion-au-commonwealth-qua-t-on-fait-de-la-francophonie"},"wordCount":343,"commentCount":0,"image":{"@id":"https:\/\/www.africa-press.net\/togo\/politique\/togo-adhesion-au-commonwealth-qua-t-on-fait-de-la-francophonie#primaryimage"},"thumbnailUrl":"https:\/\/static.africa-press.net\/togo\/sites\/58\/2022\/07\/postQueueImg_19.jpg","keywords":["Africa Press","Africa Press-Togo","Faure Gnassingb\u00e9","francophonie","Togo"],"articleSection":["Dossiers","homepage-french","Politique","Top Nouvelles","Toutes les actualit\u00e9s"],"inLanguage":"fr-FR","potentialAction":[{"@type":"CommentAction","name":"Comment","target":["https:\/\/www.africa-press.net\/togo\/politique\/togo-adhesion-au-commonwealth-qua-t-on-fait-de-la-francophonie#respond"]}]},{"@type":"WebPage","@id":"https:\/\/www.africa-press.net\/togo\/politique\/togo-adhesion-au-commonwealth-qua-t-on-fait-de-la-francophonie","url":"https:\/\/www.africa-press.net\/togo\/politique\/togo-adhesion-au-commonwealth-qua-t-on-fait-de-la-francophonie","name":"Togo\/Adh\u00e9sion au Commonwealth : Qu\u2019a-t-on fait de la francophonie ? - Togo","isPartOf":{"@id":"https:\/\/www.africa-press.net\/togo\/#website"},"primaryImageOfPage":{"@id":"https:\/\/www.africa-press.net\/togo\/politique\/togo-adhesion-au-commonwealth-qua-t-on-fait-de-la-francophonie#primaryimage"},"image":{"@id":"https:\/\/www.africa-press.net\/togo\/politique\/togo-adhesion-au-commonwealth-qua-t-on-fait-de-la-francophonie#primaryimage"},"thumbnailUrl":"https:\/\/static.africa-press.net\/togo\/sites\/58\/2022\/07\/postQueueImg_19.jpg","datePublished":"2022-07-01T18:15:50+00:00","dateModified":"2022-07-01T18:37:50+00:00","author":{"@id":"https:\/\/www.africa-press.net\/togo\/#\/schema\/person\/2b1cf3cd81a31e3cd26889ca66d677f1"},"description":"Le Togo est devenu depuis le 25 juin, le 55\u00e8me membre du Commonwealth \u00e0 l\u2019occasion du sommet de l\u2019organisation \u00e0 Kigali ...","breadcrumb":{"@id":"https:\/\/www.africa-press.net\/togo\/politique\/togo-adhesion-au-commonwealth-qua-t-on-fait-de-la-francophonie#breadcrumb"},"inLanguage":"fr-FR","potentialAction":[{"@type":"ReadAction","target":["https:\/\/www.africa-press.net\/togo\/politique\/togo-adhesion-au-commonwealth-qua-t-on-fait-de-la-francophonie"]}]},{"@type":"ImageObject","inLanguage":"fr-FR","@id":"https:\/\/www.africa-press.net\/togo\/politique\/togo-adhesion-au-commonwealth-qua-t-on-fait-de-la-francophonie#primaryimage","url":"https:\/\/static.africa-press.net\/togo\/sites\/58\/2022\/07\/postQueueImg_19.jpg","contentUrl":"https:\/\/static.africa-press.net\/togo\/sites\/58\/2022\/07\/postQueueImg_19.jpg","width":720,"height":480,"caption":"Togo\/Adh\u00e9sion au Commonwealth : Qu\u2019a-t-on fait de la francophonie ?"},{"@type":"BreadcrumbList","@id":"https:\/\/www.africa-press.net\/togo\/politique\/togo-adhesion-au-commonwealth-qua-t-on-fait-de-la-francophonie#breadcrumb","itemListElement":[{"@type":"ListItem","position":1,"name":"Accueil","item":"https:\/\/www.africa-press.net\/togo\/"},{"@type":"ListItem","position":2,"name":"Togo\/Adh\u00e9sion au Commonwealth : Qu\u2019a-t-on fait de la francophonie ?"}]},{"@type":"WebSite","@id":"https:\/\/www.africa-press.net\/togo\/#website","url":"https:\/\/www.africa-press.net\/togo\/","name":"Togo","description":"Just another Africa News Agency Sites site","potentialAction":[{"@type":"SearchAction","target":{"@type":"EntryPoint","urlTemplate":"https:\/\/www.africa-press.net\/togo\/?s={search_term_string}"},"query-input":{"@type":"PropertyValueSpecification","valueRequired":true,"valueName":"search_term_string"}}],"inLanguage":"fr-FR"},{"@type":"Person","@id":"https:\/\/www.africa-press.net\/togo\/#\/schema\/person\/2b1cf3cd81a31e3cd26889ca66d677f1","name":"cfeditorfr"}]}},"_links":{"self":[{"href":"https:\/\/www.africa-press.net\/togo\/wp-json\/wp\/v2\/posts\/7198","targetHints":{"allow":["GET"]}}],"collection":[{"href":"https:\/\/www.africa-press.net\/togo\/wp-json\/wp\/v2\/posts"}],"about":[{"href":"https:\/\/www.africa-press.net\/togo\/wp-json\/wp\/v2\/types\/post"}],"author":[{"embeddable":true,"href":"https:\/\/www.africa-press.net\/togo\/wp-json\/wp\/v2\/users\/82"}],"replies":[{"embeddable":true,"href":"https:\/\/www.africa-press.net\/togo\/wp-json\/wp\/v2\/comments?post=7198"}],"version-history":[{"count":0,"href":"https:\/\/www.africa-press.net\/togo\/wp-json\/wp\/v2\/posts\/7198\/revisions"}],"wp:featuredmedia":[{"embeddable":true,"href":"https:\/\/www.africa-press.net\/togo\/wp-json\/wp\/v2\/media\/7197"}],"wp:attachment":[{"href":"https:\/\/www.africa-press.net\/togo\/wp-json\/wp\/v2\/media?parent=7198"}],"wp:term":[{"taxonomy":"category","embeddable":true,"href":"https:\/\/www.africa-press.net\/togo\/wp-json\/wp\/v2\/categories?post=7198"},{"taxonomy":"post_tag","embeddable":true,"href":"https:\/\/www.africa-press.net\/togo\/wp-json\/wp\/v2\/tags?post=7198"}],"curies":[{"name":"wp","href":"https:\/\/api.w.org\/{rel}","templated":true}]}}