{"id":7639,"date":"2022-07-10T15:14:44","date_gmt":"2022-07-10T15:14:44","guid":{"rendered":"https:\/\/www.africa-press.net\/togo\/politique\/togo-47e-session-de-lassemblee-parlementaire-de-la-francophonie-a-kigali-une-delegation-de-parlementaires-participe-aux-travaux"},"modified":"2022-07-10T15:17:39","modified_gmt":"2022-07-10T15:17:39","slug":"togo-47e-session-de-lassemblee-parlementaire-de-la-francophonie-a-kigali-une-delegation-de-parlementaires-participe-aux-travaux","status":"publish","type":"post","link":"https:\/\/www.africa-press.net\/togo\/politique\/togo-47e-session-de-lassemblee-parlementaire-de-la-francophonie-a-kigali-une-delegation-de-parlementaires-participe-aux-travaux","title":{"rendered":"Togo- 47\u00e8 session de l\u2019Assembl\u00e9e Parlementaire de la Francophonie \u00e0 Kigali : Une d\u00e9l\u00e9gation de parlementaires participe aux travaux"},"content":{"rendered":"<p><span style=\"color: #ff6600\"><strong>Africa-Press &#8211; Togo. <\/strong><\/span><b>La 47\u00e8 session de l\u2019assembl\u00e9e parlementaire de la Francophonie (APF) se tient \u00e0 Kigali au Rwanda, du 05 au 09 juillet 2022. La d\u00e9l\u00e9gation togolaise conduite par l\u2019honorable Germaine Koum\u00e9alo Anat\u00e9 prend part activement aux travaux qui ont d\u00e9but\u00e9 le 5 juillet par la r\u00e9union du bureau de l\u2019APF. Elle est compos\u00e9e, outre la d\u00e9put\u00e9e Germaine Koum\u00e9alo Anat\u00e9, les d\u00e9put\u00e9s Molgah Abougnima, Kossi Akakpo Hounakey et Eko\u00e9 Kini, le chef de Cabinet de la Pr\u00e9sidente de l\u2019Assembl\u00e9e nationale.<\/b><\/p>\n<p>La th\u00e9matique retenue \u00e0 cet effet, est ax\u00e9e sur la gouvernance mondiale, le r\u00f4le des parlementaires pour une paix durable.<\/p>\n<p>L\u2019assembl\u00e9e pl\u00e9ni\u00e8re a lieu ce vendredi 8 juillet 2022. Le pr\u00e9sident de l\u2019Assembl\u00e9e nationale ivoirienne, Adama Bictogo, \u00e9galement pr\u00e9sident de l\u2019APF, a pr\u00e9sid\u00e9 la c\u00e9r\u00e9monie d\u2019ouverture qui a vu la pr\u00e9sence de la pr\u00e9sidente de la chambre des d\u00e9put\u00e9s, Donatille Mukabalisa et de Edouard Ngirente, Premier ministre du Rwanda.<\/p>\n<p>La d\u00e9l\u00e9gation des parlementaires de l\u2019Assembl\u00e9e nationale togolaise a particip\u00e9 aux d\u00e9bats aux c\u00f4t\u00e9s des autres d\u00e9l\u00e9gu\u00e9s des pays membres de l\u2019APF. Ils ont convenu que la diplomatie parlementaire est un instrument essentiel \u00e0 la consolidation de la paix mondiale.<\/p>\n<p>A cette c\u00e9r\u00e9monie, M. Bruno Fuchs a \u00e9t\u00e9 d\u00e9sign\u00e9 Secr\u00e9taire g\u00e9n\u00e9ral parlementaire par int\u00e9rim de l\u2019APF. Le successeur d\u2019Adama Bictogo a \u00e9t\u00e9 \u00e9lu par la m\u00eame occasion. Il s\u2019agit du canadien Francis Drouin qui va pr\u00e9sider l\u2019APF d\u00e8s ce 9 juillet 2022.<\/p>\n<p>En pr\u00e9lude \u00e0 l\u2019assembl\u00e9e pl\u00e9ni\u00e8re, le bureau de l\u2019APF a d\u00e9lib\u00e9r\u00e9 sur la r\u00e9forme des statuts de l\u2019Assembl\u00e9e, les accords de partenariat, la consultation des rapports des commissions permanentes et des r\u00e9seaux parlementaires, les rapports des charg\u00e9s de missions aux niveaux r\u00e9gionaux, et les projets pluriannuels des th\u00e8mes de d\u00e9bat l\u00e9gislatif.<\/p>\n<p>Les \u00e9changes ont \u00e9galement port\u00e9 sur les orientations strat\u00e9giques \u00e0 envisager pour que l\u2019APF soit davantage au service du bien-\u00eatre des populations et pour la construction d\u2019un espace francophone plus juste, plus durable et plus inclusif.<\/p>\n<p>En outre, les participants ont abord\u00e9 le programme de coop\u00e9ration parlementaire et ont pris connaissance de l\u2019\u00e9tat d\u2019avancement de la mise en \u0153uvre du cadre strat\u00e9gique de l\u2019Assembl\u00e9e pour la p\u00e9riode 2019-2022 et la mise en place du nouveau projet de cadre strat\u00e9gique pour la p\u00e9riode 2023-2026.<\/p>\n<p>La d\u00e9l\u00e9gation togolaise a aussi particip\u00e9 aux r\u00e9unions du R\u00e9seau des femmes parlementaires et du R\u00e9seau des jeunes parlementaires, ainsi qu\u2019aux r\u00e9unions des commissions permanentes.<\/p>\n<p>Assembl\u00e9e nationale<\/p>\n<p><strong>Pour plus d&rsquo;informations et d&rsquo;analyses sur la <a href=\"https:\/\/www.africa-press.net\/togo\">Togo<\/a>, suivez <a href=\"https:\/\/www.africa-press.net\/\">Africa-Press<\/a><\/strong><\/p>\n","protected":false},"excerpt":{"rendered":"<p>Africa-Press &#8211; Togo. La 47\u00e8 session de l\u2019assembl\u00e9e parlementaire de la Francophonie (APF) se tient \u00e0 Kigali au Rwanda, du 05 au 09 juillet 2022. La d\u00e9l\u00e9gation togolaise conduite par l\u2019honorable Germaine Koum\u00e9alo Anat\u00e9 prend part activement aux travaux qui ont d\u00e9but\u00e9 le 5 juillet par la r\u00e9union du bureau de l\u2019APF. Elle est compos\u00e9e, [&hellip;]<\/p>\n","protected":false},"author":82,"featured_media":7638,"comment_status":"open","ping_status":"closed","sticky":false,"template":"","format":"standard","meta":{"footnotes":""},"categories":[11,2,10],"tags":[438,36,49,480,1840,50],"class_list":["post-7639","post","type-post","status-publish","format-standard","has-post-thumbnail","hentry","category-homepage-french","category-politique","category-toutes-les-actualites","tag-actualite-togo","tag-africa-press","tag-africa-press-togo","tag-assemblee-nationale","tag-francophonie","tag-togo"],"yoast_head":"<!-- This site is optimized with the Yoast SEO Premium plugin v26.1 (Yoast SEO v27.0) - https:\/\/yoast.com\/product\/yoast-seo-premium-wordpress\/ -->\n<title>Togo- 47\u00e8 session de l\u2019Assembl\u00e9e Parlementaire de la Francophonie \u00e0 Kigali : Une d\u00e9l\u00e9gation de parlementaires participe aux travaux - Togo<\/title>\n<meta name=\"description\" content=\"La 47\u00e8 session de l\u2019assembl\u00e9e parlementaire de la Francophonie (APF) se tient \u00e0 Kigali au Rwanda, du 05 au 09 juillet ...\" \/>\n<meta name=\"robots\" content=\"index, follow, max-snippet:-1, max-image-preview:large, max-video-preview:-1\" \/>\n<link rel=\"canonical\" href=\"https:\/\/www.africa-press.net\/togo\/politique\/togo-47e-session-de-lassemblee-parlementaire-de-la-francophonie-a-kigali-une-delegation-de-parlementaires-participe-aux-travaux\" \/>\n<meta property=\"og:locale\" content=\"fr_FR\" \/>\n<meta property=\"og:type\" content=\"article\" \/>\n<meta property=\"og:title\" content=\"Togo- 47\u00e8 session de l\u2019Assembl\u00e9e Parlementaire de la Francophonie \u00e0 Kigali : Une d\u00e9l\u00e9gation de parlementaires participe aux travaux\" \/>\n<meta property=\"og:description\" content=\"La 47\u00e8 session de l\u2019assembl\u00e9e parlementaire de la Francophonie (APF) se tient \u00e0 Kigali au Rwanda, du 05 au 09 juillet ...\" \/>\n<meta property=\"og:url\" content=\"https:\/\/www.africa-press.net\/togo\/politique\/togo-47e-session-de-lassemblee-parlementaire-de-la-francophonie-a-kigali-une-delegation-de-parlementaires-participe-aux-travaux\" \/>\n<meta property=\"og:site_name\" content=\"Togo\" \/>\n<meta property=\"article:published_time\" content=\"2022-07-10T15:14:44+00:00\" \/>\n<meta property=\"article:modified_time\" content=\"2022-07-10T15:17:39+00:00\" \/>\n<meta property=\"og:image\" content=\"https:\/\/static.africa-press.net\/togo\/sites\/58\/2022\/07\/postQueueImg_1-62caed619e488.jpg\" \/>\n\t<meta property=\"og:image:width\" content=\"1280\" \/>\n\t<meta property=\"og:image:height\" content=\"800\" \/>\n\t<meta property=\"og:image:type\" content=\"image\/jpeg\" \/>\n<meta name=\"author\" content=\"cfeditorfr\" \/>\n<meta name=\"twitter:card\" content=\"summary_large_image\" \/>\n<meta name=\"twitter:label1\" content=\"\u00c9crit par\" \/>\n\t<meta name=\"twitter:data1\" content=\"cfeditorfr\" \/>\n\t<meta name=\"twitter:label2\" content=\"Dur\u00e9e de lecture estim\u00e9e\" \/>\n\t<meta name=\"twitter:data2\" content=\"2 minutes\" \/>\n<script type=\"application\/ld+json\" class=\"yoast-schema-graph\">{\"@context\":\"https:\/\/schema.org\",\"@graph\":[{\"@type\":\"Article\",\"@id\":\"https:\/\/www.africa-press.net\/togo\/politique\/togo-47e-session-de-lassemblee-parlementaire-de-la-francophonie-a-kigali-une-delegation-de-parlementaires-participe-aux-travaux#article\",\"isPartOf\":{\"@id\":\"https:\/\/www.africa-press.net\/togo\/politique\/togo-47e-session-de-lassemblee-parlementaire-de-la-francophonie-a-kigali-une-delegation-de-parlementaires-participe-aux-travaux\"},\"author\":{\"name\":\"cfeditorfr\",\"@id\":\"https:\/\/www.africa-press.net\/togo\/#\/schema\/person\/2b1cf3cd81a31e3cd26889ca66d677f1\"},\"headline\":\"Togo- 47\u00e8 session de l\u2019Assembl\u00e9e Parlementaire de la Francophonie \u00e0 Kigali : Une d\u00e9l\u00e9gation de parlementaires participe aux travaux\",\"datePublished\":\"2022-07-10T15:14:44+00:00\",\"dateModified\":\"2022-07-10T15:17:39+00:00\",\"mainEntityOfPage\":{\"@id\":\"https:\/\/www.africa-press.net\/togo\/politique\/togo-47e-session-de-lassemblee-parlementaire-de-la-francophonie-a-kigali-une-delegation-de-parlementaires-participe-aux-travaux\"},\"wordCount\":512,\"commentCount\":0,\"image\":{\"@id\":\"https:\/\/www.africa-press.net\/togo\/politique\/togo-47e-session-de-lassemblee-parlementaire-de-la-francophonie-a-kigali-une-delegation-de-parlementaires-participe-aux-travaux#primaryimage\"},\"thumbnailUrl\":\"https:\/\/static.africa-press.net\/togo\/sites\/58\/2022\/07\/postQueueImg_1-62caed619e488.jpg\",\"keywords\":[\"Actualit\u00e9 Togo\",\"Africa Press\",\"Africa Press-Togo\",\"Assembl\u00e9e Nationale\",\"francophonie\",\"Togo\"],\"articleSection\":[\"homepage-french\",\"Politique\",\"Toutes les actualit\u00e9s\"],\"inLanguage\":\"fr-FR\",\"potentialAction\":[{\"@type\":\"CommentAction\",\"name\":\"Comment\",\"target\":[\"https:\/\/www.africa-press.net\/togo\/politique\/togo-47e-session-de-lassemblee-parlementaire-de-la-francophonie-a-kigali-une-delegation-de-parlementaires-participe-aux-travaux#respond\"]}]},{\"@type\":\"WebPage\",\"@id\":\"https:\/\/www.africa-press.net\/togo\/politique\/togo-47e-session-de-lassemblee-parlementaire-de-la-francophonie-a-kigali-une-delegation-de-parlementaires-participe-aux-travaux\",\"url\":\"https:\/\/www.africa-press.net\/togo\/politique\/togo-47e-session-de-lassemblee-parlementaire-de-la-francophonie-a-kigali-une-delegation-de-parlementaires-participe-aux-travaux\",\"name\":\"Togo- 47\u00e8 session de l\u2019Assembl\u00e9e Parlementaire de la Francophonie \u00e0 Kigali : Une d\u00e9l\u00e9gation de parlementaires participe aux travaux - Togo\",\"isPartOf\":{\"@id\":\"https:\/\/www.africa-press.net\/togo\/#website\"},\"primaryImageOfPage\":{\"@id\":\"https:\/\/www.africa-press.net\/togo\/politique\/togo-47e-session-de-lassemblee-parlementaire-de-la-francophonie-a-kigali-une-delegation-de-parlementaires-participe-aux-travaux#primaryimage\"},\"image\":{\"@id\":\"https:\/\/www.africa-press.net\/togo\/politique\/togo-47e-session-de-lassemblee-parlementaire-de-la-francophonie-a-kigali-une-delegation-de-parlementaires-participe-aux-travaux#primaryimage\"},\"thumbnailUrl\":\"https:\/\/static.africa-press.net\/togo\/sites\/58\/2022\/07\/postQueueImg_1-62caed619e488.jpg\",\"datePublished\":\"2022-07-10T15:14:44+00:00\",\"dateModified\":\"2022-07-10T15:17:39+00:00\",\"author\":{\"@id\":\"https:\/\/www.africa-press.net\/togo\/#\/schema\/person\/2b1cf3cd81a31e3cd26889ca66d677f1\"},\"description\":\"La 47\u00e8 session de l\u2019assembl\u00e9e parlementaire de la Francophonie (APF) se tient \u00e0 Kigali au Rwanda, du 05 au 09 juillet ...\",\"breadcrumb\":{\"@id\":\"https:\/\/www.africa-press.net\/togo\/politique\/togo-47e-session-de-lassemblee-parlementaire-de-la-francophonie-a-kigali-une-delegation-de-parlementaires-participe-aux-travaux#breadcrumb\"},\"inLanguage\":\"fr-FR\",\"potentialAction\":[{\"@type\":\"ReadAction\",\"target\":[\"https:\/\/www.africa-press.net\/togo\/politique\/togo-47e-session-de-lassemblee-parlementaire-de-la-francophonie-a-kigali-une-delegation-de-parlementaires-participe-aux-travaux\"]}]},{\"@type\":\"ImageObject\",\"inLanguage\":\"fr-FR\",\"@id\":\"https:\/\/www.africa-press.net\/togo\/politique\/togo-47e-session-de-lassemblee-parlementaire-de-la-francophonie-a-kigali-une-delegation-de-parlementaires-participe-aux-travaux#primaryimage\",\"url\":\"https:\/\/static.africa-press.net\/togo\/sites\/58\/2022\/07\/postQueueImg_1-62caed619e488.jpg\",\"contentUrl\":\"https:\/\/static.africa-press.net\/togo\/sites\/58\/2022\/07\/postQueueImg_1-62caed619e488.jpg\",\"width\":1280,\"height\":800,\"caption\":\"Togo- 47\u00e8 session de l\u2019Assembl\u00e9e Parlementaire de la Francophonie \u00e0 Kigali : Une d\u00e9l\u00e9gation de parlementaires participe aux travaux\"},{\"@type\":\"BreadcrumbList\",\"@id\":\"https:\/\/www.africa-press.net\/togo\/politique\/togo-47e-session-de-lassemblee-parlementaire-de-la-francophonie-a-kigali-une-delegation-de-parlementaires-participe-aux-travaux#breadcrumb\",\"itemListElement\":[{\"@type\":\"ListItem\",\"position\":1,\"name\":\"Accueil\",\"item\":\"https:\/\/www.africa-press.net\/togo\/\"},{\"@type\":\"ListItem\",\"position\":2,\"name\":\"Togo- 47\u00e8 session de l\u2019Assembl\u00e9e Parlementaire de la Francophonie \u00e0 Kigali : Une d\u00e9l\u00e9gation de parlementaires participe aux travaux\"}]},{\"@type\":\"WebSite\",\"@id\":\"https:\/\/www.africa-press.net\/togo\/#website\",\"url\":\"https:\/\/www.africa-press.net\/togo\/\",\"name\":\"Togo\",\"description\":\"Just another Africa News Agency Sites site\",\"potentialAction\":[{\"@type\":\"SearchAction\",\"target\":{\"@type\":\"EntryPoint\",\"urlTemplate\":\"https:\/\/www.africa-press.net\/togo\/?s={search_term_string}\"},\"query-input\":{\"@type\":\"PropertyValueSpecification\",\"valueRequired\":true,\"valueName\":\"search_term_string\"}}],\"inLanguage\":\"fr-FR\"},{\"@type\":\"Person\",\"@id\":\"https:\/\/www.africa-press.net\/togo\/#\/schema\/person\/2b1cf3cd81a31e3cd26889ca66d677f1\",\"name\":\"cfeditorfr\"}]}<\/script>\n<!-- \/ Yoast SEO Premium plugin. -->","yoast_head_json":{"title":"Togo- 47\u00e8 session de l\u2019Assembl\u00e9e Parlementaire de la Francophonie \u00e0 Kigali : Une d\u00e9l\u00e9gation de parlementaires participe aux travaux - Togo","description":"La 47\u00e8 session de l\u2019assembl\u00e9e parlementaire de la Francophonie (APF) se tient \u00e0 Kigali au Rwanda, du 05 au 09 juillet ...","robots":{"index":"index","follow":"follow","max-snippet":"max-snippet:-1","max-image-preview":"max-image-preview:large","max-video-preview":"max-video-preview:-1"},"canonical":"https:\/\/www.africa-press.net\/togo\/politique\/togo-47e-session-de-lassemblee-parlementaire-de-la-francophonie-a-kigali-une-delegation-de-parlementaires-participe-aux-travaux","og_locale":"fr_FR","og_type":"article","og_title":"Togo- 47\u00e8 session de l\u2019Assembl\u00e9e Parlementaire de la Francophonie \u00e0 Kigali : Une d\u00e9l\u00e9gation de parlementaires participe aux travaux","og_description":"La 47\u00e8 session de l\u2019assembl\u00e9e parlementaire de la Francophonie (APF) se tient \u00e0 Kigali au Rwanda, du 05 au 09 juillet ...","og_url":"https:\/\/www.africa-press.net\/togo\/politique\/togo-47e-session-de-lassemblee-parlementaire-de-la-francophonie-a-kigali-une-delegation-de-parlementaires-participe-aux-travaux","og_site_name":"Togo","article_published_time":"2022-07-10T15:14:44+00:00","article_modified_time":"2022-07-10T15:17:39+00:00","og_image":[{"width":1280,"height":800,"url":"https:\/\/static.africa-press.net\/togo\/sites\/58\/2022\/07\/postQueueImg_1-62caed619e488.jpg","type":"image\/jpeg"}],"author":"cfeditorfr","twitter_card":"summary_large_image","twitter_misc":{"\u00c9crit par":"cfeditorfr","Dur\u00e9e de lecture estim\u00e9e":"2 minutes"},"schema":{"@context":"https:\/\/schema.org","@graph":[{"@type":"Article","@id":"https:\/\/www.africa-press.net\/togo\/politique\/togo-47e-session-de-lassemblee-parlementaire-de-la-francophonie-a-kigali-une-delegation-de-parlementaires-participe-aux-travaux#article","isPartOf":{"@id":"https:\/\/www.africa-press.net\/togo\/politique\/togo-47e-session-de-lassemblee-parlementaire-de-la-francophonie-a-kigali-une-delegation-de-parlementaires-participe-aux-travaux"},"author":{"name":"cfeditorfr","@id":"https:\/\/www.africa-press.net\/togo\/#\/schema\/person\/2b1cf3cd81a31e3cd26889ca66d677f1"},"headline":"Togo- 47\u00e8 session de l\u2019Assembl\u00e9e Parlementaire de la Francophonie \u00e0 Kigali : Une d\u00e9l\u00e9gation de parlementaires participe aux travaux","datePublished":"2022-07-10T15:14:44+00:00","dateModified":"2022-07-10T15:17:39+00:00","mainEntityOfPage":{"@id":"https:\/\/www.africa-press.net\/togo\/politique\/togo-47e-session-de-lassemblee-parlementaire-de-la-francophonie-a-kigali-une-delegation-de-parlementaires-participe-aux-travaux"},"wordCount":512,"commentCount":0,"image":{"@id":"https:\/\/www.africa-press.net\/togo\/politique\/togo-47e-session-de-lassemblee-parlementaire-de-la-francophonie-a-kigali-une-delegation-de-parlementaires-participe-aux-travaux#primaryimage"},"thumbnailUrl":"https:\/\/static.africa-press.net\/togo\/sites\/58\/2022\/07\/postQueueImg_1-62caed619e488.jpg","keywords":["Actualit\u00e9 Togo","Africa Press","Africa Press-Togo","Assembl\u00e9e Nationale","francophonie","Togo"],"articleSection":["homepage-french","Politique","Toutes les actualit\u00e9s"],"inLanguage":"fr-FR","potentialAction":[{"@type":"CommentAction","name":"Comment","target":["https:\/\/www.africa-press.net\/togo\/politique\/togo-47e-session-de-lassemblee-parlementaire-de-la-francophonie-a-kigali-une-delegation-de-parlementaires-participe-aux-travaux#respond"]}]},{"@type":"WebPage","@id":"https:\/\/www.africa-press.net\/togo\/politique\/togo-47e-session-de-lassemblee-parlementaire-de-la-francophonie-a-kigali-une-delegation-de-parlementaires-participe-aux-travaux","url":"https:\/\/www.africa-press.net\/togo\/politique\/togo-47e-session-de-lassemblee-parlementaire-de-la-francophonie-a-kigali-une-delegation-de-parlementaires-participe-aux-travaux","name":"Togo- 47\u00e8 session de l\u2019Assembl\u00e9e Parlementaire de la Francophonie \u00e0 Kigali : Une d\u00e9l\u00e9gation de parlementaires participe aux travaux - Togo","isPartOf":{"@id":"https:\/\/www.africa-press.net\/togo\/#website"},"primaryImageOfPage":{"@id":"https:\/\/www.africa-press.net\/togo\/politique\/togo-47e-session-de-lassemblee-parlementaire-de-la-francophonie-a-kigali-une-delegation-de-parlementaires-participe-aux-travaux#primaryimage"},"image":{"@id":"https:\/\/www.africa-press.net\/togo\/politique\/togo-47e-session-de-lassemblee-parlementaire-de-la-francophonie-a-kigali-une-delegation-de-parlementaires-participe-aux-travaux#primaryimage"},"thumbnailUrl":"https:\/\/static.africa-press.net\/togo\/sites\/58\/2022\/07\/postQueueImg_1-62caed619e488.jpg","datePublished":"2022-07-10T15:14:44+00:00","dateModified":"2022-07-10T15:17:39+00:00","author":{"@id":"https:\/\/www.africa-press.net\/togo\/#\/schema\/person\/2b1cf3cd81a31e3cd26889ca66d677f1"},"description":"La 47\u00e8 session de l\u2019assembl\u00e9e parlementaire de la Francophonie (APF) se tient \u00e0 Kigali au Rwanda, du 05 au 09 juillet ...","breadcrumb":{"@id":"https:\/\/www.africa-press.net\/togo\/politique\/togo-47e-session-de-lassemblee-parlementaire-de-la-francophonie-a-kigali-une-delegation-de-parlementaires-participe-aux-travaux#breadcrumb"},"inLanguage":"fr-FR","potentialAction":[{"@type":"ReadAction","target":["https:\/\/www.africa-press.net\/togo\/politique\/togo-47e-session-de-lassemblee-parlementaire-de-la-francophonie-a-kigali-une-delegation-de-parlementaires-participe-aux-travaux"]}]},{"@type":"ImageObject","inLanguage":"fr-FR","@id":"https:\/\/www.africa-press.net\/togo\/politique\/togo-47e-session-de-lassemblee-parlementaire-de-la-francophonie-a-kigali-une-delegation-de-parlementaires-participe-aux-travaux#primaryimage","url":"https:\/\/static.africa-press.net\/togo\/sites\/58\/2022\/07\/postQueueImg_1-62caed619e488.jpg","contentUrl":"https:\/\/static.africa-press.net\/togo\/sites\/58\/2022\/07\/postQueueImg_1-62caed619e488.jpg","width":1280,"height":800,"caption":"Togo- 47\u00e8 session de l\u2019Assembl\u00e9e Parlementaire de la Francophonie \u00e0 Kigali : Une d\u00e9l\u00e9gation de parlementaires participe aux travaux"},{"@type":"BreadcrumbList","@id":"https:\/\/www.africa-press.net\/togo\/politique\/togo-47e-session-de-lassemblee-parlementaire-de-la-francophonie-a-kigali-une-delegation-de-parlementaires-participe-aux-travaux#breadcrumb","itemListElement":[{"@type":"ListItem","position":1,"name":"Accueil","item":"https:\/\/www.africa-press.net\/togo\/"},{"@type":"ListItem","position":2,"name":"Togo- 47\u00e8 session de l\u2019Assembl\u00e9e Parlementaire de la Francophonie \u00e0 Kigali : Une d\u00e9l\u00e9gation de parlementaires participe aux travaux"}]},{"@type":"WebSite","@id":"https:\/\/www.africa-press.net\/togo\/#website","url":"https:\/\/www.africa-press.net\/togo\/","name":"Togo","description":"Just another Africa News Agency Sites site","potentialAction":[{"@type":"SearchAction","target":{"@type":"EntryPoint","urlTemplate":"https:\/\/www.africa-press.net\/togo\/?s={search_term_string}"},"query-input":{"@type":"PropertyValueSpecification","valueRequired":true,"valueName":"search_term_string"}}],"inLanguage":"fr-FR"},{"@type":"Person","@id":"https:\/\/www.africa-press.net\/togo\/#\/schema\/person\/2b1cf3cd81a31e3cd26889ca66d677f1","name":"cfeditorfr"}]}},"_links":{"self":[{"href":"https:\/\/www.africa-press.net\/togo\/wp-json\/wp\/v2\/posts\/7639","targetHints":{"allow":["GET"]}}],"collection":[{"href":"https:\/\/www.africa-press.net\/togo\/wp-json\/wp\/v2\/posts"}],"about":[{"href":"https:\/\/www.africa-press.net\/togo\/wp-json\/wp\/v2\/types\/post"}],"author":[{"embeddable":true,"href":"https:\/\/www.africa-press.net\/togo\/wp-json\/wp\/v2\/users\/82"}],"replies":[{"embeddable":true,"href":"https:\/\/www.africa-press.net\/togo\/wp-json\/wp\/v2\/comments?post=7639"}],"version-history":[{"count":0,"href":"https:\/\/www.africa-press.net\/togo\/wp-json\/wp\/v2\/posts\/7639\/revisions"}],"wp:featuredmedia":[{"embeddable":true,"href":"https:\/\/www.africa-press.net\/togo\/wp-json\/wp\/v2\/media\/7638"}],"wp:attachment":[{"href":"https:\/\/www.africa-press.net\/togo\/wp-json\/wp\/v2\/media?parent=7639"}],"wp:term":[{"taxonomy":"category","embeddable":true,"href":"https:\/\/www.africa-press.net\/togo\/wp-json\/wp\/v2\/categories?post=7639"},{"taxonomy":"post_tag","embeddable":true,"href":"https:\/\/www.africa-press.net\/togo\/wp-json\/wp\/v2\/tags?post=7639"}],"curies":[{"name":"wp","href":"https:\/\/api.w.org\/{rel}","templated":true}]}}