{"id":773,"date":"2020-12-27T22:46:19","date_gmt":"2020-12-27T22:46:19","guid":{"rendered":"https:\/\/www.africa-press.com\/togo\/politique\/togo-les-avocats-dagbeyome-kodjo-saisissent-lonu"},"modified":"2020-12-28T00:42:51","modified_gmt":"2020-12-28T00:42:51","slug":"les-avocats-dagbeyome-kodjo-saisissent-lonu-2","status":"publish","type":"post","link":"https:\/\/www.africa-press.net\/togo\/politique\/les-avocats-dagbeyome-kodjo-saisissent-lonu-2","title":{"rendered":"les avocats d\u2019Agb\u00e9yom\u00e9 Kodjo saisissent l\u2019ONU"},"content":{"rendered":"<p><span style=\"color: #ff6600\"><strong><a href=\"https:\/\/www.africa-press.com\">Africa-Press<\/a> &#8211; <a href=\"https:\/\/www.africa-press.com\/togo\">Togo<\/a>. <\/strong><\/span>Alors que l\u2019opposant togolais, qui se proclame \u00ab pr\u00e9sident \u00e9lu \u00bb, vit cach\u00e9 depuis le mois de juillet, ses avocats ont d\u00e9pos\u00e9 un recours devant le Comit\u00e9 des droits de l\u2019homme de l\u2019ONU.<\/p>\n<p>S\u2019il a \u00ab disparu \u00bb depuis le d\u00e9but du mois de juillet, Agb\u00e9yom\u00e9 Kodjo, qui continue de d\u00e9noncer les r\u00e9sultats de la pr\u00e9sidentielle du 22 f\u00e9vrier donnant une large victoire \u00e0 Faure Gnassingb\u00e9, n\u2019est pas pour autant absent de la sc\u00e8ne m\u00e9diatique. L\u2019opposant, qui vit dans un lieu tenu secret par ses proches, multiplie les interventions dans les m\u00e9dias et sur les r\u00e9seaux sociaux.<\/p>\n<p>Surtout, Agb\u00e9yom\u00e9 Kodjo a d\u00e9cid\u00e9 de changer de strat\u00e9gie. Apr\u00e8s avoir mis\u00e9 sur la mobilisation de ses troupes au Togo, et apr\u00e8s en avoir \u00e9t\u00e9 pour ses frais, il esp\u00e8re d\u00e9sormais obtenir des soutiens \u00e0 l\u2019ext\u00e9rieur du pays. Et il a mandat\u00e9 deux avocats fran\u00e7ais, Me Pierre-Henri Bovis et Me Robin Binsard, pour mener la charge.<\/p>\n<p>Ceux-ci ont d\u00e9pos\u00e9 une requ\u00eate devant le Comit\u00e9 des droits de l\u2019homme de l\u2019ONU. Ils d\u00e9noncent la \u00ab privation de libert\u00e9 inique et attentatoire au droit international ainsi qu\u2019\u00e0 la Constitution togolaise \u00bb dont serait victime l\u2019opposant togolais.<\/p>\n<p>En cause notamment, l\u2019interdiction qui lui est faite de tenir \u00ab tous propos, d\u00e9clarations ou attitudes tendant \u00e0 remettre en cause et \u00e0 saper l\u2019ordre constitutionnel et institutionnel \u00bb, condition impos\u00e9e par son contr\u00f4le judiciaire lors de sa remise en libert\u00e9, le 24 avril dernier, apr\u00e8s trois jours de garde \u00e0 vue au cours desquels il avait \u00e9t\u00e9 entendu pour \u00ab atteinte \u00e0 la s\u00fbret\u00e9 de l\u2019\u00c9tat \u00bb.<\/p>\n<p>Si la proc\u00e9dure s\u2019annonce longue (la prochaine session du Comit\u00e9 des droits de l\u2019homme de l\u2019ONU est pr\u00e9vue en novembre prochain), et que les d\u00e9cisions de ce comit\u00e9 ne s\u2019imposent pas aux \u00c9tats, les avocats de Kodjo n\u2019en comptent pas moins sur l\u2019impact de cette action.<\/p>\n<p>\u00ab Nous demandons au Comit\u00e9 de constater la violation des droits et libert\u00e9s d\u2019Agb\u00e9yom\u00e9 Kodjo. C\u2019est une proc\u00e9dure qui peut avoir un pouvoir symbolique tr\u00e8s fort, et un impact diplomatique important \u00bb, insiste Me Binsard, qui confie que cette action n\u2019est \u00ab qu\u2019un premier pas \u00bb, et pr\u00e9voit des recours devant d\u2019autres instances internationales dans les semaines \u00e0 venir.<\/p>\n<p>Dans le m\u00eame temps, Kodjo, qui affirme avoir pris le maquis parce qu\u2019il \u00ab craint pour sa vie \u00bb, multiplie les interventions en tant que \u00ab pr\u00e9sident d\u00e9mocratiquement \u00e9lu \u00bb. Dans un message audio diffus\u00e9 d\u00e9but septembre, le pr\u00e9sident du Mouvement patriotique pour la d\u00e9mocratie et le d\u00e9veloppement (MPDD) a r\u00e9it\u00e9r\u00e9 ses appels \u00e0 manifester.<\/p>\n<p>\u00ab La vraie fausse victoire de Faure Gnassingb\u00e9 n\u2019est pas l\u00e9gitime et ne pourrait se pr\u00e9valoir de l\u00e9galit\u00e9 pour longtemps encore \u00bb, lance notamment Kodjo, dont l\u2019immunit\u00e9 parlementaire a \u00e9t\u00e9 lev\u00e9e en mars dernier \u00e0 la demande du parquet de Lom\u00e9 apr\u00e8s qu\u2019il s\u2019est autoproclam\u00e9 pr\u00e9sident de la R\u00e9publique.<\/p>\n<p>Des prises de parole que l\u2019on balaie d\u2019un revers de la main dans les couloirs de la pr\u00e9sidence. \u00ab Sur le plan politique, c\u2019est un non-\u00e9v\u00e8nement, glisse un conseiller de Faure Gnassingb\u00e9. Mais au niveau judiciaire, ses agissements tombent sous le coup de la loi. \u00bb<\/p>\n<p>\u00ab Le Togo m\u00e9rite mieux que cette arlequinade. Notre pays a d\u00e9j\u00e0 tourn\u00e9 la page de l\u2019\u00e9lection pr\u00e9sidentielle de 2020 et poursuit r\u00e9solument sa marche sous la houlette du chef de l\u2019\u00c9tat qui a \u00e9t\u00e9 \u00e9lu par une large majorit\u00e9 de Togolais \u00bb, mart\u00e8le en \u00e9cho une cadre du parti pr\u00e9sidentiel, l\u2019Union pour la R\u00e9publique (Unir).<\/p>\n<p>Inculp\u00e9 d\u2019atteinte \u00e0 la s\u00fbret\u00e9 de l\u2019\u00c9tat, de diffusion de fausses informations et de troubles aggrav\u00e9s \u00e0 l\u2019ordre public, Agb\u00e9yom\u00e9 Kodjo s\u2019est volatilis\u00e9 alors que, le 10 juillet, il faisait l\u2019objet d\u2019une nouvelle convocation judiciaire. Les autorit\u00e9s togolaises ont annonc\u00e9, quelques jours plus tard, l\u2019\u00e9mission d\u2019un mandat d\u2019arr\u00eat international \u00e0 son encontre. Rivalit\u00e9 ancienne<\/p>\n<p>La rivalit\u00e9 entre les deux hommes, qui a pris un tour radical depuis la proclamation des r\u00e9sultats de la pr\u00e9sidentielle, est ancienne. \u00ab Agb\u00e9yom\u00e9 Kodjo s\u2019est toujours pr\u00e9sent\u00e9 comme le fils spirituel et le dauphin incontournable de feu Eyad\u00e9ma, jusqu\u2019au jour o\u00f9 ce dernier a d\u00e9sign\u00e9 officiellement Faure comme son successeur et l\u2019a pr\u00e9sent\u00e9 aux barons du parti \u00bb, rappelle un ancien haut cadre du Rassemblement du peuple togolais (RPT), le parti fond\u00e9 par le p\u00e8re de l\u2019actuel pr\u00e9sident togolais lorsqu\u2019il \u00e9tait au pouvoir, qui s\u2019est mu\u00e9 en 2010 en l\u2019Unir, sous l\u2019impulsion de Faure Gnassingb\u00e9.<\/p>\n<p>\u00c0 en croire un proche du pr\u00e9sident togolais, Agb\u00e9yom\u00e9 Kodjo \u00ab n\u2019a jamais dig\u00e9r\u00e9 l\u2019accession de Faure Gnassingb\u00e9 au pouvoir \u00bb. Une chose est s\u00fbre : un \u00e9ventuel r\u00e8glement politique de cette \u00ab crise \u00bb entre les deux hommes semble s\u2019\u00e9loigner chaque jour un peu plus.<\/p>\n","protected":false},"excerpt":{"rendered":"<p>Africa-Press &#8211; Togo. Alors que l\u2019opposant togolais, qui se proclame \u00ab pr\u00e9sident \u00e9lu \u00bb, vit cach\u00e9 depuis le mois de juillet, ses avocats ont d\u00e9pos\u00e9 un recours devant le Comit\u00e9 des droits de l\u2019homme de l\u2019ONU. S\u2019il a \u00ab disparu \u00bb depuis le d\u00e9but du mois de juillet, Agb\u00e9yom\u00e9 Kodjo, qui continue de d\u00e9noncer les [&hellip;]<\/p>\n","protected":false},"author":82,"featured_media":772,"comment_status":"open","ping_status":"closed","sticky":false,"template":"","format":"standard","meta":{"footnotes":""},"categories":[11,2,20,10],"tags":[36,49,50],"class_list":["post-773","post","type-post","status-publish","format-standard","has-post-thumbnail","hentry","category-homepage-french","category-politique","category-top-nouvelles","category-toutes-les-actualites","tag-africa-press","tag-africa-press-togo","tag-togo"],"yoast_head":"<!-- This site is optimized with the Yoast SEO Premium plugin v26.1 (Yoast SEO v27.0) - https:\/\/yoast.com\/product\/yoast-seo-premium-wordpress\/ -->\n<title>les avocats d\u2019Agb\u00e9yom\u00e9 Kodjo saisissent l\u2019ONU - Togo<\/title>\n<meta name=\"description\" content=\"Alors que l\u2019opposant togolais, qui se proclame \u00ab pr\u00e9sident \u00e9lu \u00bb, vit cach\u00e9 depuis le mois de juillet, ses avocats ont d ...\" \/>\n<meta name=\"robots\" content=\"index, follow, max-snippet:-1, max-image-preview:large, max-video-preview:-1\" \/>\n<link rel=\"canonical\" href=\"https:\/\/www.africa-press.net\/togo\/politique\/les-avocats-dagbeyome-kodjo-saisissent-lonu-2\" \/>\n<meta property=\"og:locale\" content=\"fr_FR\" \/>\n<meta property=\"og:type\" content=\"article\" \/>\n<meta property=\"og:title\" content=\"les avocats d\u2019Agb\u00e9yom\u00e9 Kodjo saisissent l\u2019ONU\" \/>\n<meta property=\"og:description\" content=\"Alors que l\u2019opposant togolais, qui se proclame \u00ab pr\u00e9sident \u00e9lu \u00bb, vit cach\u00e9 depuis le mois de juillet, ses avocats ont d ...\" \/>\n<meta property=\"og:url\" content=\"https:\/\/www.africa-press.net\/togo\/politique\/les-avocats-dagbeyome-kodjo-saisissent-lonu-2\" \/>\n<meta property=\"og:site_name\" content=\"Togo\" \/>\n<meta property=\"article:published_time\" content=\"2020-12-27T22:46:19+00:00\" \/>\n<meta property=\"article:modified_time\" content=\"2020-12-28T00:42:51+00:00\" \/>\n<meta property=\"og:image\" content=\"https:\/\/static.africa-press.net\/centrafricaine\/sites\/58\/2020\/12\/img.jpg\" \/>\n\t<meta property=\"og:image:width\" content=\"640\" \/>\n\t<meta property=\"og:image:height\" content=\"320\" \/>\n\t<meta property=\"og:image:type\" content=\"image\/jpeg\" \/>\n<meta name=\"author\" content=\"cfeditorfr\" \/>\n<meta name=\"twitter:card\" content=\"summary_large_image\" \/>\n<meta name=\"twitter:label1\" content=\"\u00c9crit par\" \/>\n\t<meta name=\"twitter:data1\" content=\"cfeditorfr\" \/>\n\t<meta name=\"twitter:label2\" content=\"Dur\u00e9e de lecture estim\u00e9e\" \/>\n\t<meta name=\"twitter:data2\" content=\"4 minutes\" \/>\n<script type=\"application\/ld+json\" class=\"yoast-schema-graph\">{\"@context\":\"https:\/\/schema.org\",\"@graph\":[{\"@type\":\"Article\",\"@id\":\"https:\/\/www.africa-press.net\/togo\/politique\/les-avocats-dagbeyome-kodjo-saisissent-lonu-2#article\",\"isPartOf\":{\"@id\":\"https:\/\/www.africa-press.net\/togo\/politique\/les-avocats-dagbeyome-kodjo-saisissent-lonu-2\"},\"author\":{\"name\":\"cfeditorfr\",\"@id\":\"https:\/\/www.africa-press.net\/togo\/#\/schema\/person\/2b1cf3cd81a31e3cd26889ca66d677f1\"},\"headline\":\"les avocats d\u2019Agb\u00e9yom\u00e9 Kodjo saisissent l\u2019ONU\",\"datePublished\":\"2020-12-27T22:46:19+00:00\",\"dateModified\":\"2020-12-28T00:42:51+00:00\",\"mainEntityOfPage\":{\"@id\":\"https:\/\/www.africa-press.net\/togo\/politique\/les-avocats-dagbeyome-kodjo-saisissent-lonu-2\"},\"wordCount\":866,\"commentCount\":0,\"image\":{\"@id\":\"https:\/\/www.africa-press.net\/togo\/politique\/les-avocats-dagbeyome-kodjo-saisissent-lonu-2#primaryimage\"},\"thumbnailUrl\":\"https:\/\/static.africa-press.net\/centrafricaine\/sites\/58\/2020\/12\/img.jpg\",\"keywords\":[\"Africa Press\",\"Africa Press-Togo\",\"Togo\"],\"articleSection\":[\"homepage-french\",\"Politique\",\"Top Nouvelles\",\"Toutes les actualit\u00e9s\"],\"inLanguage\":\"fr-FR\",\"potentialAction\":[{\"@type\":\"CommentAction\",\"name\":\"Comment\",\"target\":[\"https:\/\/www.africa-press.net\/togo\/politique\/les-avocats-dagbeyome-kodjo-saisissent-lonu-2#respond\"]}]},{\"@type\":\"WebPage\",\"@id\":\"https:\/\/www.africa-press.net\/togo\/politique\/les-avocats-dagbeyome-kodjo-saisissent-lonu-2\",\"url\":\"https:\/\/www.africa-press.net\/togo\/politique\/les-avocats-dagbeyome-kodjo-saisissent-lonu-2\",\"name\":\"les avocats d\u2019Agb\u00e9yom\u00e9 Kodjo saisissent l\u2019ONU - Togo\",\"isPartOf\":{\"@id\":\"https:\/\/www.africa-press.net\/togo\/#website\"},\"primaryImageOfPage\":{\"@id\":\"https:\/\/www.africa-press.net\/togo\/politique\/les-avocats-dagbeyome-kodjo-saisissent-lonu-2#primaryimage\"},\"image\":{\"@id\":\"https:\/\/www.africa-press.net\/togo\/politique\/les-avocats-dagbeyome-kodjo-saisissent-lonu-2#primaryimage\"},\"thumbnailUrl\":\"https:\/\/static.africa-press.net\/centrafricaine\/sites\/58\/2020\/12\/img.jpg\",\"datePublished\":\"2020-12-27T22:46:19+00:00\",\"dateModified\":\"2020-12-28T00:42:51+00:00\",\"author\":{\"@id\":\"https:\/\/www.africa-press.net\/togo\/#\/schema\/person\/2b1cf3cd81a31e3cd26889ca66d677f1\"},\"description\":\"Alors que l\u2019opposant togolais, qui se proclame \u00ab pr\u00e9sident \u00e9lu \u00bb, vit cach\u00e9 depuis le mois de juillet, ses avocats ont d ...\",\"breadcrumb\":{\"@id\":\"https:\/\/www.africa-press.net\/togo\/politique\/les-avocats-dagbeyome-kodjo-saisissent-lonu-2#breadcrumb\"},\"inLanguage\":\"fr-FR\",\"potentialAction\":[{\"@type\":\"ReadAction\",\"target\":[\"https:\/\/www.africa-press.net\/togo\/politique\/les-avocats-dagbeyome-kodjo-saisissent-lonu-2\"]}]},{\"@type\":\"ImageObject\",\"inLanguage\":\"fr-FR\",\"@id\":\"https:\/\/www.africa-press.net\/togo\/politique\/les-avocats-dagbeyome-kodjo-saisissent-lonu-2#primaryimage\",\"url\":\"https:\/\/static.africa-press.net\/centrafricaine\/sites\/58\/2020\/12\/img.jpg\",\"contentUrl\":\"https:\/\/static.africa-press.net\/centrafricaine\/sites\/58\/2020\/12\/img.jpg\",\"width\":640,\"height\":320,\"caption\":\"Togo : les avocats d\u2019Agb\u00e9yom\u00e9 Kodjo saisissent l\u2019ONU\"},{\"@type\":\"BreadcrumbList\",\"@id\":\"https:\/\/www.africa-press.net\/togo\/politique\/les-avocats-dagbeyome-kodjo-saisissent-lonu-2#breadcrumb\",\"itemListElement\":[{\"@type\":\"ListItem\",\"position\":1,\"name\":\"Accueil\",\"item\":\"https:\/\/www.africa-press.net\/togo\/\"},{\"@type\":\"ListItem\",\"position\":2,\"name\":\"les avocats d\u2019Agb\u00e9yom\u00e9 Kodjo saisissent l\u2019ONU\"}]},{\"@type\":\"WebSite\",\"@id\":\"https:\/\/www.africa-press.net\/togo\/#website\",\"url\":\"https:\/\/www.africa-press.net\/togo\/\",\"name\":\"Togo\",\"description\":\"Just another Africa News Agency Sites site\",\"potentialAction\":[{\"@type\":\"SearchAction\",\"target\":{\"@type\":\"EntryPoint\",\"urlTemplate\":\"https:\/\/www.africa-press.net\/togo\/?s={search_term_string}\"},\"query-input\":{\"@type\":\"PropertyValueSpecification\",\"valueRequired\":true,\"valueName\":\"search_term_string\"}}],\"inLanguage\":\"fr-FR\"},{\"@type\":\"Person\",\"@id\":\"https:\/\/www.africa-press.net\/togo\/#\/schema\/person\/2b1cf3cd81a31e3cd26889ca66d677f1\",\"name\":\"cfeditorfr\"}]}<\/script>\n<!-- \/ Yoast SEO Premium plugin. -->","yoast_head_json":{"title":"les avocats d\u2019Agb\u00e9yom\u00e9 Kodjo saisissent l\u2019ONU - Togo","description":"Alors que l\u2019opposant togolais, qui se proclame \u00ab pr\u00e9sident \u00e9lu \u00bb, vit cach\u00e9 depuis le mois de juillet, ses avocats ont d ...","robots":{"index":"index","follow":"follow","max-snippet":"max-snippet:-1","max-image-preview":"max-image-preview:large","max-video-preview":"max-video-preview:-1"},"canonical":"https:\/\/www.africa-press.net\/togo\/politique\/les-avocats-dagbeyome-kodjo-saisissent-lonu-2","og_locale":"fr_FR","og_type":"article","og_title":"les avocats d\u2019Agb\u00e9yom\u00e9 Kodjo saisissent l\u2019ONU","og_description":"Alors que l\u2019opposant togolais, qui se proclame \u00ab pr\u00e9sident \u00e9lu \u00bb, vit cach\u00e9 depuis le mois de juillet, ses avocats ont d ...","og_url":"https:\/\/www.africa-press.net\/togo\/politique\/les-avocats-dagbeyome-kodjo-saisissent-lonu-2","og_site_name":"Togo","article_published_time":"2020-12-27T22:46:19+00:00","article_modified_time":"2020-12-28T00:42:51+00:00","og_image":[{"width":640,"height":320,"url":"https:\/\/static.africa-press.net\/centrafricaine\/sites\/58\/2020\/12\/img.jpg","type":"image\/jpeg"}],"author":"cfeditorfr","twitter_card":"summary_large_image","twitter_misc":{"\u00c9crit par":"cfeditorfr","Dur\u00e9e de lecture estim\u00e9e":"4 minutes"},"schema":{"@context":"https:\/\/schema.org","@graph":[{"@type":"Article","@id":"https:\/\/www.africa-press.net\/togo\/politique\/les-avocats-dagbeyome-kodjo-saisissent-lonu-2#article","isPartOf":{"@id":"https:\/\/www.africa-press.net\/togo\/politique\/les-avocats-dagbeyome-kodjo-saisissent-lonu-2"},"author":{"name":"cfeditorfr","@id":"https:\/\/www.africa-press.net\/togo\/#\/schema\/person\/2b1cf3cd81a31e3cd26889ca66d677f1"},"headline":"les avocats d\u2019Agb\u00e9yom\u00e9 Kodjo saisissent l\u2019ONU","datePublished":"2020-12-27T22:46:19+00:00","dateModified":"2020-12-28T00:42:51+00:00","mainEntityOfPage":{"@id":"https:\/\/www.africa-press.net\/togo\/politique\/les-avocats-dagbeyome-kodjo-saisissent-lonu-2"},"wordCount":866,"commentCount":0,"image":{"@id":"https:\/\/www.africa-press.net\/togo\/politique\/les-avocats-dagbeyome-kodjo-saisissent-lonu-2#primaryimage"},"thumbnailUrl":"https:\/\/static.africa-press.net\/centrafricaine\/sites\/58\/2020\/12\/img.jpg","keywords":["Africa Press","Africa Press-Togo","Togo"],"articleSection":["homepage-french","Politique","Top Nouvelles","Toutes les actualit\u00e9s"],"inLanguage":"fr-FR","potentialAction":[{"@type":"CommentAction","name":"Comment","target":["https:\/\/www.africa-press.net\/togo\/politique\/les-avocats-dagbeyome-kodjo-saisissent-lonu-2#respond"]}]},{"@type":"WebPage","@id":"https:\/\/www.africa-press.net\/togo\/politique\/les-avocats-dagbeyome-kodjo-saisissent-lonu-2","url":"https:\/\/www.africa-press.net\/togo\/politique\/les-avocats-dagbeyome-kodjo-saisissent-lonu-2","name":"les avocats d\u2019Agb\u00e9yom\u00e9 Kodjo saisissent l\u2019ONU - Togo","isPartOf":{"@id":"https:\/\/www.africa-press.net\/togo\/#website"},"primaryImageOfPage":{"@id":"https:\/\/www.africa-press.net\/togo\/politique\/les-avocats-dagbeyome-kodjo-saisissent-lonu-2#primaryimage"},"image":{"@id":"https:\/\/www.africa-press.net\/togo\/politique\/les-avocats-dagbeyome-kodjo-saisissent-lonu-2#primaryimage"},"thumbnailUrl":"https:\/\/static.africa-press.net\/centrafricaine\/sites\/58\/2020\/12\/img.jpg","datePublished":"2020-12-27T22:46:19+00:00","dateModified":"2020-12-28T00:42:51+00:00","author":{"@id":"https:\/\/www.africa-press.net\/togo\/#\/schema\/person\/2b1cf3cd81a31e3cd26889ca66d677f1"},"description":"Alors que l\u2019opposant togolais, qui se proclame \u00ab pr\u00e9sident \u00e9lu \u00bb, vit cach\u00e9 depuis le mois de juillet, ses avocats ont d ...","breadcrumb":{"@id":"https:\/\/www.africa-press.net\/togo\/politique\/les-avocats-dagbeyome-kodjo-saisissent-lonu-2#breadcrumb"},"inLanguage":"fr-FR","potentialAction":[{"@type":"ReadAction","target":["https:\/\/www.africa-press.net\/togo\/politique\/les-avocats-dagbeyome-kodjo-saisissent-lonu-2"]}]},{"@type":"ImageObject","inLanguage":"fr-FR","@id":"https:\/\/www.africa-press.net\/togo\/politique\/les-avocats-dagbeyome-kodjo-saisissent-lonu-2#primaryimage","url":"https:\/\/static.africa-press.net\/centrafricaine\/sites\/58\/2020\/12\/img.jpg","contentUrl":"https:\/\/static.africa-press.net\/centrafricaine\/sites\/58\/2020\/12\/img.jpg","width":640,"height":320,"caption":"Togo : les avocats d\u2019Agb\u00e9yom\u00e9 Kodjo saisissent l\u2019ONU"},{"@type":"BreadcrumbList","@id":"https:\/\/www.africa-press.net\/togo\/politique\/les-avocats-dagbeyome-kodjo-saisissent-lonu-2#breadcrumb","itemListElement":[{"@type":"ListItem","position":1,"name":"Accueil","item":"https:\/\/www.africa-press.net\/togo\/"},{"@type":"ListItem","position":2,"name":"les avocats d\u2019Agb\u00e9yom\u00e9 Kodjo saisissent l\u2019ONU"}]},{"@type":"WebSite","@id":"https:\/\/www.africa-press.net\/togo\/#website","url":"https:\/\/www.africa-press.net\/togo\/","name":"Togo","description":"Just another Africa News Agency Sites site","potentialAction":[{"@type":"SearchAction","target":{"@type":"EntryPoint","urlTemplate":"https:\/\/www.africa-press.net\/togo\/?s={search_term_string}"},"query-input":{"@type":"PropertyValueSpecification","valueRequired":true,"valueName":"search_term_string"}}],"inLanguage":"fr-FR"},{"@type":"Person","@id":"https:\/\/www.africa-press.net\/togo\/#\/schema\/person\/2b1cf3cd81a31e3cd26889ca66d677f1","name":"cfeditorfr"}]}},"_links":{"self":[{"href":"https:\/\/www.africa-press.net\/togo\/wp-json\/wp\/v2\/posts\/773","targetHints":{"allow":["GET"]}}],"collection":[{"href":"https:\/\/www.africa-press.net\/togo\/wp-json\/wp\/v2\/posts"}],"about":[{"href":"https:\/\/www.africa-press.net\/togo\/wp-json\/wp\/v2\/types\/post"}],"author":[{"embeddable":true,"href":"https:\/\/www.africa-press.net\/togo\/wp-json\/wp\/v2\/users\/82"}],"replies":[{"embeddable":true,"href":"https:\/\/www.africa-press.net\/togo\/wp-json\/wp\/v2\/comments?post=773"}],"version-history":[{"count":0,"href":"https:\/\/www.africa-press.net\/togo\/wp-json\/wp\/v2\/posts\/773\/revisions"}],"wp:featuredmedia":[{"embeddable":true,"href":"https:\/\/www.africa-press.net\/togo\/wp-json\/wp\/v2\/media\/772"}],"wp:attachment":[{"href":"https:\/\/www.africa-press.net\/togo\/wp-json\/wp\/v2\/media?parent=773"}],"wp:term":[{"taxonomy":"category","embeddable":true,"href":"https:\/\/www.africa-press.net\/togo\/wp-json\/wp\/v2\/categories?post=773"},{"taxonomy":"post_tag","embeddable":true,"href":"https:\/\/www.africa-press.net\/togo\/wp-json\/wp\/v2\/tags?post=773"}],"curies":[{"name":"wp","href":"https:\/\/api.w.org\/{rel}","templated":true}]}}