{"id":788,"date":"2020-12-28T00:09:39","date_gmt":"2020-12-28T00:09:39","guid":{"rendered":"https:\/\/www.africa-press.com\/togo\/?p=788"},"modified":"2020-12-28T00:07:26","modified_gmt":"2020-12-28T00:07:26","slug":"togo-fabre-brise-le-silence-et-veut-desormais-faire-cavalier-seul","status":"publish","type":"post","link":"https:\/\/www.africa-press.net\/togo\/dossiers\/togo-fabre-brise-le-silence-et-veut-desormais-faire-cavalier-seul","title":{"rendered":"Fabre brise le silence et veut d\u00e9sormais faire cavalier seul"},"content":{"rendered":"<p><span style=\"color: #ff6600\"><strong><a href=\"https:\/\/www.africa-press.com\">Africa-Press<\/a> &#8211; <a href=\"https:\/\/www.africa-press.com\/togo\">Togo<\/a>. <\/strong><\/span>Pr\u00e8s de huit mois apr\u00e8s sa d\u00e9faite au premier tour de la pr\u00e9sidentielle, l\u2019opposant Jean-Pierre Fabre a finalement rompu le silence qu\u2019il s\u2019\u00e9tait impos\u00e9 depuis sa d\u00e9b\u00e2cle. Et affirme avoir tir\u00e9 les le\u00e7ons de son \u00e9chec.<\/p>\n<p>Casquette orange viss\u00e9e sur la t\u00eate, chemise frapp\u00e9e du logo de l\u2019Alliance nationale pour le changement (ANC), Jean-Pierre Fabre se poste devant le micro. Le ton est ferme, le discours se veut offensif. Ce samedi 10 octobre, face \u00e0 la centaine de membres du conseil national de son parti, celui qui fut longtemps pr\u00e9sent\u00e9 comme le chef de file de l\u2019opposition sort, enfin, du silence m\u00e9diatique qu\u2019il s\u2019\u00e9tait impos\u00e9 depuis son cuisant \u00e9chec \u00e0 la pr\u00e9sidentielle du 22 f\u00e9vrier.<\/p>\n<p>\u00ab Nous \u00e9tions et nous sommes toujours la cible \u00e0 abattre par le pouvoir \u00bb, mart\u00e8le Fabre, qui r\u00e9serve ses fl\u00e8ches les plus empoisonn\u00e9es \u00e0 Agb\u00e9yom\u00e9 Kodjo, sans jamais le nommer. \u00ab Que dire donc de cette id\u00e9e de candidature unique, dont le seul objectif est d\u2019\u00e9liminer par tous les moyens, y compris la diffamation, un candidat de l\u2019opposition au profit d\u2019un \u201ccandidat unique\u201d dont m\u00eame l\u2019appartenance \u00e0 l\u2019opposition \u00e9tait discutable ? Un candidat dont le seul \u201catout\u201d \u00e9tait l\u2019inv\u00e9rifiable soutien du Saint-Esprit ? \u00bb vitup\u00e8re Fabre.<\/p>\n<p>En ce jour symbolique marquant son dixi\u00e8me anniversaire, l\u2019ANC \u2013 n\u00e9e des divergences au sein de l\u2019Union des forces du changement (UFC) \u2013 essuie une charge \u00e0 la hauteur de sa d\u00e9faite. Alors qu\u2019il avait recueilli pr\u00e8s du tiers des voix lors de ses deux pr\u00e9c\u00e9dentes tentatives (33 % en 2010 et 35 % en 2015), Jean-Pierre Fabre n\u2019a m\u00eame pas atteint la barre symbolique de 5 % (il est \u00e0 4,68 %) lors de la pr\u00e9sidentielle. Et le patron du parti a d\u00fb laisser la place de \u00ab principal opposant \u00bb \u00e0 Agb\u00e9yom\u00e9 Kodjo, cr\u00e9dit\u00e9 de 18,37 %.<\/p>\n<p>En creux, Fabre en profite cependant pour faire son autocritique. Fini, d\u00e9sormais, les coalitions et autres regroupements de partis. L\u2019ANC, d\u00e9sormais, fera cavalier seul. Et pour \u00eatre s\u00fbr que le message passe, Jean-Pierre Fabre a convoqu\u00e9 la presse, mercredi 14 octobre, pour r\u00e9it\u00e9rer ses propos et exposer sa nouvelle strat\u00e9gie. \u00ab Lorsque vous \u00eates la cible de man\u0153uvres de d\u00e9stabilisation, la confiance meurt, glisse Fabre devant les journalistes. Nous n\u2019allons plus fonctionner comme d\u2019habitude. Les appels \u00e0 des unions qui n\u2019existent que de nom, nous n\u2019en ferons plus partie. \u00bb<\/p>\n<p>Et si alliance il doit y avoir dans le futur, elle se fera autour de l\u2019ANC, pas \u00e0 ses d\u00e9pens. Et uniquement \u00ab avec des responsables politiques s\u00e9rieux dont l\u2019engagement aux c\u00f4t\u00e9s du peuple dans sa qu\u00eate du changement d\u00e9mocratique est r\u00e9el \u00bb, insiste Fabre.<\/p>\n<p>D\u00e9finitivement enterr\u00e9e, donc, la coalition des partis de l\u2019opposition C14, qui avait boycott\u00e9 les l\u00e9gislatives de 2018 et les municipales de juin 2019, et avec laquelle Fabre avait d\u00e9j\u00e0 rompu les ponts, f\u00e2ch\u00e9 de la voir se fondre, de fait, dans la \u00ab Dynamique \u00bb initi\u00e9e par Mgr Philippe Fanoko Kossi Kpodzro, l\u2019archev\u00eaque \u00e9m\u00e9rite de Lom\u00e9. Termin\u00e9e, \u00e9galement, la strat\u00e9gie de la chaise vide, le patron de l\u2019ANC constatant que, d\u00e9sormais, il n\u2019y a \u00ab aucun d\u00e9put\u00e9 pour porter la contradiction \u00bb face \u00e0 la majorit\u00e9 de l\u2019Union pour la R\u00e9publique (UNIR) de Faure Gnassingb\u00e9.<\/p>\n<p>Fulbert Attisso, coordonnateur de la Dynamique, ne cache pas sa surprise face \u00e0 ce positionnement de l\u2019ANC. D\u2019autant plus que le mouvement qui avait soutenu la candidature d\u2019Agb\u00e9yom\u00e9 Kodjo \u00e0 la pr\u00e9sidentielle est au c\u0153ur de la tourmente. Son leader est en fuite \u2013 inculp\u00e9 d\u2019atteinte \u00e0 la s\u00fbret\u00e9 de l\u2019\u00c9tat, Kodjo vit cach\u00e9 depuis le 10 juillet \u2013 et le meeting qu\u2019il souhaitait organiser le 4 octobre dernier a \u00e9t\u00e9 interdit.<\/p>\n<p>Mais s\u2019il affirme que l\u2019ANC et la Dynamique sont \u00ab oblig\u00e9es de travailler ensemble \u00bb, il ne peut s\u2019emp\u00eacher de tacler le parti de Fabre. \u00ab Personne ne peut mener le lutte seule. D\u2019ailleurs, si l\u2019ANC pouvait le faire, elle l\u2019aurait d\u00e9j\u00e0 prouv\u00e9 : le parti a particip\u00e9 \u00e0 trois \u00e9lections pr\u00e9sidentielles et \u00e0 deux l\u00e9gislatives, et les r\u00e9sultats parlent d\u2019eux-m\u00eames. \u00bb<\/p>\n","protected":false},"excerpt":{"rendered":"<p>Africa-Press &#8211; Togo. Pr\u00e8s de huit mois apr\u00e8s sa d\u00e9faite au premier tour de la pr\u00e9sidentielle, l\u2019opposant Jean-Pierre Fabre a finalement rompu le silence qu\u2019il s\u2019\u00e9tait impos\u00e9 depuis sa d\u00e9b\u00e2cle. Et affirme avoir tir\u00e9 les le\u00e7ons de son \u00e9chec. Casquette orange viss\u00e9e sur la t\u00eate, chemise frapp\u00e9e du logo de l\u2019Alliance nationale pour le changement [&hellip;]<\/p>\n","protected":false},"author":82,"featured_media":787,"comment_status":"open","ping_status":"closed","sticky":false,"template":"","format":"standard","meta":{"footnotes":""},"categories":[7,11,2,20,10],"tags":[36,49,50],"class_list":["post-788","post","type-post","status-publish","format-standard","has-post-thumbnail","hentry","category-dossiers","category-homepage-french","category-politique","category-top-nouvelles","category-toutes-les-actualites","tag-africa-press","tag-africa-press-togo","tag-togo"],"yoast_head":"<!-- This site is optimized with the Yoast SEO Premium plugin v26.1 (Yoast SEO v27.0) - https:\/\/yoast.com\/product\/yoast-seo-premium-wordpress\/ -->\n<title>Fabre brise le silence et veut d\u00e9sormais faire cavalier seul - Togo<\/title>\n<meta name=\"description\" content=\"Pr\u00e8s de huit mois apr\u00e8s sa d\u00e9faite au premier tour de la pr\u00e9sidentielle, l\u2019opposant Jean-Pierre Fabre a finalement rompu ...\" \/>\n<meta name=\"robots\" content=\"index, follow, max-snippet:-1, max-image-preview:large, max-video-preview:-1\" \/>\n<link rel=\"canonical\" href=\"https:\/\/www.africa-press.net\/togo\/dossiers\/togo-fabre-brise-le-silence-et-veut-desormais-faire-cavalier-seul\" \/>\n<meta property=\"og:locale\" content=\"fr_FR\" \/>\n<meta property=\"og:type\" content=\"article\" \/>\n<meta property=\"og:title\" content=\"Fabre brise le silence et veut d\u00e9sormais faire cavalier seul\" \/>\n<meta property=\"og:description\" content=\"Pr\u00e8s de huit mois apr\u00e8s sa d\u00e9faite au premier tour de la pr\u00e9sidentielle, l\u2019opposant Jean-Pierre Fabre a finalement rompu ...\" \/>\n<meta property=\"og:url\" content=\"https:\/\/www.africa-press.net\/togo\/dossiers\/togo-fabre-brise-le-silence-et-veut-desormais-faire-cavalier-seul\" \/>\n<meta property=\"og:site_name\" content=\"Togo\" \/>\n<meta property=\"article:published_time\" content=\"2020-12-28T00:09:39+00:00\" \/>\n<meta property=\"og:image\" content=\"https:\/\/static.africa-press.net\/centrafricaine\/sites\/58\/2020\/12\/img-5fe915d118129.jpg\" \/>\n\t<meta property=\"og:image:width\" content=\"640\" \/>\n\t<meta property=\"og:image:height\" content=\"320\" \/>\n\t<meta property=\"og:image:type\" content=\"image\/jpeg\" \/>\n<meta name=\"author\" content=\"cfeditorfr\" \/>\n<meta name=\"twitter:card\" content=\"summary_large_image\" \/>\n<meta name=\"twitter:label1\" content=\"\u00c9crit par\" \/>\n\t<meta name=\"twitter:data1\" content=\"cfeditorfr\" \/>\n\t<meta name=\"twitter:label2\" content=\"Dur\u00e9e de lecture estim\u00e9e\" \/>\n\t<meta name=\"twitter:data2\" content=\"4 minutes\" \/>\n<script type=\"application\/ld+json\" class=\"yoast-schema-graph\">{\"@context\":\"https:\/\/schema.org\",\"@graph\":[{\"@type\":\"Article\",\"@id\":\"https:\/\/www.africa-press.net\/togo\/dossiers\/togo-fabre-brise-le-silence-et-veut-desormais-faire-cavalier-seul#article\",\"isPartOf\":{\"@id\":\"https:\/\/www.africa-press.net\/togo\/dossiers\/togo-fabre-brise-le-silence-et-veut-desormais-faire-cavalier-seul\"},\"author\":{\"name\":\"cfeditorfr\",\"@id\":\"https:\/\/www.africa-press.net\/togo\/#\/schema\/person\/2b1cf3cd81a31e3cd26889ca66d677f1\"},\"headline\":\"Fabre brise le silence et veut d\u00e9sormais faire cavalier seul\",\"datePublished\":\"2020-12-28T00:09:39+00:00\",\"mainEntityOfPage\":{\"@id\":\"https:\/\/www.africa-press.net\/togo\/dossiers\/togo-fabre-brise-le-silence-et-veut-desormais-faire-cavalier-seul\"},\"wordCount\":733,\"commentCount\":0,\"image\":{\"@id\":\"https:\/\/www.africa-press.net\/togo\/dossiers\/togo-fabre-brise-le-silence-et-veut-desormais-faire-cavalier-seul#primaryimage\"},\"thumbnailUrl\":\"https:\/\/static.africa-press.net\/centrafricaine\/sites\/58\/2020\/12\/img-5fe915d118129.jpg\",\"keywords\":[\"Africa Press\",\"Africa Press-Togo\",\"Togo\"],\"articleSection\":[\"Dossiers\",\"homepage-french\",\"Politique\",\"Top Nouvelles\",\"Toutes les actualit\u00e9s\"],\"inLanguage\":\"fr-FR\",\"potentialAction\":[{\"@type\":\"CommentAction\",\"name\":\"Comment\",\"target\":[\"https:\/\/www.africa-press.net\/togo\/dossiers\/togo-fabre-brise-le-silence-et-veut-desormais-faire-cavalier-seul#respond\"]}]},{\"@type\":\"WebPage\",\"@id\":\"https:\/\/www.africa-press.net\/togo\/dossiers\/togo-fabre-brise-le-silence-et-veut-desormais-faire-cavalier-seul\",\"url\":\"https:\/\/www.africa-press.net\/togo\/dossiers\/togo-fabre-brise-le-silence-et-veut-desormais-faire-cavalier-seul\",\"name\":\"Fabre brise le silence et veut d\u00e9sormais faire cavalier seul - Togo\",\"isPartOf\":{\"@id\":\"https:\/\/www.africa-press.net\/togo\/#website\"},\"primaryImageOfPage\":{\"@id\":\"https:\/\/www.africa-press.net\/togo\/dossiers\/togo-fabre-brise-le-silence-et-veut-desormais-faire-cavalier-seul#primaryimage\"},\"image\":{\"@id\":\"https:\/\/www.africa-press.net\/togo\/dossiers\/togo-fabre-brise-le-silence-et-veut-desormais-faire-cavalier-seul#primaryimage\"},\"thumbnailUrl\":\"https:\/\/static.africa-press.net\/centrafricaine\/sites\/58\/2020\/12\/img-5fe915d118129.jpg\",\"datePublished\":\"2020-12-28T00:09:39+00:00\",\"author\":{\"@id\":\"https:\/\/www.africa-press.net\/togo\/#\/schema\/person\/2b1cf3cd81a31e3cd26889ca66d677f1\"},\"description\":\"Pr\u00e8s de huit mois apr\u00e8s sa d\u00e9faite au premier tour de la pr\u00e9sidentielle, l\u2019opposant Jean-Pierre Fabre a finalement rompu ...\",\"breadcrumb\":{\"@id\":\"https:\/\/www.africa-press.net\/togo\/dossiers\/togo-fabre-brise-le-silence-et-veut-desormais-faire-cavalier-seul#breadcrumb\"},\"inLanguage\":\"fr-FR\",\"potentialAction\":[{\"@type\":\"ReadAction\",\"target\":[\"https:\/\/www.africa-press.net\/togo\/dossiers\/togo-fabre-brise-le-silence-et-veut-desormais-faire-cavalier-seul\"]}]},{\"@type\":\"ImageObject\",\"inLanguage\":\"fr-FR\",\"@id\":\"https:\/\/www.africa-press.net\/togo\/dossiers\/togo-fabre-brise-le-silence-et-veut-desormais-faire-cavalier-seul#primaryimage\",\"url\":\"https:\/\/static.africa-press.net\/centrafricaine\/sites\/58\/2020\/12\/img-5fe915d118129.jpg\",\"contentUrl\":\"https:\/\/static.africa-press.net\/centrafricaine\/sites\/58\/2020\/12\/img-5fe915d118129.jpg\",\"width\":640,\"height\":320,\"caption\":\"Togo\u00a0: Fabre brise le silence et veut d\u00e9sormais faire cavalier seul\"},{\"@type\":\"BreadcrumbList\",\"@id\":\"https:\/\/www.africa-press.net\/togo\/dossiers\/togo-fabre-brise-le-silence-et-veut-desormais-faire-cavalier-seul#breadcrumb\",\"itemListElement\":[{\"@type\":\"ListItem\",\"position\":1,\"name\":\"Accueil\",\"item\":\"https:\/\/www.africa-press.net\/togo\/\"},{\"@type\":\"ListItem\",\"position\":2,\"name\":\"Fabre brise le silence et veut d\u00e9sormais faire cavalier seul\"}]},{\"@type\":\"WebSite\",\"@id\":\"https:\/\/www.africa-press.net\/togo\/#website\",\"url\":\"https:\/\/www.africa-press.net\/togo\/\",\"name\":\"Togo\",\"description\":\"Just another Africa News Agency Sites site\",\"potentialAction\":[{\"@type\":\"SearchAction\",\"target\":{\"@type\":\"EntryPoint\",\"urlTemplate\":\"https:\/\/www.africa-press.net\/togo\/?s={search_term_string}\"},\"query-input\":{\"@type\":\"PropertyValueSpecification\",\"valueRequired\":true,\"valueName\":\"search_term_string\"}}],\"inLanguage\":\"fr-FR\"},{\"@type\":\"Person\",\"@id\":\"https:\/\/www.africa-press.net\/togo\/#\/schema\/person\/2b1cf3cd81a31e3cd26889ca66d677f1\",\"name\":\"cfeditorfr\"}]}<\/script>\n<!-- \/ Yoast SEO Premium plugin. -->","yoast_head_json":{"title":"Fabre brise le silence et veut d\u00e9sormais faire cavalier seul - Togo","description":"Pr\u00e8s de huit mois apr\u00e8s sa d\u00e9faite au premier tour de la pr\u00e9sidentielle, l\u2019opposant Jean-Pierre Fabre a finalement rompu ...","robots":{"index":"index","follow":"follow","max-snippet":"max-snippet:-1","max-image-preview":"max-image-preview:large","max-video-preview":"max-video-preview:-1"},"canonical":"https:\/\/www.africa-press.net\/togo\/dossiers\/togo-fabre-brise-le-silence-et-veut-desormais-faire-cavalier-seul","og_locale":"fr_FR","og_type":"article","og_title":"Fabre brise le silence et veut d\u00e9sormais faire cavalier seul","og_description":"Pr\u00e8s de huit mois apr\u00e8s sa d\u00e9faite au premier tour de la pr\u00e9sidentielle, l\u2019opposant Jean-Pierre Fabre a finalement rompu ...","og_url":"https:\/\/www.africa-press.net\/togo\/dossiers\/togo-fabre-brise-le-silence-et-veut-desormais-faire-cavalier-seul","og_site_name":"Togo","article_published_time":"2020-12-28T00:09:39+00:00","og_image":[{"width":640,"height":320,"url":"https:\/\/static.africa-press.net\/centrafricaine\/sites\/58\/2020\/12\/img-5fe915d118129.jpg","type":"image\/jpeg"}],"author":"cfeditorfr","twitter_card":"summary_large_image","twitter_misc":{"\u00c9crit par":"cfeditorfr","Dur\u00e9e de lecture estim\u00e9e":"4 minutes"},"schema":{"@context":"https:\/\/schema.org","@graph":[{"@type":"Article","@id":"https:\/\/www.africa-press.net\/togo\/dossiers\/togo-fabre-brise-le-silence-et-veut-desormais-faire-cavalier-seul#article","isPartOf":{"@id":"https:\/\/www.africa-press.net\/togo\/dossiers\/togo-fabre-brise-le-silence-et-veut-desormais-faire-cavalier-seul"},"author":{"name":"cfeditorfr","@id":"https:\/\/www.africa-press.net\/togo\/#\/schema\/person\/2b1cf3cd81a31e3cd26889ca66d677f1"},"headline":"Fabre brise le silence et veut d\u00e9sormais faire cavalier seul","datePublished":"2020-12-28T00:09:39+00:00","mainEntityOfPage":{"@id":"https:\/\/www.africa-press.net\/togo\/dossiers\/togo-fabre-brise-le-silence-et-veut-desormais-faire-cavalier-seul"},"wordCount":733,"commentCount":0,"image":{"@id":"https:\/\/www.africa-press.net\/togo\/dossiers\/togo-fabre-brise-le-silence-et-veut-desormais-faire-cavalier-seul#primaryimage"},"thumbnailUrl":"https:\/\/static.africa-press.net\/centrafricaine\/sites\/58\/2020\/12\/img-5fe915d118129.jpg","keywords":["Africa Press","Africa Press-Togo","Togo"],"articleSection":["Dossiers","homepage-french","Politique","Top Nouvelles","Toutes les actualit\u00e9s"],"inLanguage":"fr-FR","potentialAction":[{"@type":"CommentAction","name":"Comment","target":["https:\/\/www.africa-press.net\/togo\/dossiers\/togo-fabre-brise-le-silence-et-veut-desormais-faire-cavalier-seul#respond"]}]},{"@type":"WebPage","@id":"https:\/\/www.africa-press.net\/togo\/dossiers\/togo-fabre-brise-le-silence-et-veut-desormais-faire-cavalier-seul","url":"https:\/\/www.africa-press.net\/togo\/dossiers\/togo-fabre-brise-le-silence-et-veut-desormais-faire-cavalier-seul","name":"Fabre brise le silence et veut d\u00e9sormais faire cavalier seul - Togo","isPartOf":{"@id":"https:\/\/www.africa-press.net\/togo\/#website"},"primaryImageOfPage":{"@id":"https:\/\/www.africa-press.net\/togo\/dossiers\/togo-fabre-brise-le-silence-et-veut-desormais-faire-cavalier-seul#primaryimage"},"image":{"@id":"https:\/\/www.africa-press.net\/togo\/dossiers\/togo-fabre-brise-le-silence-et-veut-desormais-faire-cavalier-seul#primaryimage"},"thumbnailUrl":"https:\/\/static.africa-press.net\/centrafricaine\/sites\/58\/2020\/12\/img-5fe915d118129.jpg","datePublished":"2020-12-28T00:09:39+00:00","author":{"@id":"https:\/\/www.africa-press.net\/togo\/#\/schema\/person\/2b1cf3cd81a31e3cd26889ca66d677f1"},"description":"Pr\u00e8s de huit mois apr\u00e8s sa d\u00e9faite au premier tour de la pr\u00e9sidentielle, l\u2019opposant Jean-Pierre Fabre a finalement rompu ...","breadcrumb":{"@id":"https:\/\/www.africa-press.net\/togo\/dossiers\/togo-fabre-brise-le-silence-et-veut-desormais-faire-cavalier-seul#breadcrumb"},"inLanguage":"fr-FR","potentialAction":[{"@type":"ReadAction","target":["https:\/\/www.africa-press.net\/togo\/dossiers\/togo-fabre-brise-le-silence-et-veut-desormais-faire-cavalier-seul"]}]},{"@type":"ImageObject","inLanguage":"fr-FR","@id":"https:\/\/www.africa-press.net\/togo\/dossiers\/togo-fabre-brise-le-silence-et-veut-desormais-faire-cavalier-seul#primaryimage","url":"https:\/\/static.africa-press.net\/centrafricaine\/sites\/58\/2020\/12\/img-5fe915d118129.jpg","contentUrl":"https:\/\/static.africa-press.net\/centrafricaine\/sites\/58\/2020\/12\/img-5fe915d118129.jpg","width":640,"height":320,"caption":"Togo\u00a0: Fabre brise le silence et veut d\u00e9sormais faire cavalier seul"},{"@type":"BreadcrumbList","@id":"https:\/\/www.africa-press.net\/togo\/dossiers\/togo-fabre-brise-le-silence-et-veut-desormais-faire-cavalier-seul#breadcrumb","itemListElement":[{"@type":"ListItem","position":1,"name":"Accueil","item":"https:\/\/www.africa-press.net\/togo\/"},{"@type":"ListItem","position":2,"name":"Fabre brise le silence et veut d\u00e9sormais faire cavalier seul"}]},{"@type":"WebSite","@id":"https:\/\/www.africa-press.net\/togo\/#website","url":"https:\/\/www.africa-press.net\/togo\/","name":"Togo","description":"Just another Africa News Agency Sites site","potentialAction":[{"@type":"SearchAction","target":{"@type":"EntryPoint","urlTemplate":"https:\/\/www.africa-press.net\/togo\/?s={search_term_string}"},"query-input":{"@type":"PropertyValueSpecification","valueRequired":true,"valueName":"search_term_string"}}],"inLanguage":"fr-FR"},{"@type":"Person","@id":"https:\/\/www.africa-press.net\/togo\/#\/schema\/person\/2b1cf3cd81a31e3cd26889ca66d677f1","name":"cfeditorfr"}]}},"_links":{"self":[{"href":"https:\/\/www.africa-press.net\/togo\/wp-json\/wp\/v2\/posts\/788","targetHints":{"allow":["GET"]}}],"collection":[{"href":"https:\/\/www.africa-press.net\/togo\/wp-json\/wp\/v2\/posts"}],"about":[{"href":"https:\/\/www.africa-press.net\/togo\/wp-json\/wp\/v2\/types\/post"}],"author":[{"embeddable":true,"href":"https:\/\/www.africa-press.net\/togo\/wp-json\/wp\/v2\/users\/82"}],"replies":[{"embeddable":true,"href":"https:\/\/www.africa-press.net\/togo\/wp-json\/wp\/v2\/comments?post=788"}],"version-history":[{"count":0,"href":"https:\/\/www.africa-press.net\/togo\/wp-json\/wp\/v2\/posts\/788\/revisions"}],"wp:featuredmedia":[{"embeddable":true,"href":"https:\/\/www.africa-press.net\/togo\/wp-json\/wp\/v2\/media\/787"}],"wp:attachment":[{"href":"https:\/\/www.africa-press.net\/togo\/wp-json\/wp\/v2\/media?parent=788"}],"wp:term":[{"taxonomy":"category","embeddable":true,"href":"https:\/\/www.africa-press.net\/togo\/wp-json\/wp\/v2\/categories?post=788"},{"taxonomy":"post_tag","embeddable":true,"href":"https:\/\/www.africa-press.net\/togo\/wp-json\/wp\/v2\/tags?post=788"}],"curies":[{"name":"wp","href":"https:\/\/api.w.org\/{rel}","templated":true}]}}