{"id":791,"date":"2020-12-28T00:21:17","date_gmt":"2020-12-28T00:21:17","guid":{"rendered":"https:\/\/www.africa-press.com\/togo\/?p=791"},"modified":"2020-12-28T00:32:27","modified_gmt":"2020-12-28T00:32:27","slug":"la-jeune-garde-de-faure-gnassingbe","status":"publish","type":"post","link":"https:\/\/www.africa-press.net\/togo\/dossiers\/la-jeune-garde-de-faure-gnassingbe","title":{"rendered":"la jeune garde de Faure Gnassingb\u00e9"},"content":{"rendered":"<p><span style=\"color: #ff6600\"><strong><a href=\"https:\/\/www.africa-press.com\">Africa-Press<\/a> &#8211; <a href=\"https:\/\/www.africa-press.com\/togo\">Togo<\/a>. <\/strong><\/span>Le pr\u00e9sident togolais, qui s\u2019appuie d\u00e9sormais sur un nouveau gouvernement dirig\u00e9 par Victoire Tomegah Dogbe, vient de r\u00e9organiser son \u00e9quipe de proches collaborateurs.<\/p>\n<p>Si sa vieille garde de conseillers sp\u00e9ciaux murmure toujours \u00e0 son oreille, \u00e0 l\u2019instar de son fr\u00e8re Amah Gnassingb\u00e9, mais aussi de Barry Moussa Barqu\u00e9, Charles Debbasch et Koffi Sama, le pr\u00e9sident togolais Faure Gnassingb\u00e9, r\u00e9\u00e9lu en f\u00e9vrier dernier pour un quatri\u00e8me mandat, s\u2019est entour\u00e9 d\u2019hommes et de femmes jeunes, mais surtout tr\u00e8s discrets. Revue des troupes.<\/p>\n<p>Secr\u00e9taire g\u00e9n\u00e9rale de la pr\u00e9sidence de la R\u00e9publique, Ablamba Sandra Johnson a rang de ministre. Ici \u00e0 Lom\u00e9, le 31 mai 2019. \u00a9 Piment pour JA Secr\u00e9taire g\u00e9n\u00e9rale de la pr\u00e9sidence de la R\u00e9publique, Ablamba Sandra Johnson a rang de ministre. Nomm\u00e9e en remplacement de Patrick Dat\u00e9 T\u00e9vi-Benissan, d\u00e9c\u00e9d\u00e9 le 2 septembre dernier, elle assure aussi la direction du cabinet civil du chef de l\u2019\u00c9tat depuis la promotion \u00e0 la primature de Victoire Tomegah Dogbe.<\/p>\n<p>Ancienne conseill\u00e8re de Faure Gnassingb\u00e9 charg\u00e9e de l\u2019am\u00e9lioration du climat des affaires, Ablamba Sandra Johnson est une habitu\u00e9e des couloirs du Palais de la marina. Elle est r\u00e9compens\u00e9e pour avoir contribu\u00e9 \u00e0 faire aboutir les r\u00e9formes qui ont permis les progr\u00e8s spectaculaires du Togo dans les classements 2019 et 2020 des rapports \u00ab Doing Business \u00bb de la Banque mondiale.<\/p>\n<p>Certes, il ne fait pas partie du premier cercle imm\u00e9diat du chef de l\u2019\u00c9tat, mais ce professionnel des m\u00e9dias a dirig\u00e9 pendant douze ans, de 2006 \u00e0 2018, la T\u00e9l\u00e9vision togolaise (TVT), jusqu\u2019\u00e0 son d\u00e9part \u00e0 la retraite. Il va devoir chapeauter l\u2019ensemble des communicants rattach\u00e9s aux diff\u00e9rents minist\u00e8res pour donner du sens et de la coh\u00e9rence aux messages de l\u2019ex\u00e9cutif.<\/p>\n<p>Cet ex-chef d\u2019\u00e9tat-major adjoint des Forces arm\u00e9es togolaises, \u00e9lev\u00e9 au grade de g\u00e9n\u00e9ral en 2018, prend la t\u00eate du cabinet militaire du Palais. Il succ\u00e8de au colonel Awoki Panassa nomm\u00e9, en janvier 2020, ambassadeur du Togo au Ghana. \u00c0 ce poste, Adjitowou servira d\u2019interface entre le pr\u00e9sident et les forces de d\u00e9fense.<\/p>\n<p>Il est le coordonnateur national de la gestion de la riposte au Covid-19. Directeur central du service de sant\u00e9 des arm\u00e9es et de la clinique m\u00e9dico-chirurgicale (alias le Pavillon militaire) du CHU Sylvanus-Olympio, Awalou rend quotidiennement des comptes \u00e0 Faure Gnassingb\u00e9, qui est \u00e0 la t\u00eate du comit\u00e9 de crise luttant contre la pand\u00e9mie. Cet homme tr\u00e8s discret est par ailleurs professeur des universit\u00e9s.<\/p>\n","protected":false},"excerpt":{"rendered":"<p>Africa-Press &#8211; Togo. Le pr\u00e9sident togolais, qui s\u2019appuie d\u00e9sormais sur un nouveau gouvernement dirig\u00e9 par Victoire Tomegah Dogbe, vient de r\u00e9organiser son \u00e9quipe de proches collaborateurs. Si sa vieille garde de conseillers sp\u00e9ciaux murmure toujours \u00e0 son oreille, \u00e0 l\u2019instar de son fr\u00e8re Amah Gnassingb\u00e9, mais aussi de Barry Moussa Barqu\u00e9, Charles Debbasch et Koffi [&hellip;]<\/p>\n","protected":false},"author":82,"featured_media":790,"comment_status":"open","ping_status":"closed","sticky":false,"template":"","format":"standard","meta":{"footnotes":""},"categories":[7,11,20,10],"tags":[36,49,50],"class_list":["post-791","post","type-post","status-publish","format-standard","has-post-thumbnail","hentry","category-dossiers","category-homepage-french","category-top-nouvelles","category-toutes-les-actualites","tag-africa-press","tag-africa-press-togo","tag-togo"],"yoast_head":"<!-- This site is optimized with the Yoast SEO Premium plugin v26.1 (Yoast SEO v27.0) - https:\/\/yoast.com\/product\/yoast-seo-premium-wordpress\/ -->\n<title>la jeune garde de Faure Gnassingb\u00e9 - Togo<\/title>\n<meta name=\"description\" content=\"Le pr\u00e9sident togolais, qui s\u2019appuie d\u00e9sormais sur un nouveau gouvernement dirig\u00e9 par Victoire Tomegah Dogbe, vient de r\u00e9 ...\" \/>\n<meta name=\"robots\" content=\"index, follow, max-snippet:-1, max-image-preview:large, max-video-preview:-1\" \/>\n<link rel=\"canonical\" href=\"https:\/\/www.africa-press.net\/togo\/dossiers\/la-jeune-garde-de-faure-gnassingbe\" \/>\n<meta property=\"og:locale\" content=\"fr_FR\" \/>\n<meta property=\"og:type\" content=\"article\" \/>\n<meta property=\"og:title\" content=\"la jeune garde de Faure Gnassingb\u00e9\" \/>\n<meta property=\"og:description\" content=\"Le pr\u00e9sident togolais, qui s\u2019appuie d\u00e9sormais sur un nouveau gouvernement dirig\u00e9 par Victoire Tomegah Dogbe, vient de r\u00e9 ...\" \/>\n<meta property=\"og:url\" content=\"https:\/\/www.africa-press.net\/togo\/dossiers\/la-jeune-garde-de-faure-gnassingbe\" \/>\n<meta property=\"og:site_name\" content=\"Togo\" \/>\n<meta property=\"article:published_time\" content=\"2020-12-28T00:21:17+00:00\" \/>\n<meta property=\"article:modified_time\" content=\"2020-12-28T00:32:27+00:00\" \/>\n<meta property=\"og:image\" content=\"https:\/\/static.africa-press.net\/centrafricaine\/sites\/58\/2020\/12\/img-5fe915f67b6f5.jpg\" \/>\n\t<meta property=\"og:image:width\" content=\"640\" \/>\n\t<meta property=\"og:image:height\" content=\"320\" \/>\n\t<meta property=\"og:image:type\" content=\"image\/jpeg\" \/>\n<meta name=\"author\" content=\"cfeditorfr\" \/>\n<meta name=\"twitter:card\" content=\"summary_large_image\" \/>\n<meta name=\"twitter:label1\" content=\"\u00c9crit par\" \/>\n\t<meta name=\"twitter:data1\" content=\"cfeditorfr\" \/>\n\t<meta name=\"twitter:label2\" content=\"Dur\u00e9e de lecture estim\u00e9e\" \/>\n\t<meta name=\"twitter:data2\" content=\"2 minutes\" \/>\n<script type=\"application\/ld+json\" class=\"yoast-schema-graph\">{\"@context\":\"https:\/\/schema.org\",\"@graph\":[{\"@type\":\"Article\",\"@id\":\"https:\/\/www.africa-press.net\/togo\/dossiers\/la-jeune-garde-de-faure-gnassingbe#article\",\"isPartOf\":{\"@id\":\"https:\/\/www.africa-press.net\/togo\/dossiers\/la-jeune-garde-de-faure-gnassingbe\"},\"author\":{\"name\":\"cfeditorfr\",\"@id\":\"https:\/\/www.africa-press.net\/togo\/#\/schema\/person\/2b1cf3cd81a31e3cd26889ca66d677f1\"},\"headline\":\"la jeune garde de Faure Gnassingb\u00e9\",\"datePublished\":\"2020-12-28T00:21:17+00:00\",\"dateModified\":\"2020-12-28T00:32:27+00:00\",\"mainEntityOfPage\":{\"@id\":\"https:\/\/www.africa-press.net\/togo\/dossiers\/la-jeune-garde-de-faure-gnassingbe\"},\"wordCount\":445,\"commentCount\":0,\"image\":{\"@id\":\"https:\/\/www.africa-press.net\/togo\/dossiers\/la-jeune-garde-de-faure-gnassingbe#primaryimage\"},\"thumbnailUrl\":\"https:\/\/static.africa-press.net\/centrafricaine\/sites\/58\/2020\/12\/img-5fe915f67b6f5.jpg\",\"keywords\":[\"Africa Press\",\"Africa Press-Togo\",\"Togo\"],\"articleSection\":[\"Dossiers\",\"homepage-french\",\"Top Nouvelles\",\"Toutes les actualit\u00e9s\"],\"inLanguage\":\"fr-FR\",\"potentialAction\":[{\"@type\":\"CommentAction\",\"name\":\"Comment\",\"target\":[\"https:\/\/www.africa-press.net\/togo\/dossiers\/la-jeune-garde-de-faure-gnassingbe#respond\"]}]},{\"@type\":\"WebPage\",\"@id\":\"https:\/\/www.africa-press.net\/togo\/dossiers\/la-jeune-garde-de-faure-gnassingbe\",\"url\":\"https:\/\/www.africa-press.net\/togo\/dossiers\/la-jeune-garde-de-faure-gnassingbe\",\"name\":\"la jeune garde de Faure Gnassingb\u00e9 - Togo\",\"isPartOf\":{\"@id\":\"https:\/\/www.africa-press.net\/togo\/#website\"},\"primaryImageOfPage\":{\"@id\":\"https:\/\/www.africa-press.net\/togo\/dossiers\/la-jeune-garde-de-faure-gnassingbe#primaryimage\"},\"image\":{\"@id\":\"https:\/\/www.africa-press.net\/togo\/dossiers\/la-jeune-garde-de-faure-gnassingbe#primaryimage\"},\"thumbnailUrl\":\"https:\/\/static.africa-press.net\/centrafricaine\/sites\/58\/2020\/12\/img-5fe915f67b6f5.jpg\",\"datePublished\":\"2020-12-28T00:21:17+00:00\",\"dateModified\":\"2020-12-28T00:32:27+00:00\",\"author\":{\"@id\":\"https:\/\/www.africa-press.net\/togo\/#\/schema\/person\/2b1cf3cd81a31e3cd26889ca66d677f1\"},\"description\":\"Le pr\u00e9sident togolais, qui s\u2019appuie d\u00e9sormais sur un nouveau gouvernement dirig\u00e9 par Victoire Tomegah Dogbe, vient de r\u00e9 ...\",\"breadcrumb\":{\"@id\":\"https:\/\/www.africa-press.net\/togo\/dossiers\/la-jeune-garde-de-faure-gnassingbe#breadcrumb\"},\"inLanguage\":\"fr-FR\",\"potentialAction\":[{\"@type\":\"ReadAction\",\"target\":[\"https:\/\/www.africa-press.net\/togo\/dossiers\/la-jeune-garde-de-faure-gnassingbe\"]}]},{\"@type\":\"ImageObject\",\"inLanguage\":\"fr-FR\",\"@id\":\"https:\/\/www.africa-press.net\/togo\/dossiers\/la-jeune-garde-de-faure-gnassingbe#primaryimage\",\"url\":\"https:\/\/static.africa-press.net\/centrafricaine\/sites\/58\/2020\/12\/img-5fe915f67b6f5.jpg\",\"contentUrl\":\"https:\/\/static.africa-press.net\/centrafricaine\/sites\/58\/2020\/12\/img-5fe915f67b6f5.jpg\",\"width\":640,\"height\":320,\"caption\":\"Togo\u00a0: la jeune garde de Faure Gnassingb\u00e9\"},{\"@type\":\"BreadcrumbList\",\"@id\":\"https:\/\/www.africa-press.net\/togo\/dossiers\/la-jeune-garde-de-faure-gnassingbe#breadcrumb\",\"itemListElement\":[{\"@type\":\"ListItem\",\"position\":1,\"name\":\"Accueil\",\"item\":\"https:\/\/www.africa-press.net\/togo\/\"},{\"@type\":\"ListItem\",\"position\":2,\"name\":\"la jeune garde de Faure Gnassingb\u00e9\"}]},{\"@type\":\"WebSite\",\"@id\":\"https:\/\/www.africa-press.net\/togo\/#website\",\"url\":\"https:\/\/www.africa-press.net\/togo\/\",\"name\":\"Togo\",\"description\":\"Just another Africa News Agency Sites site\",\"potentialAction\":[{\"@type\":\"SearchAction\",\"target\":{\"@type\":\"EntryPoint\",\"urlTemplate\":\"https:\/\/www.africa-press.net\/togo\/?s={search_term_string}\"},\"query-input\":{\"@type\":\"PropertyValueSpecification\",\"valueRequired\":true,\"valueName\":\"search_term_string\"}}],\"inLanguage\":\"fr-FR\"},{\"@type\":\"Person\",\"@id\":\"https:\/\/www.africa-press.net\/togo\/#\/schema\/person\/2b1cf3cd81a31e3cd26889ca66d677f1\",\"name\":\"cfeditorfr\"}]}<\/script>\n<!-- \/ Yoast SEO Premium plugin. -->","yoast_head_json":{"title":"la jeune garde de Faure Gnassingb\u00e9 - Togo","description":"Le pr\u00e9sident togolais, qui s\u2019appuie d\u00e9sormais sur un nouveau gouvernement dirig\u00e9 par Victoire Tomegah Dogbe, vient de r\u00e9 ...","robots":{"index":"index","follow":"follow","max-snippet":"max-snippet:-1","max-image-preview":"max-image-preview:large","max-video-preview":"max-video-preview:-1"},"canonical":"https:\/\/www.africa-press.net\/togo\/dossiers\/la-jeune-garde-de-faure-gnassingbe","og_locale":"fr_FR","og_type":"article","og_title":"la jeune garde de Faure Gnassingb\u00e9","og_description":"Le pr\u00e9sident togolais, qui s\u2019appuie d\u00e9sormais sur un nouveau gouvernement dirig\u00e9 par Victoire Tomegah Dogbe, vient de r\u00e9 ...","og_url":"https:\/\/www.africa-press.net\/togo\/dossiers\/la-jeune-garde-de-faure-gnassingbe","og_site_name":"Togo","article_published_time":"2020-12-28T00:21:17+00:00","article_modified_time":"2020-12-28T00:32:27+00:00","og_image":[{"width":640,"height":320,"url":"https:\/\/static.africa-press.net\/centrafricaine\/sites\/58\/2020\/12\/img-5fe915f67b6f5.jpg","type":"image\/jpeg"}],"author":"cfeditorfr","twitter_card":"summary_large_image","twitter_misc":{"\u00c9crit par":"cfeditorfr","Dur\u00e9e de lecture estim\u00e9e":"2 minutes"},"schema":{"@context":"https:\/\/schema.org","@graph":[{"@type":"Article","@id":"https:\/\/www.africa-press.net\/togo\/dossiers\/la-jeune-garde-de-faure-gnassingbe#article","isPartOf":{"@id":"https:\/\/www.africa-press.net\/togo\/dossiers\/la-jeune-garde-de-faure-gnassingbe"},"author":{"name":"cfeditorfr","@id":"https:\/\/www.africa-press.net\/togo\/#\/schema\/person\/2b1cf3cd81a31e3cd26889ca66d677f1"},"headline":"la jeune garde de Faure Gnassingb\u00e9","datePublished":"2020-12-28T00:21:17+00:00","dateModified":"2020-12-28T00:32:27+00:00","mainEntityOfPage":{"@id":"https:\/\/www.africa-press.net\/togo\/dossiers\/la-jeune-garde-de-faure-gnassingbe"},"wordCount":445,"commentCount":0,"image":{"@id":"https:\/\/www.africa-press.net\/togo\/dossiers\/la-jeune-garde-de-faure-gnassingbe#primaryimage"},"thumbnailUrl":"https:\/\/static.africa-press.net\/centrafricaine\/sites\/58\/2020\/12\/img-5fe915f67b6f5.jpg","keywords":["Africa Press","Africa Press-Togo","Togo"],"articleSection":["Dossiers","homepage-french","Top Nouvelles","Toutes les actualit\u00e9s"],"inLanguage":"fr-FR","potentialAction":[{"@type":"CommentAction","name":"Comment","target":["https:\/\/www.africa-press.net\/togo\/dossiers\/la-jeune-garde-de-faure-gnassingbe#respond"]}]},{"@type":"WebPage","@id":"https:\/\/www.africa-press.net\/togo\/dossiers\/la-jeune-garde-de-faure-gnassingbe","url":"https:\/\/www.africa-press.net\/togo\/dossiers\/la-jeune-garde-de-faure-gnassingbe","name":"la jeune garde de Faure Gnassingb\u00e9 - Togo","isPartOf":{"@id":"https:\/\/www.africa-press.net\/togo\/#website"},"primaryImageOfPage":{"@id":"https:\/\/www.africa-press.net\/togo\/dossiers\/la-jeune-garde-de-faure-gnassingbe#primaryimage"},"image":{"@id":"https:\/\/www.africa-press.net\/togo\/dossiers\/la-jeune-garde-de-faure-gnassingbe#primaryimage"},"thumbnailUrl":"https:\/\/static.africa-press.net\/centrafricaine\/sites\/58\/2020\/12\/img-5fe915f67b6f5.jpg","datePublished":"2020-12-28T00:21:17+00:00","dateModified":"2020-12-28T00:32:27+00:00","author":{"@id":"https:\/\/www.africa-press.net\/togo\/#\/schema\/person\/2b1cf3cd81a31e3cd26889ca66d677f1"},"description":"Le pr\u00e9sident togolais, qui s\u2019appuie d\u00e9sormais sur un nouveau gouvernement dirig\u00e9 par Victoire Tomegah Dogbe, vient de r\u00e9 ...","breadcrumb":{"@id":"https:\/\/www.africa-press.net\/togo\/dossiers\/la-jeune-garde-de-faure-gnassingbe#breadcrumb"},"inLanguage":"fr-FR","potentialAction":[{"@type":"ReadAction","target":["https:\/\/www.africa-press.net\/togo\/dossiers\/la-jeune-garde-de-faure-gnassingbe"]}]},{"@type":"ImageObject","inLanguage":"fr-FR","@id":"https:\/\/www.africa-press.net\/togo\/dossiers\/la-jeune-garde-de-faure-gnassingbe#primaryimage","url":"https:\/\/static.africa-press.net\/centrafricaine\/sites\/58\/2020\/12\/img-5fe915f67b6f5.jpg","contentUrl":"https:\/\/static.africa-press.net\/centrafricaine\/sites\/58\/2020\/12\/img-5fe915f67b6f5.jpg","width":640,"height":320,"caption":"Togo\u00a0: la jeune garde de Faure Gnassingb\u00e9"},{"@type":"BreadcrumbList","@id":"https:\/\/www.africa-press.net\/togo\/dossiers\/la-jeune-garde-de-faure-gnassingbe#breadcrumb","itemListElement":[{"@type":"ListItem","position":1,"name":"Accueil","item":"https:\/\/www.africa-press.net\/togo\/"},{"@type":"ListItem","position":2,"name":"la jeune garde de Faure Gnassingb\u00e9"}]},{"@type":"WebSite","@id":"https:\/\/www.africa-press.net\/togo\/#website","url":"https:\/\/www.africa-press.net\/togo\/","name":"Togo","description":"Just another Africa News Agency Sites site","potentialAction":[{"@type":"SearchAction","target":{"@type":"EntryPoint","urlTemplate":"https:\/\/www.africa-press.net\/togo\/?s={search_term_string}"},"query-input":{"@type":"PropertyValueSpecification","valueRequired":true,"valueName":"search_term_string"}}],"inLanguage":"fr-FR"},{"@type":"Person","@id":"https:\/\/www.africa-press.net\/togo\/#\/schema\/person\/2b1cf3cd81a31e3cd26889ca66d677f1","name":"cfeditorfr"}]}},"_links":{"self":[{"href":"https:\/\/www.africa-press.net\/togo\/wp-json\/wp\/v2\/posts\/791","targetHints":{"allow":["GET"]}}],"collection":[{"href":"https:\/\/www.africa-press.net\/togo\/wp-json\/wp\/v2\/posts"}],"about":[{"href":"https:\/\/www.africa-press.net\/togo\/wp-json\/wp\/v2\/types\/post"}],"author":[{"embeddable":true,"href":"https:\/\/www.africa-press.net\/togo\/wp-json\/wp\/v2\/users\/82"}],"replies":[{"embeddable":true,"href":"https:\/\/www.africa-press.net\/togo\/wp-json\/wp\/v2\/comments?post=791"}],"version-history":[{"count":0,"href":"https:\/\/www.africa-press.net\/togo\/wp-json\/wp\/v2\/posts\/791\/revisions"}],"wp:featuredmedia":[{"embeddable":true,"href":"https:\/\/www.africa-press.net\/togo\/wp-json\/wp\/v2\/media\/790"}],"wp:attachment":[{"href":"https:\/\/www.africa-press.net\/togo\/wp-json\/wp\/v2\/media?parent=791"}],"wp:term":[{"taxonomy":"category","embeddable":true,"href":"https:\/\/www.africa-press.net\/togo\/wp-json\/wp\/v2\/categories?post=791"},{"taxonomy":"post_tag","embeddable":true,"href":"https:\/\/www.africa-press.net\/togo\/wp-json\/wp\/v2\/tags?post=791"}],"curies":[{"name":"wp","href":"https:\/\/api.w.org\/{rel}","templated":true}]}}