{"id":827,"date":"2020-12-28T02:51:55","date_gmt":"2020-12-28T02:51:55","guid":{"rendered":"https:\/\/www.africa-press.com\/togo\/?p=827"},"modified":"2020-12-27T23:58:22","modified_gmt":"2020-12-27T23:58:22","slug":"lafrique-se-mobilise-contre-le-trafic-de-faux-medicaments","status":"publish","type":"post","link":"https:\/\/www.africa-press.net\/togo\/communaute\/lafrique-se-mobilise-contre-le-trafic-de-faux-medicaments","title":{"rendered":"L\u2019Afrique se mobilise contre le trafic de faux m\u00e9dicaments"},"content":{"rendered":"<p><span style=\"color: #ff6600\"><strong><a href=\"https:\/\/www.africa-press.com\">Africa-Press<\/a> &#8211; <a href=\"https:\/\/www.africa-press.com\/togo\">Togo<\/a>. <\/strong><\/span>Depuis des ann\u00e9es, un drame humanitaire se d\u00e9roule sous nos yeux dans l\u2019indiff\u00e9rence ou, pire, dans l\u2019ignorance de la communaut\u00e9 internationale ; une urgence sanitaire qui ne dit pas son nom et dont personne, ou presque, ne parle jamais. Cette catastrophe touche principalement l\u2019Afrique : le trafic de faux m\u00e9dicaments.<\/p>\n<p>Il est temps d\u2019agir ! C\u2019est une ardente obligation. D\u2019abord parce que les victimes se comptent par centaines de milliers chaque ann\u00e9e, et que beaucoup d\u2019enfants sont concern\u00e9s. Ensuite, parce que ce trafic ne cesse de cro\u00eetre, le mal progresse et s\u2019\u00e9tend partout. Une n\u00e9cessit\u00e9, aussi, parce que ce trafic est l\u2019une des sources du financement de la criminalit\u00e9 internationale, notamment du terrorisme, qui fait de trop nombreuses victimes en Afrique mais aussi \u00e0 l\u2019\u00e9chelle de la plan\u00e8te.<\/p>\n<p>Oui, le trafic de produits m\u00e9dicaux de qualit\u00e9 inf\u00e9rieure et falsifi\u00e9s est un scandale humanitaire qui se d\u00e9roule chaque jour ; il touche des millions de personnes, soit indirectement parce que ces m\u00e9dicaments ne soignent pas ceux qui croient se soigner, soit directement parce que les produits utilis\u00e9s falsifi\u00e9s tuent.<\/p>\n<p>Selon les experts, environ 10 % des produits pharmaceutiques vendus dans le monde seraient falsifi\u00e9s. Sur notre continent, la situation est nettement pire, puisque ce taux atteindrait 60 % dans certaines r\u00e9gions.<\/p>\n<p>La cons\u00e9quence directe de ces chiffres \u00e9pouvantables est que, chaque ann\u00e9e, plus de 120 000 enfants de moins de cinq ans en meurent. C\u2019est un drame humain insoutenable, qui se d\u00e9roule quotidiennement sous les yeux du monde entier.<\/p>\n<p>Les pr\u00e9sidents de six pays d\u2019Afrique \u2013 de la R\u00e9publique du Congo, du Ghana, du Niger, de l\u2019Ouganda, du S\u00e9n\u00e9gal et moi-m\u00eame \u2013 avons d\u00e9cid\u00e9 de lancer une initiative africaine pour changer la donne en Afrique.<\/p>\n<p>Dans la prolongation du Programme de d\u00e9veloppement durable \u00e0 l\u2019horizon 2030, adopt\u00e9 par les Nations unies le 25 septembre 2015, nous avons d\u00e9cid\u00e9 d\u2019agir concr\u00e8tement pour lutter contre ce trafic et assurer \u00e0 nos citoyens un acc\u00e8s \u00e0 des m\u00e9dicaments s\u00fbrs. Nous nous r\u00e9unirons les 17 et 18 janvier 2020 \u00e0 Lom\u00e9, o\u00f9 je serai fier de les accueillir, pour passer \u00e0 l\u2019acte et prendre des d\u00e9cisions fortes.<\/p>\n<p>Agir signifie que nous allons, dans le cadre d\u2019un accord intergouvernemental qui nous engage, criminaliser le trafic de produits m\u00e9dicaux de qualit\u00e9 inf\u00e9rieure et falsifi\u00e9s. Cela suppose de faire \u00e9voluer nos l\u00e9gislations rapidement, de s\u2019assurer de l\u2019harmonisation des normes de contr\u00f4le et de mettre en place des m\u00e9canismes visant \u00e0 assurer l\u2019application rigoureuse des sanctions p\u00e9nales. Enfin, nous allons \u00e9galement signer et ratifier la Convention Medicrime et la Convention de Palerme contre la criminalit\u00e9 transnationale organis\u00e9e.<\/p>\n<p>Il s\u2019agit d\u2019attaquer le mal \u00e0 la racine et d\u2019ass\u00e9cher les fili\u00e8res de distribution de ces produits dangereux voire mortels. Plus que tout, nous d\u00e9sirons que nos populations aient un acc\u00e8s aux m\u00e9dicaments, mais nous sommes conscients qu\u2019il faut en parall\u00e8le \u00e9radiquer l\u2019approvisionnement en produits m\u00e9dicaux falsifi\u00e9s.<\/p>\n<p>Savoir que des m\u00e8res vont acheter des m\u00e9dicaments qui tueront leurs enfants est insoutenable. Savoir qu\u2019un groupe terroriste se finance en \u00e9coulant ces produits est inadmissible. C\u2019est pourquoi ce trafic doit \u00eatre puni de sanctions p\u00e9nales tr\u00e8s s\u00e9v\u00e8res.<\/p>\n<p>Notre d\u00e9termination est sans faille et c\u2019est la raison pour laquelle notre initiative n\u2019est qu\u2019un d\u00e9but. Nous allons tout faire pour encourager d\u2019autres \u00c9tats \u00e0 se joindre \u00e0 cette initiative. Nous comptons sur la Fondation Brazzaville pour poursuivre ses efforts dans la lutte contre ce trafic et, entre autres, jouer un r\u00f4le de soutien et de suivi dans cette initiative.<\/p>\n<p>Il s\u2019agit aussi pour nous d\u2019alerter les d\u00e9cideurs internationaux et l\u2019opinion publique du monde entier pour prendre \u00e0 bras-le-corps ce combat, d\u2019impliquer tous les acteurs possibles, de coordonner les actions des ONG, des entreprises, des organisations internationales et des \u00c9tats pour que ce drame humain cesse enfin.<\/p>\n","protected":false},"excerpt":{"rendered":"<p>Africa-Press &#8211; Togo. Depuis des ann\u00e9es, un drame humanitaire se d\u00e9roule sous nos yeux dans l\u2019indiff\u00e9rence ou, pire, dans l\u2019ignorance de la communaut\u00e9 internationale ; une urgence sanitaire qui ne dit pas son nom et dont personne, ou presque, ne parle jamais. Cette catastrophe touche principalement l\u2019Afrique : le trafic de faux m\u00e9dicaments. Il est [&hellip;]<\/p>\n","protected":false},"author":82,"featured_media":826,"comment_status":"open","ping_status":"closed","sticky":false,"template":"","format":"standard","meta":{"footnotes":""},"categories":[21,7,11,10],"tags":[36,49,50],"class_list":["post-827","post","type-post","status-publish","format-standard","has-post-thumbnail","hentry","category-communaute","category-dossiers","category-homepage-french","category-toutes-les-actualites","tag-africa-press","tag-africa-press-togo","tag-togo"],"yoast_head":"<!-- This site is optimized with the Yoast SEO Premium plugin v26.1 (Yoast SEO v27.0) - https:\/\/yoast.com\/product\/yoast-seo-premium-wordpress\/ -->\n<title>L\u2019Afrique se mobilise contre le trafic de faux m\u00e9dicaments - Togo<\/title>\n<meta name=\"description\" content=\"Depuis des ann\u00e9es, un drame humanitaire se d\u00e9roule sous nos yeux dans l\u2019indiff\u00e9rence ou, pire, dans l\u2019ignorance de la co ...\" \/>\n<meta name=\"robots\" content=\"index, follow, max-snippet:-1, max-image-preview:large, max-video-preview:-1\" \/>\n<link rel=\"canonical\" href=\"https:\/\/www.africa-press.net\/togo\/communaute\/lafrique-se-mobilise-contre-le-trafic-de-faux-medicaments\" \/>\n<meta property=\"og:locale\" content=\"fr_FR\" \/>\n<meta property=\"og:type\" content=\"article\" \/>\n<meta property=\"og:title\" content=\"L\u2019Afrique se mobilise contre le trafic de faux m\u00e9dicaments\" \/>\n<meta property=\"og:description\" content=\"Depuis des ann\u00e9es, un drame humanitaire se d\u00e9roule sous nos yeux dans l\u2019indiff\u00e9rence ou, pire, dans l\u2019ignorance de la co ...\" \/>\n<meta property=\"og:url\" content=\"https:\/\/www.africa-press.net\/togo\/communaute\/lafrique-se-mobilise-contre-le-trafic-de-faux-medicaments\" \/>\n<meta property=\"og:site_name\" content=\"Togo\" \/>\n<meta property=\"article:published_time\" content=\"2020-12-28T02:51:55+00:00\" \/>\n<meta property=\"og:image\" content=\"https:\/\/static.africa-press.net\/centrafricaine\/sites\/58\/2020\/12\/img-5fe917bfb6fec.jpg\" \/>\n\t<meta property=\"og:image:width\" content=\"640\" \/>\n\t<meta property=\"og:image:height\" content=\"320\" \/>\n\t<meta property=\"og:image:type\" content=\"image\/jpeg\" \/>\n<meta name=\"author\" content=\"cfeditorfr\" \/>\n<meta name=\"twitter:card\" content=\"summary_large_image\" \/>\n<meta name=\"twitter:label1\" content=\"\u00c9crit par\" \/>\n\t<meta name=\"twitter:data1\" content=\"cfeditorfr\" \/>\n\t<meta name=\"twitter:label2\" content=\"Dur\u00e9e de lecture estim\u00e9e\" \/>\n\t<meta name=\"twitter:data2\" content=\"3 minutes\" \/>\n<script type=\"application\/ld+json\" class=\"yoast-schema-graph\">{\"@context\":\"https:\/\/schema.org\",\"@graph\":[{\"@type\":\"Article\",\"@id\":\"https:\/\/www.africa-press.net\/togo\/communaute\/lafrique-se-mobilise-contre-le-trafic-de-faux-medicaments#article\",\"isPartOf\":{\"@id\":\"https:\/\/www.africa-press.net\/togo\/communaute\/lafrique-se-mobilise-contre-le-trafic-de-faux-medicaments\"},\"author\":{\"name\":\"cfeditorfr\",\"@id\":\"https:\/\/www.africa-press.net\/togo\/#\/schema\/person\/2b1cf3cd81a31e3cd26889ca66d677f1\"},\"headline\":\"L\u2019Afrique se mobilise contre le trafic de faux m\u00e9dicaments\",\"datePublished\":\"2020-12-28T02:51:55+00:00\",\"mainEntityOfPage\":{\"@id\":\"https:\/\/www.africa-press.net\/togo\/communaute\/lafrique-se-mobilise-contre-le-trafic-de-faux-medicaments\"},\"wordCount\":701,\"commentCount\":0,\"image\":{\"@id\":\"https:\/\/www.africa-press.net\/togo\/communaute\/lafrique-se-mobilise-contre-le-trafic-de-faux-medicaments#primaryimage\"},\"thumbnailUrl\":\"https:\/\/static.africa-press.net\/centrafricaine\/sites\/58\/2020\/12\/img-5fe917bfb6fec.jpg\",\"keywords\":[\"Africa Press\",\"Africa Press-Togo\",\"Togo\"],\"articleSection\":[\"Communaut\u00e9\",\"Dossiers\",\"homepage-french\",\"Toutes les actualit\u00e9s\"],\"inLanguage\":\"fr-FR\",\"potentialAction\":[{\"@type\":\"CommentAction\",\"name\":\"Comment\",\"target\":[\"https:\/\/www.africa-press.net\/togo\/communaute\/lafrique-se-mobilise-contre-le-trafic-de-faux-medicaments#respond\"]}]},{\"@type\":\"WebPage\",\"@id\":\"https:\/\/www.africa-press.net\/togo\/communaute\/lafrique-se-mobilise-contre-le-trafic-de-faux-medicaments\",\"url\":\"https:\/\/www.africa-press.net\/togo\/communaute\/lafrique-se-mobilise-contre-le-trafic-de-faux-medicaments\",\"name\":\"L\u2019Afrique se mobilise contre le trafic de faux m\u00e9dicaments - Togo\",\"isPartOf\":{\"@id\":\"https:\/\/www.africa-press.net\/togo\/#website\"},\"primaryImageOfPage\":{\"@id\":\"https:\/\/www.africa-press.net\/togo\/communaute\/lafrique-se-mobilise-contre-le-trafic-de-faux-medicaments#primaryimage\"},\"image\":{\"@id\":\"https:\/\/www.africa-press.net\/togo\/communaute\/lafrique-se-mobilise-contre-le-trafic-de-faux-medicaments#primaryimage\"},\"thumbnailUrl\":\"https:\/\/static.africa-press.net\/centrafricaine\/sites\/58\/2020\/12\/img-5fe917bfb6fec.jpg\",\"datePublished\":\"2020-12-28T02:51:55+00:00\",\"author\":{\"@id\":\"https:\/\/www.africa-press.net\/togo\/#\/schema\/person\/2b1cf3cd81a31e3cd26889ca66d677f1\"},\"description\":\"Depuis des ann\u00e9es, un drame humanitaire se d\u00e9roule sous nos yeux dans l\u2019indiff\u00e9rence ou, pire, dans l\u2019ignorance de la co ...\",\"breadcrumb\":{\"@id\":\"https:\/\/www.africa-press.net\/togo\/communaute\/lafrique-se-mobilise-contre-le-trafic-de-faux-medicaments#breadcrumb\"},\"inLanguage\":\"fr-FR\",\"potentialAction\":[{\"@type\":\"ReadAction\",\"target\":[\"https:\/\/www.africa-press.net\/togo\/communaute\/lafrique-se-mobilise-contre-le-trafic-de-faux-medicaments\"]}]},{\"@type\":\"ImageObject\",\"inLanguage\":\"fr-FR\",\"@id\":\"https:\/\/www.africa-press.net\/togo\/communaute\/lafrique-se-mobilise-contre-le-trafic-de-faux-medicaments#primaryimage\",\"url\":\"https:\/\/static.africa-press.net\/centrafricaine\/sites\/58\/2020\/12\/img-5fe917bfb6fec.jpg\",\"contentUrl\":\"https:\/\/static.africa-press.net\/centrafricaine\/sites\/58\/2020\/12\/img-5fe917bfb6fec.jpg\",\"width\":640,\"height\":320,\"caption\":\"[Tribune] L\u2019Afrique se mobilise contre le trafic de faux m\u00e9dicaments\"},{\"@type\":\"BreadcrumbList\",\"@id\":\"https:\/\/www.africa-press.net\/togo\/communaute\/lafrique-se-mobilise-contre-le-trafic-de-faux-medicaments#breadcrumb\",\"itemListElement\":[{\"@type\":\"ListItem\",\"position\":1,\"name\":\"Accueil\",\"item\":\"https:\/\/www.africa-press.net\/togo\/\"},{\"@type\":\"ListItem\",\"position\":2,\"name\":\"L\u2019Afrique se mobilise contre le trafic de faux m\u00e9dicaments\"}]},{\"@type\":\"WebSite\",\"@id\":\"https:\/\/www.africa-press.net\/togo\/#website\",\"url\":\"https:\/\/www.africa-press.net\/togo\/\",\"name\":\"Togo\",\"description\":\"Just another Africa News Agency Sites site\",\"potentialAction\":[{\"@type\":\"SearchAction\",\"target\":{\"@type\":\"EntryPoint\",\"urlTemplate\":\"https:\/\/www.africa-press.net\/togo\/?s={search_term_string}\"},\"query-input\":{\"@type\":\"PropertyValueSpecification\",\"valueRequired\":true,\"valueName\":\"search_term_string\"}}],\"inLanguage\":\"fr-FR\"},{\"@type\":\"Person\",\"@id\":\"https:\/\/www.africa-press.net\/togo\/#\/schema\/person\/2b1cf3cd81a31e3cd26889ca66d677f1\",\"name\":\"cfeditorfr\"}]}<\/script>\n<!-- \/ Yoast SEO Premium plugin. -->","yoast_head_json":{"title":"L\u2019Afrique se mobilise contre le trafic de faux m\u00e9dicaments - Togo","description":"Depuis des ann\u00e9es, un drame humanitaire se d\u00e9roule sous nos yeux dans l\u2019indiff\u00e9rence ou, pire, dans l\u2019ignorance de la co ...","robots":{"index":"index","follow":"follow","max-snippet":"max-snippet:-1","max-image-preview":"max-image-preview:large","max-video-preview":"max-video-preview:-1"},"canonical":"https:\/\/www.africa-press.net\/togo\/communaute\/lafrique-se-mobilise-contre-le-trafic-de-faux-medicaments","og_locale":"fr_FR","og_type":"article","og_title":"L\u2019Afrique se mobilise contre le trafic de faux m\u00e9dicaments","og_description":"Depuis des ann\u00e9es, un drame humanitaire se d\u00e9roule sous nos yeux dans l\u2019indiff\u00e9rence ou, pire, dans l\u2019ignorance de la co ...","og_url":"https:\/\/www.africa-press.net\/togo\/communaute\/lafrique-se-mobilise-contre-le-trafic-de-faux-medicaments","og_site_name":"Togo","article_published_time":"2020-12-28T02:51:55+00:00","og_image":[{"width":640,"height":320,"url":"https:\/\/static.africa-press.net\/centrafricaine\/sites\/58\/2020\/12\/img-5fe917bfb6fec.jpg","type":"image\/jpeg"}],"author":"cfeditorfr","twitter_card":"summary_large_image","twitter_misc":{"\u00c9crit par":"cfeditorfr","Dur\u00e9e de lecture estim\u00e9e":"3 minutes"},"schema":{"@context":"https:\/\/schema.org","@graph":[{"@type":"Article","@id":"https:\/\/www.africa-press.net\/togo\/communaute\/lafrique-se-mobilise-contre-le-trafic-de-faux-medicaments#article","isPartOf":{"@id":"https:\/\/www.africa-press.net\/togo\/communaute\/lafrique-se-mobilise-contre-le-trafic-de-faux-medicaments"},"author":{"name":"cfeditorfr","@id":"https:\/\/www.africa-press.net\/togo\/#\/schema\/person\/2b1cf3cd81a31e3cd26889ca66d677f1"},"headline":"L\u2019Afrique se mobilise contre le trafic de faux m\u00e9dicaments","datePublished":"2020-12-28T02:51:55+00:00","mainEntityOfPage":{"@id":"https:\/\/www.africa-press.net\/togo\/communaute\/lafrique-se-mobilise-contre-le-trafic-de-faux-medicaments"},"wordCount":701,"commentCount":0,"image":{"@id":"https:\/\/www.africa-press.net\/togo\/communaute\/lafrique-se-mobilise-contre-le-trafic-de-faux-medicaments#primaryimage"},"thumbnailUrl":"https:\/\/static.africa-press.net\/centrafricaine\/sites\/58\/2020\/12\/img-5fe917bfb6fec.jpg","keywords":["Africa Press","Africa Press-Togo","Togo"],"articleSection":["Communaut\u00e9","Dossiers","homepage-french","Toutes les actualit\u00e9s"],"inLanguage":"fr-FR","potentialAction":[{"@type":"CommentAction","name":"Comment","target":["https:\/\/www.africa-press.net\/togo\/communaute\/lafrique-se-mobilise-contre-le-trafic-de-faux-medicaments#respond"]}]},{"@type":"WebPage","@id":"https:\/\/www.africa-press.net\/togo\/communaute\/lafrique-se-mobilise-contre-le-trafic-de-faux-medicaments","url":"https:\/\/www.africa-press.net\/togo\/communaute\/lafrique-se-mobilise-contre-le-trafic-de-faux-medicaments","name":"L\u2019Afrique se mobilise contre le trafic de faux m\u00e9dicaments - Togo","isPartOf":{"@id":"https:\/\/www.africa-press.net\/togo\/#website"},"primaryImageOfPage":{"@id":"https:\/\/www.africa-press.net\/togo\/communaute\/lafrique-se-mobilise-contre-le-trafic-de-faux-medicaments#primaryimage"},"image":{"@id":"https:\/\/www.africa-press.net\/togo\/communaute\/lafrique-se-mobilise-contre-le-trafic-de-faux-medicaments#primaryimage"},"thumbnailUrl":"https:\/\/static.africa-press.net\/centrafricaine\/sites\/58\/2020\/12\/img-5fe917bfb6fec.jpg","datePublished":"2020-12-28T02:51:55+00:00","author":{"@id":"https:\/\/www.africa-press.net\/togo\/#\/schema\/person\/2b1cf3cd81a31e3cd26889ca66d677f1"},"description":"Depuis des ann\u00e9es, un drame humanitaire se d\u00e9roule sous nos yeux dans l\u2019indiff\u00e9rence ou, pire, dans l\u2019ignorance de la co ...","breadcrumb":{"@id":"https:\/\/www.africa-press.net\/togo\/communaute\/lafrique-se-mobilise-contre-le-trafic-de-faux-medicaments#breadcrumb"},"inLanguage":"fr-FR","potentialAction":[{"@type":"ReadAction","target":["https:\/\/www.africa-press.net\/togo\/communaute\/lafrique-se-mobilise-contre-le-trafic-de-faux-medicaments"]}]},{"@type":"ImageObject","inLanguage":"fr-FR","@id":"https:\/\/www.africa-press.net\/togo\/communaute\/lafrique-se-mobilise-contre-le-trafic-de-faux-medicaments#primaryimage","url":"https:\/\/static.africa-press.net\/centrafricaine\/sites\/58\/2020\/12\/img-5fe917bfb6fec.jpg","contentUrl":"https:\/\/static.africa-press.net\/centrafricaine\/sites\/58\/2020\/12\/img-5fe917bfb6fec.jpg","width":640,"height":320,"caption":"[Tribune] L\u2019Afrique se mobilise contre le trafic de faux m\u00e9dicaments"},{"@type":"BreadcrumbList","@id":"https:\/\/www.africa-press.net\/togo\/communaute\/lafrique-se-mobilise-contre-le-trafic-de-faux-medicaments#breadcrumb","itemListElement":[{"@type":"ListItem","position":1,"name":"Accueil","item":"https:\/\/www.africa-press.net\/togo\/"},{"@type":"ListItem","position":2,"name":"L\u2019Afrique se mobilise contre le trafic de faux m\u00e9dicaments"}]},{"@type":"WebSite","@id":"https:\/\/www.africa-press.net\/togo\/#website","url":"https:\/\/www.africa-press.net\/togo\/","name":"Togo","description":"Just another Africa News Agency Sites site","potentialAction":[{"@type":"SearchAction","target":{"@type":"EntryPoint","urlTemplate":"https:\/\/www.africa-press.net\/togo\/?s={search_term_string}"},"query-input":{"@type":"PropertyValueSpecification","valueRequired":true,"valueName":"search_term_string"}}],"inLanguage":"fr-FR"},{"@type":"Person","@id":"https:\/\/www.africa-press.net\/togo\/#\/schema\/person\/2b1cf3cd81a31e3cd26889ca66d677f1","name":"cfeditorfr"}]}},"_links":{"self":[{"href":"https:\/\/www.africa-press.net\/togo\/wp-json\/wp\/v2\/posts\/827","targetHints":{"allow":["GET"]}}],"collection":[{"href":"https:\/\/www.africa-press.net\/togo\/wp-json\/wp\/v2\/posts"}],"about":[{"href":"https:\/\/www.africa-press.net\/togo\/wp-json\/wp\/v2\/types\/post"}],"author":[{"embeddable":true,"href":"https:\/\/www.africa-press.net\/togo\/wp-json\/wp\/v2\/users\/82"}],"replies":[{"embeddable":true,"href":"https:\/\/www.africa-press.net\/togo\/wp-json\/wp\/v2\/comments?post=827"}],"version-history":[{"count":0,"href":"https:\/\/www.africa-press.net\/togo\/wp-json\/wp\/v2\/posts\/827\/revisions"}],"wp:featuredmedia":[{"embeddable":true,"href":"https:\/\/www.africa-press.net\/togo\/wp-json\/wp\/v2\/media\/826"}],"wp:attachment":[{"href":"https:\/\/www.africa-press.net\/togo\/wp-json\/wp\/v2\/media?parent=827"}],"wp:term":[{"taxonomy":"category","embeddable":true,"href":"https:\/\/www.africa-press.net\/togo\/wp-json\/wp\/v2\/categories?post=827"},{"taxonomy":"post_tag","embeddable":true,"href":"https:\/\/www.africa-press.net\/togo\/wp-json\/wp\/v2\/tags?post=827"}],"curies":[{"name":"wp","href":"https:\/\/api.w.org\/{rel}","templated":true}]}}