{"id":836,"date":"2020-12-28T03:31:48","date_gmt":"2020-12-28T03:31:48","guid":{"rendered":"https:\/\/www.africa-press.com\/togo\/?p=836"},"modified":"2020-12-28T00:27:05","modified_gmt":"2020-12-28T00:27:05","slug":"lome-par-temps-de-coronavirus","status":"publish","type":"post","link":"https:\/\/www.africa-press.net\/togo\/communaute\/lome-par-temps-de-coronavirus","title":{"rendered":"Lom\u00e9 par temps de coronavirus"},"content":{"rendered":"<p><span style=\"color: #ff6600\"><strong><a href=\"https:\/\/www.africa-press.com\">Africa-Press<\/a> &#8211; <a href=\"https:\/\/www.africa-press.com\/togo\">Togo<\/a>. <\/strong><\/span>L\u2019\u00e9crivain togolais livre son regard sur l\u2019irruption de la pand\u00e9mie de Covid-19 et ses cons\u00e9quences dans son pays. Le 16 mars, le Togo annon\u00e7ait officiellement la pr\u00e9sence du Covid-19 sur son sol. Le lendemain, en parcourant les r\u00e9seaux sociaux, je d\u00e9couvre que la v\u00e9ritable pr\u00e9occupation des Togolais n\u2019est pas la peur de cette nouvelle maladie, mais les strat\u00e9gies \u00e0 mettre en \u0153uvre pour survivre. Tout le discours ambiant est ax\u00e9 sur la survie.<\/p>\n<p>Les \u00c9glises ont appel\u00e9 leurs ouailles \u00e0 rester \u00e0 demeure, mais \u00e0 ne pas oublier de payer la d\u00eeme par transfert \u00e9lectronique. Qui est fou ? Le temple de Dieu a besoin d\u2019entretien jusqu\u2019aux prochaines retrouvailles !<\/p>\n<p>La Brasserie de Lom\u00e9 a propos\u00e9 \u00e0 ses clients de se faire livrer des boissons \u00e0 domicile, et les propositions commerciales aux hommes et aux femmes confin\u00e9s passent d\u00e9sormais par les supports num\u00e9riques. Il est \u00e9vident que nous entrons dans une nouvelle histoire des relations sociales, qui va profond\u00e9ment bouleverser nos mani\u00e8res de vivre.<\/p>\n<p>Il y a un fait symptomatique quand on analyse les foyers de contamination au Togo. Deux grandes villes attirent l\u2019attention, Lom\u00e9 et Sokod\u00e9, deux villes dont l\u2019ouverture aux \u00e9trangers et \u00e0 l\u2019activit\u00e9 commerciale est remarquable. La certitude saute alors aux yeux : notre relative autarcie nous sauve la mise.<\/p>\n<p>La cons\u00e9quence directe est une parano\u00efa qui ne cherche qu\u2019un bouc \u00e9missaire pour s\u2019exprimer. L\u2019\u00e9tranger est suspect, et l\u2019\u00e9tranger c\u2019est tout le monde d\u00e9sormais, le gars qui revient de Niamey comme le fr\u00e8re qui a pris l\u2019avion depuis Paris pour venir se confiner \u00e0 Lom\u00e9. Tiens, d\u2019ailleurs, pourquoi ces gens-l\u00e0 rentrent-ils au pays ?<\/p>\n<p>Autrefois, on c\u00e9l\u00e9brait celui venu de France. D\u00e9sormais, on le fuit, on suspecte v\u00e9rol\u00e9es toutes les babioles qui faisaient sa valeur. M\u00eame dans les villages recul\u00e9s, la commer\u00e7ante qui vient de Lom\u00e9 pour se ravitailler est suspecte, ce qui complique les relations sociales \u00e0 long terme.<\/p>\n<p>Reste une autre r\u00e9alit\u00e9 : malgr\u00e9 cette parano\u00efa g\u00e9n\u00e9rale, il y a ceux qui sont certains que toute cette histoire de maladie qui rend la plan\u00e8te folle rel\u00e8ve de la machination politique. Ainsi, quand le gouvernement d\u00e9cr\u00e8te le couvre-feu de 20 heures \u00e0 6 heures, le citoyen lambda n\u2019y voit pas une mesure destin\u00e9e \u00e0 r\u00e9duire la fr\u00e9quentation des lieux de loisirs nocturnes, non, il y per\u00e7oit un projet inavou\u00e9 de r\u00e9duire les libert\u00e9s individuelles.<\/p>\n<p>Et les bavures de la force publique qui poursuit les retardataires le soir au lieu de traquer le virus r\u00e9sonnent \u00e0 l\u2019oreille du peuple comme un double d\u00e9sespoir : celui de la force arm\u00e9e d\u00e9sarm\u00e9e devant un adversaire invisible, et qui pr\u00e9f\u00e8re transformer en virus social le corps de l\u2019individu tout aussi alarm\u00e9, qu\u2019il bastonne avec rage.<\/p>\n<p>La chronique de notre entr\u00e9e en pand\u00e9mie ressemble \u00e0 celle de nos voisins. Nous avons tous perdu la boule, nous ne nous saluons plus, sinon par SMS pour esp\u00e9rer grappiller quelques sous \u00e0 l\u2019ami, au fr\u00e8re. Car le d\u00e9nuement nous guette, au long des jours du confinement ou de l\u2019autoconfinement. La faim et l\u2019incivisme li\u00e9 \u00e0 la famine.<\/p>\n<p>Jusque-l\u00e0, nous \u00e9tions nourris de rumeurs et de fantasmes : la chaleur, l\u2019humidit\u00e9 du golfe de Guin\u00e9e, nous rendraient invuln\u00e9rables. Maintenant, malgr\u00e9 tout ce qui se dit, nous sommes rassur\u00e9s que notre immunit\u00e9 est plus solide que celle du New-Yorkais ou de n\u2019importe quel citoyen europ\u00e9en.<\/p>\n<p>Nous n\u2019avons pas habitu\u00e9 notre organisme \u00e0 un exc\u00e8s de m\u00e9dicaments, alors, au plus profond de nous, nous savons que la pauvret\u00e9 nous immunise, et que, malgr\u00e9 les temps durs que nous vivons, beaucoup d\u2019entre nous survivront. C\u2019est une le\u00e7on paradoxale, mais c\u2019est une belle le\u00e7on de morale : la pauvret\u00e9 est r\u00e9ellement la richesse des nations !<\/p>\n","protected":false},"excerpt":{"rendered":"<p>Africa-Press &#8211; Togo. L\u2019\u00e9crivain togolais livre son regard sur l\u2019irruption de la pand\u00e9mie de Covid-19 et ses cons\u00e9quences dans son pays. Le 16 mars, le Togo annon\u00e7ait officiellement la pr\u00e9sence du Covid-19 sur son sol. Le lendemain, en parcourant les r\u00e9seaux sociaux, je d\u00e9couvre que la v\u00e9ritable pr\u00e9occupation des Togolais n\u2019est pas la peur de [&hellip;]<\/p>\n","protected":false},"author":82,"featured_media":835,"comment_status":"open","ping_status":"closed","sticky":false,"template":"","format":"standard","meta":{"footnotes":""},"categories":[21,11,10],"tags":[36,49,50],"class_list":["post-836","post","type-post","status-publish","format-standard","has-post-thumbnail","hentry","category-communaute","category-homepage-french","category-toutes-les-actualites","tag-africa-press","tag-africa-press-togo","tag-togo"],"yoast_head":"<!-- This site is optimized with the Yoast SEO Premium plugin v26.1 (Yoast SEO v27.0) - https:\/\/yoast.com\/product\/yoast-seo-premium-wordpress\/ -->\n<title>Lom\u00e9 par temps de coronavirus - Togo<\/title>\n<meta name=\"description\" content=\"L\u2019\u00e9crivain togolais livre son regard sur l\u2019irruption de la pand\u00e9mie de Covid-19 et ses cons\u00e9quences dans son pays. Le 16 ...\" \/>\n<meta name=\"robots\" content=\"index, follow, max-snippet:-1, max-image-preview:large, max-video-preview:-1\" \/>\n<link rel=\"canonical\" href=\"https:\/\/www.africa-press.net\/togo\/communaute\/lome-par-temps-de-coronavirus\" \/>\n<meta property=\"og:locale\" content=\"fr_FR\" \/>\n<meta property=\"og:type\" content=\"article\" \/>\n<meta property=\"og:title\" content=\"Lom\u00e9 par temps de coronavirus\" \/>\n<meta property=\"og:description\" content=\"L\u2019\u00e9crivain togolais livre son regard sur l\u2019irruption de la pand\u00e9mie de Covid-19 et ses cons\u00e9quences dans son pays. Le 16 ...\" \/>\n<meta property=\"og:url\" content=\"https:\/\/www.africa-press.net\/togo\/communaute\/lome-par-temps-de-coronavirus\" \/>\n<meta property=\"og:site_name\" content=\"Togo\" \/>\n<meta property=\"article:published_time\" content=\"2020-12-28T03:31:48+00:00\" \/>\n<meta property=\"og:image\" content=\"https:\/\/static.africa-press.net\/centrafricaine\/sites\/58\/2020\/12\/img-5fe91831b1ca7.jpg\" \/>\n\t<meta property=\"og:image:width\" content=\"640\" \/>\n\t<meta property=\"og:image:height\" content=\"320\" \/>\n\t<meta property=\"og:image:type\" content=\"image\/jpeg\" \/>\n<meta name=\"author\" content=\"cfeditorfr\" \/>\n<meta name=\"twitter:card\" content=\"summary_large_image\" \/>\n<meta name=\"twitter:label1\" content=\"\u00c9crit par\" \/>\n\t<meta name=\"twitter:data1\" content=\"cfeditorfr\" \/>\n\t<meta name=\"twitter:label2\" content=\"Dur\u00e9e de lecture estim\u00e9e\" \/>\n\t<meta name=\"twitter:data2\" content=\"3 minutes\" \/>\n<script type=\"application\/ld+json\" class=\"yoast-schema-graph\">{\"@context\":\"https:\/\/schema.org\",\"@graph\":[{\"@type\":\"Article\",\"@id\":\"https:\/\/www.africa-press.net\/togo\/communaute\/lome-par-temps-de-coronavirus#article\",\"isPartOf\":{\"@id\":\"https:\/\/www.africa-press.net\/togo\/communaute\/lome-par-temps-de-coronavirus\"},\"author\":{\"name\":\"cfeditorfr\",\"@id\":\"https:\/\/www.africa-press.net\/togo\/#\/schema\/person\/2b1cf3cd81a31e3cd26889ca66d677f1\"},\"headline\":\"Lom\u00e9 par temps de coronavirus\",\"datePublished\":\"2020-12-28T03:31:48+00:00\",\"mainEntityOfPage\":{\"@id\":\"https:\/\/www.africa-press.net\/togo\/communaute\/lome-par-temps-de-coronavirus\"},\"wordCount\":677,\"commentCount\":0,\"image\":{\"@id\":\"https:\/\/www.africa-press.net\/togo\/communaute\/lome-par-temps-de-coronavirus#primaryimage\"},\"thumbnailUrl\":\"https:\/\/static.africa-press.net\/centrafricaine\/sites\/58\/2020\/12\/img-5fe91831b1ca7.jpg\",\"keywords\":[\"Africa Press\",\"Africa Press-Togo\",\"Togo\"],\"articleSection\":[\"Communaut\u00e9\",\"homepage-french\",\"Toutes les actualit\u00e9s\"],\"inLanguage\":\"fr-FR\",\"potentialAction\":[{\"@type\":\"CommentAction\",\"name\":\"Comment\",\"target\":[\"https:\/\/www.africa-press.net\/togo\/communaute\/lome-par-temps-de-coronavirus#respond\"]}]},{\"@type\":\"WebPage\",\"@id\":\"https:\/\/www.africa-press.net\/togo\/communaute\/lome-par-temps-de-coronavirus\",\"url\":\"https:\/\/www.africa-press.net\/togo\/communaute\/lome-par-temps-de-coronavirus\",\"name\":\"Lom\u00e9 par temps de coronavirus - Togo\",\"isPartOf\":{\"@id\":\"https:\/\/www.africa-press.net\/togo\/#website\"},\"primaryImageOfPage\":{\"@id\":\"https:\/\/www.africa-press.net\/togo\/communaute\/lome-par-temps-de-coronavirus#primaryimage\"},\"image\":{\"@id\":\"https:\/\/www.africa-press.net\/togo\/communaute\/lome-par-temps-de-coronavirus#primaryimage\"},\"thumbnailUrl\":\"https:\/\/static.africa-press.net\/centrafricaine\/sites\/58\/2020\/12\/img-5fe91831b1ca7.jpg\",\"datePublished\":\"2020-12-28T03:31:48+00:00\",\"author\":{\"@id\":\"https:\/\/www.africa-press.net\/togo\/#\/schema\/person\/2b1cf3cd81a31e3cd26889ca66d677f1\"},\"description\":\"L\u2019\u00e9crivain togolais livre son regard sur l\u2019irruption de la pand\u00e9mie de Covid-19 et ses cons\u00e9quences dans son pays. Le 16 ...\",\"breadcrumb\":{\"@id\":\"https:\/\/www.africa-press.net\/togo\/communaute\/lome-par-temps-de-coronavirus#breadcrumb\"},\"inLanguage\":\"fr-FR\",\"potentialAction\":[{\"@type\":\"ReadAction\",\"target\":[\"https:\/\/www.africa-press.net\/togo\/communaute\/lome-par-temps-de-coronavirus\"]}]},{\"@type\":\"ImageObject\",\"inLanguage\":\"fr-FR\",\"@id\":\"https:\/\/www.africa-press.net\/togo\/communaute\/lome-par-temps-de-coronavirus#primaryimage\",\"url\":\"https:\/\/static.africa-press.net\/centrafricaine\/sites\/58\/2020\/12\/img-5fe91831b1ca7.jpg\",\"contentUrl\":\"https:\/\/static.africa-press.net\/centrafricaine\/sites\/58\/2020\/12\/img-5fe91831b1ca7.jpg\",\"width\":640,\"height\":320,\"caption\":\"[Tribune] Lom\u00e9 par temps de coronavirus\"},{\"@type\":\"BreadcrumbList\",\"@id\":\"https:\/\/www.africa-press.net\/togo\/communaute\/lome-par-temps-de-coronavirus#breadcrumb\",\"itemListElement\":[{\"@type\":\"ListItem\",\"position\":1,\"name\":\"Accueil\",\"item\":\"https:\/\/www.africa-press.net\/togo\/\"},{\"@type\":\"ListItem\",\"position\":2,\"name\":\"Lom\u00e9 par temps de coronavirus\"}]},{\"@type\":\"WebSite\",\"@id\":\"https:\/\/www.africa-press.net\/togo\/#website\",\"url\":\"https:\/\/www.africa-press.net\/togo\/\",\"name\":\"Togo\",\"description\":\"Just another Africa News Agency Sites site\",\"potentialAction\":[{\"@type\":\"SearchAction\",\"target\":{\"@type\":\"EntryPoint\",\"urlTemplate\":\"https:\/\/www.africa-press.net\/togo\/?s={search_term_string}\"},\"query-input\":{\"@type\":\"PropertyValueSpecification\",\"valueRequired\":true,\"valueName\":\"search_term_string\"}}],\"inLanguage\":\"fr-FR\"},{\"@type\":\"Person\",\"@id\":\"https:\/\/www.africa-press.net\/togo\/#\/schema\/person\/2b1cf3cd81a31e3cd26889ca66d677f1\",\"name\":\"cfeditorfr\"}]}<\/script>\n<!-- \/ Yoast SEO Premium plugin. -->","yoast_head_json":{"title":"Lom\u00e9 par temps de coronavirus - Togo","description":"L\u2019\u00e9crivain togolais livre son regard sur l\u2019irruption de la pand\u00e9mie de Covid-19 et ses cons\u00e9quences dans son pays. Le 16 ...","robots":{"index":"index","follow":"follow","max-snippet":"max-snippet:-1","max-image-preview":"max-image-preview:large","max-video-preview":"max-video-preview:-1"},"canonical":"https:\/\/www.africa-press.net\/togo\/communaute\/lome-par-temps-de-coronavirus","og_locale":"fr_FR","og_type":"article","og_title":"Lom\u00e9 par temps de coronavirus","og_description":"L\u2019\u00e9crivain togolais livre son regard sur l\u2019irruption de la pand\u00e9mie de Covid-19 et ses cons\u00e9quences dans son pays. Le 16 ...","og_url":"https:\/\/www.africa-press.net\/togo\/communaute\/lome-par-temps-de-coronavirus","og_site_name":"Togo","article_published_time":"2020-12-28T03:31:48+00:00","og_image":[{"width":640,"height":320,"url":"https:\/\/static.africa-press.net\/centrafricaine\/sites\/58\/2020\/12\/img-5fe91831b1ca7.jpg","type":"image\/jpeg"}],"author":"cfeditorfr","twitter_card":"summary_large_image","twitter_misc":{"\u00c9crit par":"cfeditorfr","Dur\u00e9e de lecture estim\u00e9e":"3 minutes"},"schema":{"@context":"https:\/\/schema.org","@graph":[{"@type":"Article","@id":"https:\/\/www.africa-press.net\/togo\/communaute\/lome-par-temps-de-coronavirus#article","isPartOf":{"@id":"https:\/\/www.africa-press.net\/togo\/communaute\/lome-par-temps-de-coronavirus"},"author":{"name":"cfeditorfr","@id":"https:\/\/www.africa-press.net\/togo\/#\/schema\/person\/2b1cf3cd81a31e3cd26889ca66d677f1"},"headline":"Lom\u00e9 par temps de coronavirus","datePublished":"2020-12-28T03:31:48+00:00","mainEntityOfPage":{"@id":"https:\/\/www.africa-press.net\/togo\/communaute\/lome-par-temps-de-coronavirus"},"wordCount":677,"commentCount":0,"image":{"@id":"https:\/\/www.africa-press.net\/togo\/communaute\/lome-par-temps-de-coronavirus#primaryimage"},"thumbnailUrl":"https:\/\/static.africa-press.net\/centrafricaine\/sites\/58\/2020\/12\/img-5fe91831b1ca7.jpg","keywords":["Africa Press","Africa Press-Togo","Togo"],"articleSection":["Communaut\u00e9","homepage-french","Toutes les actualit\u00e9s"],"inLanguage":"fr-FR","potentialAction":[{"@type":"CommentAction","name":"Comment","target":["https:\/\/www.africa-press.net\/togo\/communaute\/lome-par-temps-de-coronavirus#respond"]}]},{"@type":"WebPage","@id":"https:\/\/www.africa-press.net\/togo\/communaute\/lome-par-temps-de-coronavirus","url":"https:\/\/www.africa-press.net\/togo\/communaute\/lome-par-temps-de-coronavirus","name":"Lom\u00e9 par temps de coronavirus - Togo","isPartOf":{"@id":"https:\/\/www.africa-press.net\/togo\/#website"},"primaryImageOfPage":{"@id":"https:\/\/www.africa-press.net\/togo\/communaute\/lome-par-temps-de-coronavirus#primaryimage"},"image":{"@id":"https:\/\/www.africa-press.net\/togo\/communaute\/lome-par-temps-de-coronavirus#primaryimage"},"thumbnailUrl":"https:\/\/static.africa-press.net\/centrafricaine\/sites\/58\/2020\/12\/img-5fe91831b1ca7.jpg","datePublished":"2020-12-28T03:31:48+00:00","author":{"@id":"https:\/\/www.africa-press.net\/togo\/#\/schema\/person\/2b1cf3cd81a31e3cd26889ca66d677f1"},"description":"L\u2019\u00e9crivain togolais livre son regard sur l\u2019irruption de la pand\u00e9mie de Covid-19 et ses cons\u00e9quences dans son pays. Le 16 ...","breadcrumb":{"@id":"https:\/\/www.africa-press.net\/togo\/communaute\/lome-par-temps-de-coronavirus#breadcrumb"},"inLanguage":"fr-FR","potentialAction":[{"@type":"ReadAction","target":["https:\/\/www.africa-press.net\/togo\/communaute\/lome-par-temps-de-coronavirus"]}]},{"@type":"ImageObject","inLanguage":"fr-FR","@id":"https:\/\/www.africa-press.net\/togo\/communaute\/lome-par-temps-de-coronavirus#primaryimage","url":"https:\/\/static.africa-press.net\/centrafricaine\/sites\/58\/2020\/12\/img-5fe91831b1ca7.jpg","contentUrl":"https:\/\/static.africa-press.net\/centrafricaine\/sites\/58\/2020\/12\/img-5fe91831b1ca7.jpg","width":640,"height":320,"caption":"[Tribune] Lom\u00e9 par temps de coronavirus"},{"@type":"BreadcrumbList","@id":"https:\/\/www.africa-press.net\/togo\/communaute\/lome-par-temps-de-coronavirus#breadcrumb","itemListElement":[{"@type":"ListItem","position":1,"name":"Accueil","item":"https:\/\/www.africa-press.net\/togo\/"},{"@type":"ListItem","position":2,"name":"Lom\u00e9 par temps de coronavirus"}]},{"@type":"WebSite","@id":"https:\/\/www.africa-press.net\/togo\/#website","url":"https:\/\/www.africa-press.net\/togo\/","name":"Togo","description":"Just another Africa News Agency Sites site","potentialAction":[{"@type":"SearchAction","target":{"@type":"EntryPoint","urlTemplate":"https:\/\/www.africa-press.net\/togo\/?s={search_term_string}"},"query-input":{"@type":"PropertyValueSpecification","valueRequired":true,"valueName":"search_term_string"}}],"inLanguage":"fr-FR"},{"@type":"Person","@id":"https:\/\/www.africa-press.net\/togo\/#\/schema\/person\/2b1cf3cd81a31e3cd26889ca66d677f1","name":"cfeditorfr"}]}},"_links":{"self":[{"href":"https:\/\/www.africa-press.net\/togo\/wp-json\/wp\/v2\/posts\/836","targetHints":{"allow":["GET"]}}],"collection":[{"href":"https:\/\/www.africa-press.net\/togo\/wp-json\/wp\/v2\/posts"}],"about":[{"href":"https:\/\/www.africa-press.net\/togo\/wp-json\/wp\/v2\/types\/post"}],"author":[{"embeddable":true,"href":"https:\/\/www.africa-press.net\/togo\/wp-json\/wp\/v2\/users\/82"}],"replies":[{"embeddable":true,"href":"https:\/\/www.africa-press.net\/togo\/wp-json\/wp\/v2\/comments?post=836"}],"version-history":[{"count":0,"href":"https:\/\/www.africa-press.net\/togo\/wp-json\/wp\/v2\/posts\/836\/revisions"}],"wp:featuredmedia":[{"embeddable":true,"href":"https:\/\/www.africa-press.net\/togo\/wp-json\/wp\/v2\/media\/835"}],"wp:attachment":[{"href":"https:\/\/www.africa-press.net\/togo\/wp-json\/wp\/v2\/media?parent=836"}],"wp:term":[{"taxonomy":"category","embeddable":true,"href":"https:\/\/www.africa-press.net\/togo\/wp-json\/wp\/v2\/categories?post=836"},{"taxonomy":"post_tag","embeddable":true,"href":"https:\/\/www.africa-press.net\/togo\/wp-json\/wp\/v2\/tags?post=836"}],"curies":[{"name":"wp","href":"https:\/\/api.w.org\/{rel}","templated":true}]}}