{"id":845,"date":"2020-12-28T04:09:43","date_gmt":"2020-12-28T04:09:43","guid":{"rendered":"https:\/\/www.africa-press.com\/togo\/?p=845"},"modified":"2020-12-28T00:29:19","modified_gmt":"2020-12-28T00:29:19","slug":"le-palais-de-lome-rouvre-et-ambitionne-detre-le-nouveau-palace-de-la-culture-ouest-africaine","status":"publish","type":"post","link":"https:\/\/www.africa-press.net\/togo\/culture-et-art\/le-palais-de-lome-rouvre-et-ambitionne-detre-le-nouveau-palace-de-la-culture-ouest-africaine","title":{"rendered":"Le Palais de Lom\u00e9 rouvre et ambitionne d\u2019\u00eatre le nouveau palace de la culture ouest-africaine"},"content":{"rendered":"<p><span style=\"color: #ff6600\"><strong><a href=\"https:\/\/www.africa-press.com\">Africa-Press<\/a> &#8211; <a href=\"https:\/\/www.africa-press.com\/togo\">Togo<\/a>. <\/strong><\/span>Apr\u00e8s cinq ans de travaux de r\u00e9novation, l\u2019ancienne r\u00e9sidence des gouverneurs, puis des h\u00f4tes de la pr\u00e9sidence, s\u2019est mu\u00e9e en un centre artistique ouvert \u00e0 tous.<\/p>\n<p>dans ce dossier Voir tout le sommaire Le Togo \u00e0 la veille de la pr\u00e9sidentielle [\u00c9dito] Togo : les jours d\u2019apr\u00e8s l&rsquo;\u00e9lection<br \/>\nFace \u00e0 une opposition togolaise divis\u00e9e, Faure Gnassingb\u00e9 marche vers une r\u00e9\u00e9lection confortable<\/p>\n<p>En ce 21 d\u00e9cembre 2019, assis sur les gazons du jardin ou jouant par petits groupes sous un soleil de plomb, rafra\u00eechis par les courants d\u2019air frais de la mer toute proche, une centaine d\u2019\u00e9coliers ont rendez-vous avec l\u2019histoire de leur pays. La ma\u00eetresse d\u2019orchestre de la visite guid\u00e9e du Palais de Lom\u00e9 r\u00e9nov\u00e9 n\u2019est autre que sa directrice, Sonia Lawson.<\/p>\n<p>Pour l\u2019occasion, elle a mis les petits plats dans les grands. Une dizaine de m\u00e9diateurs, form\u00e9s \u00e0 cet effet, servent de relais entre les \u0153uvres et le public. \u00ab Ce n\u2019est plus un endroit pour les pr\u00e9sidents, c\u2019est pour vous les enfants\u2009! \u00bb lance Boma-Atta Dessokline, charg\u00e9e de communication et m\u00e9diatrice culturelle du Palais.<\/p>\n<p>Que cet ancien lieu de pouvoir, o\u00f9 fut proclam\u00e9e l\u2019ind\u00e9pendance du pays en 1960, soit d\u00e9sormais ouvert au public est un v\u00e9ritable symbole. Le lieu esp\u00e8re accueillir plus de 130\u2009000 visiteurs par an.<\/p>\n<p>Lanc\u00e9e en 2014 sous l\u2019impulsion de la pr\u00e9sidence, la r\u00e9habilitation des lieux a co\u00fbt\u00e9 \u00e0 l\u2019\u00c9tat 2,4 milliards de francs CFA (plus de 3,6 millions d\u2019euros). Ancien palais des gouverneurs allemands et fran\u00e7ais, puis si\u00e8ge de l\u2019\u00c9tat togolais jusque dans les ann\u00e9es 1970 avant d\u2019\u00eatre la r\u00e9sidence des h\u00f4tes de marque de la pr\u00e9sidence, l\u2019\u00e9difice accueillera donc des manifestations artistiques et culturelles dans ses nombreuses salles d\u2019exposition ou de spectacle.<\/p>\n<p>Quant au parc qui l\u2019entoure, il reproduit les diff\u00e9rentes zones climatiques et paysages naturels du pays, du littoral sablonneux \u00e0 la savane herbeuse. Un \u00e9crin abritant pas moins de 41 esp\u00e8ces d\u2019oiseaux end\u00e9miques.<\/p>\n<p>La jeune Christiane Yansane, \u00e9l\u00e8ve de troisi\u00e8me, admire les objets d\u2019art qu\u2019elle d\u00e9couvre pour la premi\u00e8re fois. \u00ab Le fait d\u2019utiliser un ancien palais des gouverneurs comme un lieu d\u2019histoire et de souvenir pour b\u00e2tir le futur est une source d\u2019inspiration \u00bb, appr\u00e9cie-t-elle. L\u2019art contemporain s\u2019invite dans la place avec Les Togolais, des sculptures en bronze r\u00e9alis\u00e9es par l\u2019artiste Amouzou Glikpa, qui c\u00f4toient les marbres de Sadikou Oukpedjo.<\/p>\n<p>L\u2019\u00e9difice r\u00e9nov\u00e9 a conserv\u00e9 soigneusement les traces de l\u2019\u00e8re allemande, avec notamment de grandes baies vitr\u00e9es aux couleurs neutres offrant une large vue sur le parc. Et la charpente de l\u2019\u00e9poque a pu \u00eatre reconstruite \u00e0 l\u2019identique gr\u00e2ce \u00e0 l\u2019utilisation d\u2019images d\u2019archives.<\/p>\n<p>Pour l\u2019exposition inaugurale, visible jusqu\u2019en mars, les organisateurs ont choisi de rendre hommage \u00e0 l\u2019artiste-designer togolais Kossi Aguessy, disparu pr\u00e9cocement. Aussi talentueux qu\u2019avant-gardiste, il a repris les codes traditionnels des masques africains pour mieux les moderniser.<\/p>\n<p>Une autre salle accueille une exposition sur l\u2019histoire de la capitale \u00e0 travers une installation revenant dans le d\u00e9tail sur sa cr\u00e9ation, son pr\u00e9sent et son avenir. \u00ab Cette exposition montre la ville de demain, mais nous travaillons d\u00e9j\u00e0 autour d\u2019autres th\u00e9matiques, comme le lien entre Lom\u00e9 et la mer \u00bb, d\u00e9clare Sonia Lawson. La r\u00e9novation du palais et de son jardin a co\u00fbt\u00e9 \u00e0 l&rsquo;\u00c9tat plus de 3,6 millions d&rsquo;euros \u00a9 Jacques Torregano pour JA<\/p>\n<p>Quant \u00e0 l\u2019exposition \u00ab Trois fronti\u00e8res \u00bb, elle mettra l\u2019accent sur l\u2019aspect panafricain et l\u2019unit\u00e9 africaine jusqu\u2019en mai. \u00ab Elle pr\u00e9sentera des cr\u00e9ations du Togo, mais \u00e9galement du Ghana, du B\u00e9nin et du Nigeria, avec l\u2019id\u00e9e de faire valoir la continuit\u00e9 culturelle de l\u2019Afrique de l\u2019Ouest. \u00bb Avec l\u2019exposition \u00ab Togo, des rois \u00bb, visible jusqu\u2019en mai 2020, \u00ab nous replongeons dans l\u2019histoire du pays \u00bb, reprend Sonia Lawson, qui annonce \u00e9galement \u00ab pour bient\u00f4t \u00bb l\u2019inauguration d\u2019un restaurant gastronomique pour valoriser le savoir-faire et les mets culinaires locaux.<\/p>\n<p>La r\u00e9novation a \u00e9t\u00e9 pens\u00e9e par un groupement d\u2019architectes (Segond Guyon-Archipat-Sara Consult-Fr\u00e9d\u00e9ric Reynaud Paysagistes) et la ma\u00eetrise d\u2019ouvrage confi\u00e9e \u00e0 une dizaine d\u2019entreprises togolaises. La sc\u00e9nographie des premi\u00e8res expositions a \u00e9t\u00e9 r\u00e9alis\u00e9e par le B\u00e9ninois Franck Hound\u00e9gla.<\/p>\n<p>Selon la directrice, pass\u00e9e par L\u2019Or\u00e9al et LVMH, \u00ab entre 70 et 100 personnes devraient \u00eatre recrut\u00e9es \u00e0 terme \u00bb sur le site. Sa renaissance a d\u2019ailleurs d\u00e9j\u00e0 provoqu\u00e9 un v\u00e9ritable renouveau artisanal, suscitant des vocations. Certains ouvriers sont ainsi devenus jardiniers, prenant soin du parc luxuriant, quand d\u2019autres se sont transform\u00e9s en artisans et travaillent le bois dans les ateliers de menuiserie du Palais.<\/p>\n","protected":false},"excerpt":{"rendered":"<p>Africa-Press &#8211; Togo. Apr\u00e8s cinq ans de travaux de r\u00e9novation, l\u2019ancienne r\u00e9sidence des gouverneurs, puis des h\u00f4tes de la pr\u00e9sidence, s\u2019est mu\u00e9e en un centre artistique ouvert \u00e0 tous. dans ce dossier Voir tout le sommaire Le Togo \u00e0 la veille de la pr\u00e9sidentielle [\u00c9dito] Togo : les jours d\u2019apr\u00e8s l&rsquo;\u00e9lection Face \u00e0 une opposition [&hellip;]<\/p>\n","protected":false},"author":82,"featured_media":844,"comment_status":"open","ping_status":"closed","sticky":false,"template":"","format":"standard","meta":{"footnotes":""},"categories":[5,11,10],"tags":[36,49,50],"class_list":["post-845","post","type-post","status-publish","format-standard","has-post-thumbnail","hentry","category-culture-et-art","category-homepage-french","category-toutes-les-actualites","tag-africa-press","tag-africa-press-togo","tag-togo"],"yoast_head":"<!-- This site is optimized with the Yoast SEO Premium plugin v26.1 (Yoast SEO v27.0) - https:\/\/yoast.com\/product\/yoast-seo-premium-wordpress\/ -->\n<title>Le Palais de Lom\u00e9 rouvre et ambitionne d\u2019\u00eatre le nouveau palace de la culture ouest-africaine - Togo<\/title>\n<meta name=\"description\" content=\"Apr\u00e8s cinq ans de travaux de r\u00e9novation, l\u2019ancienne r\u00e9sidence des gouverneurs, puis des h\u00f4tes de la pr\u00e9sidence, s\u2019est mu ...\" \/>\n<meta name=\"robots\" content=\"index, follow, max-snippet:-1, max-image-preview:large, max-video-preview:-1\" \/>\n<link rel=\"canonical\" href=\"https:\/\/www.africa-press.net\/togo\/culture-et-art\/le-palais-de-lome-rouvre-et-ambitionne-detre-le-nouveau-palace-de-la-culture-ouest-africaine\" \/>\n<meta property=\"og:locale\" content=\"fr_FR\" \/>\n<meta property=\"og:type\" content=\"article\" \/>\n<meta property=\"og:title\" content=\"Le Palais de Lom\u00e9 rouvre et ambitionne d\u2019\u00eatre le nouveau palace de la culture ouest-africaine\" \/>\n<meta property=\"og:description\" content=\"Apr\u00e8s cinq ans de travaux de r\u00e9novation, l\u2019ancienne r\u00e9sidence des gouverneurs, puis des h\u00f4tes de la pr\u00e9sidence, s\u2019est mu ...\" \/>\n<meta property=\"og:url\" content=\"https:\/\/www.africa-press.net\/togo\/culture-et-art\/le-palais-de-lome-rouvre-et-ambitionne-detre-le-nouveau-palace-de-la-culture-ouest-africaine\" \/>\n<meta property=\"og:site_name\" content=\"Togo\" \/>\n<meta property=\"article:published_time\" content=\"2020-12-28T04:09:43+00:00\" \/>\n<meta property=\"og:image\" content=\"https:\/\/static.africa-press.net\/centrafricaine\/sites\/58\/2020\/12\/img-5fe918a406a44.jpg\" \/>\n\t<meta property=\"og:image:width\" content=\"640\" \/>\n\t<meta property=\"og:image:height\" content=\"320\" \/>\n\t<meta property=\"og:image:type\" content=\"image\/jpeg\" \/>\n<meta name=\"author\" content=\"cfeditorfr\" \/>\n<meta name=\"twitter:card\" content=\"summary_large_image\" \/>\n<meta name=\"twitter:label1\" content=\"\u00c9crit par\" \/>\n\t<meta name=\"twitter:data1\" content=\"cfeditorfr\" \/>\n\t<meta name=\"twitter:label2\" content=\"Dur\u00e9e de lecture estim\u00e9e\" \/>\n\t<meta name=\"twitter:data2\" content=\"4 minutes\" \/>\n<script type=\"application\/ld+json\" class=\"yoast-schema-graph\">{\"@context\":\"https:\/\/schema.org\",\"@graph\":[{\"@type\":\"Article\",\"@id\":\"https:\/\/www.africa-press.net\/togo\/culture-et-art\/le-palais-de-lome-rouvre-et-ambitionne-detre-le-nouveau-palace-de-la-culture-ouest-africaine#article\",\"isPartOf\":{\"@id\":\"https:\/\/www.africa-press.net\/togo\/culture-et-art\/le-palais-de-lome-rouvre-et-ambitionne-detre-le-nouveau-palace-de-la-culture-ouest-africaine\"},\"author\":{\"name\":\"cfeditorfr\",\"@id\":\"https:\/\/www.africa-press.net\/togo\/#\/schema\/person\/2b1cf3cd81a31e3cd26889ca66d677f1\"},\"headline\":\"Le Palais de Lom\u00e9 rouvre et ambitionne d\u2019\u00eatre le nouveau palace de la culture ouest-africaine\",\"datePublished\":\"2020-12-28T04:09:43+00:00\",\"mainEntityOfPage\":{\"@id\":\"https:\/\/www.africa-press.net\/togo\/culture-et-art\/le-palais-de-lome-rouvre-et-ambitionne-detre-le-nouveau-palace-de-la-culture-ouest-africaine\"},\"wordCount\":844,\"commentCount\":0,\"image\":{\"@id\":\"https:\/\/www.africa-press.net\/togo\/culture-et-art\/le-palais-de-lome-rouvre-et-ambitionne-detre-le-nouveau-palace-de-la-culture-ouest-africaine#primaryimage\"},\"thumbnailUrl\":\"https:\/\/static.africa-press.net\/centrafricaine\/sites\/58\/2020\/12\/img-5fe918a406a44.jpg\",\"keywords\":[\"Africa Press\",\"Africa Press-Togo\",\"Togo\"],\"articleSection\":[\"Culture et Art\",\"homepage-french\",\"Toutes les actualit\u00e9s\"],\"inLanguage\":\"fr-FR\",\"potentialAction\":[{\"@type\":\"CommentAction\",\"name\":\"Comment\",\"target\":[\"https:\/\/www.africa-press.net\/togo\/culture-et-art\/le-palais-de-lome-rouvre-et-ambitionne-detre-le-nouveau-palace-de-la-culture-ouest-africaine#respond\"]}]},{\"@type\":\"WebPage\",\"@id\":\"https:\/\/www.africa-press.net\/togo\/culture-et-art\/le-palais-de-lome-rouvre-et-ambitionne-detre-le-nouveau-palace-de-la-culture-ouest-africaine\",\"url\":\"https:\/\/www.africa-press.net\/togo\/culture-et-art\/le-palais-de-lome-rouvre-et-ambitionne-detre-le-nouveau-palace-de-la-culture-ouest-africaine\",\"name\":\"Le Palais de Lom\u00e9 rouvre et ambitionne d\u2019\u00eatre le nouveau palace de la culture ouest-africaine - Togo\",\"isPartOf\":{\"@id\":\"https:\/\/www.africa-press.net\/togo\/#website\"},\"primaryImageOfPage\":{\"@id\":\"https:\/\/www.africa-press.net\/togo\/culture-et-art\/le-palais-de-lome-rouvre-et-ambitionne-detre-le-nouveau-palace-de-la-culture-ouest-africaine#primaryimage\"},\"image\":{\"@id\":\"https:\/\/www.africa-press.net\/togo\/culture-et-art\/le-palais-de-lome-rouvre-et-ambitionne-detre-le-nouveau-palace-de-la-culture-ouest-africaine#primaryimage\"},\"thumbnailUrl\":\"https:\/\/static.africa-press.net\/centrafricaine\/sites\/58\/2020\/12\/img-5fe918a406a44.jpg\",\"datePublished\":\"2020-12-28T04:09:43+00:00\",\"author\":{\"@id\":\"https:\/\/www.africa-press.net\/togo\/#\/schema\/person\/2b1cf3cd81a31e3cd26889ca66d677f1\"},\"description\":\"Apr\u00e8s cinq ans de travaux de r\u00e9novation, l\u2019ancienne r\u00e9sidence des gouverneurs, puis des h\u00f4tes de la pr\u00e9sidence, s\u2019est mu ...\",\"breadcrumb\":{\"@id\":\"https:\/\/www.africa-press.net\/togo\/culture-et-art\/le-palais-de-lome-rouvre-et-ambitionne-detre-le-nouveau-palace-de-la-culture-ouest-africaine#breadcrumb\"},\"inLanguage\":\"fr-FR\",\"potentialAction\":[{\"@type\":\"ReadAction\",\"target\":[\"https:\/\/www.africa-press.net\/togo\/culture-et-art\/le-palais-de-lome-rouvre-et-ambitionne-detre-le-nouveau-palace-de-la-culture-ouest-africaine\"]}]},{\"@type\":\"ImageObject\",\"inLanguage\":\"fr-FR\",\"@id\":\"https:\/\/www.africa-press.net\/togo\/culture-et-art\/le-palais-de-lome-rouvre-et-ambitionne-detre-le-nouveau-palace-de-la-culture-ouest-africaine#primaryimage\",\"url\":\"https:\/\/static.africa-press.net\/centrafricaine\/sites\/58\/2020\/12\/img-5fe918a406a44.jpg\",\"contentUrl\":\"https:\/\/static.africa-press.net\/centrafricaine\/sites\/58\/2020\/12\/img-5fe918a406a44.jpg\",\"width\":640,\"height\":320,\"caption\":\"Le Palais de Lom\u00e9 rouvre et ambitionne d\u2019\u00eatre le nouveau palace de la culture ouest-africaine\"},{\"@type\":\"BreadcrumbList\",\"@id\":\"https:\/\/www.africa-press.net\/togo\/culture-et-art\/le-palais-de-lome-rouvre-et-ambitionne-detre-le-nouveau-palace-de-la-culture-ouest-africaine#breadcrumb\",\"itemListElement\":[{\"@type\":\"ListItem\",\"position\":1,\"name\":\"Accueil\",\"item\":\"https:\/\/www.africa-press.net\/togo\/\"},{\"@type\":\"ListItem\",\"position\":2,\"name\":\"Le Palais de Lom\u00e9 rouvre et ambitionne d\u2019\u00eatre le nouveau palace de la culture ouest-africaine\"}]},{\"@type\":\"WebSite\",\"@id\":\"https:\/\/www.africa-press.net\/togo\/#website\",\"url\":\"https:\/\/www.africa-press.net\/togo\/\",\"name\":\"Togo\",\"description\":\"Just another Africa News Agency Sites site\",\"potentialAction\":[{\"@type\":\"SearchAction\",\"target\":{\"@type\":\"EntryPoint\",\"urlTemplate\":\"https:\/\/www.africa-press.net\/togo\/?s={search_term_string}\"},\"query-input\":{\"@type\":\"PropertyValueSpecification\",\"valueRequired\":true,\"valueName\":\"search_term_string\"}}],\"inLanguage\":\"fr-FR\"},{\"@type\":\"Person\",\"@id\":\"https:\/\/www.africa-press.net\/togo\/#\/schema\/person\/2b1cf3cd81a31e3cd26889ca66d677f1\",\"name\":\"cfeditorfr\"}]}<\/script>\n<!-- \/ Yoast SEO Premium plugin. -->","yoast_head_json":{"title":"Le Palais de Lom\u00e9 rouvre et ambitionne d\u2019\u00eatre le nouveau palace de la culture ouest-africaine - Togo","description":"Apr\u00e8s cinq ans de travaux de r\u00e9novation, l\u2019ancienne r\u00e9sidence des gouverneurs, puis des h\u00f4tes de la pr\u00e9sidence, s\u2019est mu ...","robots":{"index":"index","follow":"follow","max-snippet":"max-snippet:-1","max-image-preview":"max-image-preview:large","max-video-preview":"max-video-preview:-1"},"canonical":"https:\/\/www.africa-press.net\/togo\/culture-et-art\/le-palais-de-lome-rouvre-et-ambitionne-detre-le-nouveau-palace-de-la-culture-ouest-africaine","og_locale":"fr_FR","og_type":"article","og_title":"Le Palais de Lom\u00e9 rouvre et ambitionne d\u2019\u00eatre le nouveau palace de la culture ouest-africaine","og_description":"Apr\u00e8s cinq ans de travaux de r\u00e9novation, l\u2019ancienne r\u00e9sidence des gouverneurs, puis des h\u00f4tes de la pr\u00e9sidence, s\u2019est mu ...","og_url":"https:\/\/www.africa-press.net\/togo\/culture-et-art\/le-palais-de-lome-rouvre-et-ambitionne-detre-le-nouveau-palace-de-la-culture-ouest-africaine","og_site_name":"Togo","article_published_time":"2020-12-28T04:09:43+00:00","og_image":[{"width":640,"height":320,"url":"https:\/\/static.africa-press.net\/centrafricaine\/sites\/58\/2020\/12\/img-5fe918a406a44.jpg","type":"image\/jpeg"}],"author":"cfeditorfr","twitter_card":"summary_large_image","twitter_misc":{"\u00c9crit par":"cfeditorfr","Dur\u00e9e de lecture estim\u00e9e":"4 minutes"},"schema":{"@context":"https:\/\/schema.org","@graph":[{"@type":"Article","@id":"https:\/\/www.africa-press.net\/togo\/culture-et-art\/le-palais-de-lome-rouvre-et-ambitionne-detre-le-nouveau-palace-de-la-culture-ouest-africaine#article","isPartOf":{"@id":"https:\/\/www.africa-press.net\/togo\/culture-et-art\/le-palais-de-lome-rouvre-et-ambitionne-detre-le-nouveau-palace-de-la-culture-ouest-africaine"},"author":{"name":"cfeditorfr","@id":"https:\/\/www.africa-press.net\/togo\/#\/schema\/person\/2b1cf3cd81a31e3cd26889ca66d677f1"},"headline":"Le Palais de Lom\u00e9 rouvre et ambitionne d\u2019\u00eatre le nouveau palace de la culture ouest-africaine","datePublished":"2020-12-28T04:09:43+00:00","mainEntityOfPage":{"@id":"https:\/\/www.africa-press.net\/togo\/culture-et-art\/le-palais-de-lome-rouvre-et-ambitionne-detre-le-nouveau-palace-de-la-culture-ouest-africaine"},"wordCount":844,"commentCount":0,"image":{"@id":"https:\/\/www.africa-press.net\/togo\/culture-et-art\/le-palais-de-lome-rouvre-et-ambitionne-detre-le-nouveau-palace-de-la-culture-ouest-africaine#primaryimage"},"thumbnailUrl":"https:\/\/static.africa-press.net\/centrafricaine\/sites\/58\/2020\/12\/img-5fe918a406a44.jpg","keywords":["Africa Press","Africa Press-Togo","Togo"],"articleSection":["Culture et Art","homepage-french","Toutes les actualit\u00e9s"],"inLanguage":"fr-FR","potentialAction":[{"@type":"CommentAction","name":"Comment","target":["https:\/\/www.africa-press.net\/togo\/culture-et-art\/le-palais-de-lome-rouvre-et-ambitionne-detre-le-nouveau-palace-de-la-culture-ouest-africaine#respond"]}]},{"@type":"WebPage","@id":"https:\/\/www.africa-press.net\/togo\/culture-et-art\/le-palais-de-lome-rouvre-et-ambitionne-detre-le-nouveau-palace-de-la-culture-ouest-africaine","url":"https:\/\/www.africa-press.net\/togo\/culture-et-art\/le-palais-de-lome-rouvre-et-ambitionne-detre-le-nouveau-palace-de-la-culture-ouest-africaine","name":"Le Palais de Lom\u00e9 rouvre et ambitionne d\u2019\u00eatre le nouveau palace de la culture ouest-africaine - Togo","isPartOf":{"@id":"https:\/\/www.africa-press.net\/togo\/#website"},"primaryImageOfPage":{"@id":"https:\/\/www.africa-press.net\/togo\/culture-et-art\/le-palais-de-lome-rouvre-et-ambitionne-detre-le-nouveau-palace-de-la-culture-ouest-africaine#primaryimage"},"image":{"@id":"https:\/\/www.africa-press.net\/togo\/culture-et-art\/le-palais-de-lome-rouvre-et-ambitionne-detre-le-nouveau-palace-de-la-culture-ouest-africaine#primaryimage"},"thumbnailUrl":"https:\/\/static.africa-press.net\/centrafricaine\/sites\/58\/2020\/12\/img-5fe918a406a44.jpg","datePublished":"2020-12-28T04:09:43+00:00","author":{"@id":"https:\/\/www.africa-press.net\/togo\/#\/schema\/person\/2b1cf3cd81a31e3cd26889ca66d677f1"},"description":"Apr\u00e8s cinq ans de travaux de r\u00e9novation, l\u2019ancienne r\u00e9sidence des gouverneurs, puis des h\u00f4tes de la pr\u00e9sidence, s\u2019est mu ...","breadcrumb":{"@id":"https:\/\/www.africa-press.net\/togo\/culture-et-art\/le-palais-de-lome-rouvre-et-ambitionne-detre-le-nouveau-palace-de-la-culture-ouest-africaine#breadcrumb"},"inLanguage":"fr-FR","potentialAction":[{"@type":"ReadAction","target":["https:\/\/www.africa-press.net\/togo\/culture-et-art\/le-palais-de-lome-rouvre-et-ambitionne-detre-le-nouveau-palace-de-la-culture-ouest-africaine"]}]},{"@type":"ImageObject","inLanguage":"fr-FR","@id":"https:\/\/www.africa-press.net\/togo\/culture-et-art\/le-palais-de-lome-rouvre-et-ambitionne-detre-le-nouveau-palace-de-la-culture-ouest-africaine#primaryimage","url":"https:\/\/static.africa-press.net\/centrafricaine\/sites\/58\/2020\/12\/img-5fe918a406a44.jpg","contentUrl":"https:\/\/static.africa-press.net\/centrafricaine\/sites\/58\/2020\/12\/img-5fe918a406a44.jpg","width":640,"height":320,"caption":"Le Palais de Lom\u00e9 rouvre et ambitionne d\u2019\u00eatre le nouveau palace de la culture ouest-africaine"},{"@type":"BreadcrumbList","@id":"https:\/\/www.africa-press.net\/togo\/culture-et-art\/le-palais-de-lome-rouvre-et-ambitionne-detre-le-nouveau-palace-de-la-culture-ouest-africaine#breadcrumb","itemListElement":[{"@type":"ListItem","position":1,"name":"Accueil","item":"https:\/\/www.africa-press.net\/togo\/"},{"@type":"ListItem","position":2,"name":"Le Palais de Lom\u00e9 rouvre et ambitionne d\u2019\u00eatre le nouveau palace de la culture ouest-africaine"}]},{"@type":"WebSite","@id":"https:\/\/www.africa-press.net\/togo\/#website","url":"https:\/\/www.africa-press.net\/togo\/","name":"Togo","description":"Just another Africa News Agency Sites site","potentialAction":[{"@type":"SearchAction","target":{"@type":"EntryPoint","urlTemplate":"https:\/\/www.africa-press.net\/togo\/?s={search_term_string}"},"query-input":{"@type":"PropertyValueSpecification","valueRequired":true,"valueName":"search_term_string"}}],"inLanguage":"fr-FR"},{"@type":"Person","@id":"https:\/\/www.africa-press.net\/togo\/#\/schema\/person\/2b1cf3cd81a31e3cd26889ca66d677f1","name":"cfeditorfr"}]}},"_links":{"self":[{"href":"https:\/\/www.africa-press.net\/togo\/wp-json\/wp\/v2\/posts\/845","targetHints":{"allow":["GET"]}}],"collection":[{"href":"https:\/\/www.africa-press.net\/togo\/wp-json\/wp\/v2\/posts"}],"about":[{"href":"https:\/\/www.africa-press.net\/togo\/wp-json\/wp\/v2\/types\/post"}],"author":[{"embeddable":true,"href":"https:\/\/www.africa-press.net\/togo\/wp-json\/wp\/v2\/users\/82"}],"replies":[{"embeddable":true,"href":"https:\/\/www.africa-press.net\/togo\/wp-json\/wp\/v2\/comments?post=845"}],"version-history":[{"count":0,"href":"https:\/\/www.africa-press.net\/togo\/wp-json\/wp\/v2\/posts\/845\/revisions"}],"wp:featuredmedia":[{"embeddable":true,"href":"https:\/\/www.africa-press.net\/togo\/wp-json\/wp\/v2\/media\/844"}],"wp:attachment":[{"href":"https:\/\/www.africa-press.net\/togo\/wp-json\/wp\/v2\/media?parent=845"}],"wp:term":[{"taxonomy":"category","embeddable":true,"href":"https:\/\/www.africa-press.net\/togo\/wp-json\/wp\/v2\/categories?post=845"},{"taxonomy":"post_tag","embeddable":true,"href":"https:\/\/www.africa-press.net\/togo\/wp-json\/wp\/v2\/tags?post=845"}],"curies":[{"name":"wp","href":"https:\/\/api.w.org\/{rel}","templated":true}]}}