{"id":927,"date":"2021-02-25T08:15:25","date_gmt":"2021-02-25T08:15:25","guid":{"rendered":"https:\/\/www.africa-press.net\/togo\/?p=927"},"modified":"2021-02-25T16:36:21","modified_gmt":"2021-02-25T16:36:21","slug":"togo-la-petite-locomotive-ouest-africaine-va-t-elle-retrouver-son-elan","status":"publish","type":"post","link":"https:\/\/www.africa-press.net\/togo\/economie\/togo-la-petite-locomotive-ouest-africaine-va-t-elle-retrouver-son-elan","title":{"rendered":"la (petite) locomotive ouest-africaine va-t-elle retrouver son \u00e9lan\u00a0?"},"content":{"rendered":"<p><span style=\"color: #ff6600\"><strong><a href=\"https:\/\/www.africa-press.net\/\">Africa-Press<\/a> &#8211; <a href=\"https:\/\/www.africa-press.net\/togo\">Togo<\/a>. <\/strong><\/span>Les r\u00e9els progr\u00e8s \u00e9conomiques et sociaux enregistr\u00e9s ces derni\u00e8res ann\u00e9es sont quelque peu fragilis\u00e9s par les effets de la pand\u00e9mie de Covid-19. Le Togo fait partie des pays africains qui ont vite r\u00e9agi face au coronavirus. Fermeture des fronti\u00e8res, confinement, mise sous cloche de l\u2019\u00e9conomie, tracking et renforcement du syst\u00e8me hospitalier lui ont permis de contenir la pand\u00e9mie. En revanche, cette batterie de mesures a fait reculer l\u2019\u00e9conomie.<\/p>\n<p>\u00ab D\u2019apr\u00e8s l\u2019enqu\u00eate que nous avons men\u00e9e en juin 2020, cela a provoqu\u00e9 une baisse de 51,3 % de l\u2019activit\u00e9 des entreprises, d\u00e9clare Urbain Thierry Yogo, \u00e9conomiste senior de la Banque mondiale pour le Togo. Le gouvernement a att\u00e9nu\u00e9 le choc pour les \u00adentreprises en all\u00e9geant leurs charges fiscales et en exon\u00e9rant de TVA les importations des intrants agricoles et des mat\u00e9riels m\u00e9dicaux. Pendant l\u2019\u00e9tat d\u2019urgence \u00adsanitaire \u2013 qui a \u00e9t\u00e9 reconduit jusqu\u2019en mars 2021 \u2013, il a aussi mis en place un syst\u00e8me de protection sociale \u00adbaptis\u00e9 Novissi (\u00ab solidarit\u00e9 \u00bb), enti\u00e8rement digitalis\u00e9, pour transf\u00e9rer des sommes d\u2019argent aux plus vuln\u00e9rables. \u00bb<\/p>\n<p><b>Un \u00e9lan de r\u00e9formes stopp\u00e9<\/b><\/p>\n<p>Deux fois par mois, la personne qui remplissait les conditions requises recevait sur son t\u00e9l\u00e9phone \u00adportable 12\u2009250 F CFA (18,70 euros) quand il s\u2019agissait d\u2019une femme et 10\u2009500 F CFA pour un homme.<\/p>\n<p>Malgr\u00e9 ces parades, la croissance du pays pour 2020 sera ramen\u00e9e \u00e0 z\u00e9ro selon les projections du FMI et de la Banque mondiale, et \u00e0 + 0,7 selon les autorit\u00e9s togolaises. Les secteurs les plus touch\u00e9s sont le transport, la logistique et le tourisme. Ce qui est d\u00e9solant, car sous l\u2019effet des r\u00e9formes men\u00e9es par le gouvernement, le rythme de croissance s\u2019acc\u00e9l\u00e9rait d\u2019ann\u00e9e en ann\u00e9e.<\/p>\n\r\n                <style type=\"text\/css\">\r\n                    \r\n                    #td_uid_1_69f59ab728c41  .td-doubleSlider-2 .td-item1 {\r\n                        background: url(https:\/\/static.africa-press.net\/togo\/sites\/58\/2021\/02\/107-80x60.jpg) 0 0 no-repeat;\r\n                    }\r\n                    #td_uid_1_69f59ab728c41  .td-doubleSlider-2 .td-item2 {\r\n                        background: url(https:\/\/static.africa-press.net\/togo\/sites\/58\/2021\/02\/108-80x60.jpg) 0 0 no-repeat;\r\n                    }\r\n                    #td_uid_1_69f59ab728c41  .td-doubleSlider-2 .td-item3 {\r\n                        background: url(https:\/\/static.africa-press.net\/togo\/sites\/58\/2021\/02\/109-80x60.jpg) 0 0 no-repeat;\r\n                    }\r\n                <\/style>\r\n\r\n                <div id=\"td_uid_1_69f59ab728c41\" class=\"td-gallery td-slide-on-2-columns\">\r\n                    <div class=\"post_td_gallery\">\r\n                        <div class=\"td-gallery-slide-top\">\r\n                           <div class=\"td-gallery-title\"><\/div>\r\n\r\n                            <div class=\"td-gallery-controls-wrapper\">\r\n                                <div class=\"td-gallery-slide-count\"><span class=\"td-gallery-slide-item-focus\">1<\/span> de 3<\/div>\r\n                                <div class=\"td-gallery-slide-prev-next-but\">\r\n                                    <i class = \"td-icon-left doubleSliderPrevButton\"><\/i>\r\n                                    <i class = \"td-icon-right doubleSliderNextButton\"><\/i>\r\n                                <\/div>\r\n                            <\/div>\r\n                        <\/div>\r\n\r\n                        <div class = \"td-doubleSlider-1 \">\r\n                            <div class = \"td-slider\">\r\n                                \r\n                    <div class = \"td-slide-item td-item1\">\r\n                        <figure class=\"td-slide-galery-figure td-slide-popup-gallery\">\r\n                            <a class=\"slide-gallery-image-link\" href=\"https:\/\/static.africa-press.net\/togo\/sites\/58\/2021\/02\/107.jpg\" title=\"107\"  data-caption=\"\"  data-description=\"Les r&eacute;els progr&egrave;s &eacute;conomiques\">\r\n                                <img decoding=\"async\" src=\"https:\/\/static.africa-press.net\/togo\/sites\/58\/2021\/02\/107.jpg\" srcset=\"https:\/\/static.africa-press.net\/togo\/sites\/58\/2021\/02\/107.jpg 587w, https:\/\/static.africa-press.net\/togo\/sites\/58\/2021\/02\/107-300x198.jpg 300w\" sizes=\"(max-width: 587px) 100vw, 587px\" alt=\"\">\r\n                            <\/a>\r\n                            <figcaption class = \"td-slide-caption td-gallery-slide-content\"><span>Les r\u00e9els progr\u00e8s \u00e9conomiques<\/span><\/figcaption>\r\n                        <\/figure>\r\n                    <\/div>\r\n                    <div class = \"td-slide-item td-item2\">\r\n                        <figure class=\"td-slide-galery-figure td-slide-popup-gallery\">\r\n                            <a class=\"slide-gallery-image-link\" href=\"https:\/\/static.africa-press.net\/togo\/sites\/58\/2021\/02\/108.jpg\" title=\"108\"  data-caption=\"\"  data-description=\"Les r&eacute;els progr&egrave;s &eacute;conomiques\">\r\n                                <img decoding=\"async\" src=\"https:\/\/static.africa-press.net\/togo\/sites\/58\/2021\/02\/108.jpg\" srcset=\"https:\/\/static.africa-press.net\/togo\/sites\/58\/2021\/02\/108.jpg 581w, https:\/\/static.africa-press.net\/togo\/sites\/58\/2021\/02\/108-300x188.jpg 300w\" sizes=\"(max-width: 581px) 100vw, 581px\" alt=\"\">\r\n                            <\/a>\r\n                            <figcaption class = \"td-slide-caption td-gallery-slide-content\"><span>Les r\u00e9els progr\u00e8s \u00e9conomiques<\/span><\/figcaption>\r\n                        <\/figure>\r\n                    <\/div>\r\n                    <div class = \"td-slide-item td-item3\">\r\n                        <figure class=\"td-slide-galery-figure td-slide-popup-gallery\">\r\n                            <a class=\"slide-gallery-image-link\" href=\"https:\/\/static.africa-press.net\/togo\/sites\/58\/2021\/02\/109.jpg\" title=\"109\"  data-caption=\"\"  data-description=\"Les r&eacute;els progr&egrave;s &eacute;conomiques\">\r\n                                <img decoding=\"async\" src=\"https:\/\/static.africa-press.net\/togo\/sites\/58\/2021\/02\/109.jpg\" srcset=\"https:\/\/static.africa-press.net\/togo\/sites\/58\/2021\/02\/109.jpg 588w, https:\/\/static.africa-press.net\/togo\/sites\/58\/2021\/02\/109-300x175.jpg 300w\" sizes=\"(max-width: 588px) 100vw, 588px\" alt=\"\">\r\n                            <\/a>\r\n                            <figcaption class = \"td-slide-caption td-gallery-slide-content\"><span>Les r\u00e9els progr\u00e8s \u00e9conomiques<\/span><\/figcaption>\r\n                        <\/figure>\r\n                    <\/div>\r\n                            <\/div>\r\n                        <\/div>\r\n\r\n                        <div class = \"td-doubleSlider-2\">\r\n                            <div class = \"td-slider\">\r\n                                \r\n                    <div class = \"td-button td-item1\">\r\n                        <div class = \"td-border\"><\/div>\r\n                    <\/div>\r\n                    <div class = \"td-button td-item2\">\r\n                        <div class = \"td-border\"><\/div>\r\n                    <\/div>\r\n                    <div class = \"td-button td-item3\">\r\n                        <div class = \"td-border\"><\/div>\r\n                    <\/div>\r\n                            <\/div>\r\n                        <\/div>\r\n\r\n                    <\/div>\r\n\r\n                <\/div>\r\n                \n<p>La vitalit\u00e9 du secteur immobilier, la demande croissante de la classe moyenne, les bonnes r\u00e9coltes et l\u2019investissement public dans les infrastructures ont dop\u00e9 l\u2019\u00e9conomie. Il faut rendre \u00e0 C\u00e9sar ce qui appartient \u00e0 C\u00e9sar et porter au cr\u00e9dit du pr\u00e9sident Faure Gnassingb\u00e9 et de son gouvernement une volont\u00e9 r\u00e9formiste peu courante qui a pos\u00e9 les fondements de cette embellie.<\/p>\n<p><b>Inflation raisonnable et dette \u00ab dans les clous \u00bb<\/b><\/p>\n<p>Avec l\u2019aide technique du FMI qui a applaudi ces \u00ab progr\u00e8s consid\u00e9rables \u00bb, les recettes fiscales se sont inscrites en hausse gr\u00e2ce \u00e0 une digitalisation des d\u00e9clarations et des paiements des entreprises et \u00e0 un recul des exon\u00e9rations. On a bien tent\u00e9 de faire payer certaines taxes au secteur informel (91,6 % des emplois), mais l\u2019intervention des inspecteurs a irrit\u00e9 ce monde complexe, o\u00f9 le tout petit commerce c\u00f4toie la grosse combine\u2026<\/p>\n<p>Le d\u00e9ficit budg\u00e9taire a chut\u00e9 (de 8 % de moins en trois ans) gr\u00e2ce \u00e0 une r\u00e9duction des d\u00e9penses d\u2019investissements et une ma\u00eetrise de celles de fonctionnement. La dette est revenue dans les clous des imp\u00e9ratifs de l\u2019Union \u00e9conomique et mon\u00e9taire ouest-africaine (Uemoa). L\u2019inflation se maintenait sagement au-dessous de 2 %.<\/p>\n<p>C\u2019est dans le domaine du climat des affaires que le Togo s\u2019est montr\u00e9 le plus audacieux. En facilitant la naissance des entreprises, l\u2019obtention de leurs titres de propri\u00e9t\u00e9 ou l\u2019alimentation en \u00e9lectricit\u00e9 des unit\u00e9s de production, il a d\u00e9croch\u00e9 la troisi\u00e8me place mondiale et la premi\u00e8re place en Afrique des pays les plus r\u00e9formateurs, gagnant 59 places en deux ans au rapport \u00ab Doing Business 2020 \u00bb de la Banque mondiale.<\/p>\n<p>S\u2019il se classe aujourd\u2019hui 97e sur 190 pays \u00e9tudi\u00e9s, c\u2019est notamment parce qu\u2019il a supprim\u00e9 dix imp\u00f4ts, que le remboursement de la TVA intervient dans le mois et que la cr\u00e9ation d\u2019une entreprise prend quatre heures (contre trois mois auparavant) et co\u00fbte 29\u2009000 F CFA (au lieu de 262\u2009000 F CFA).<\/p>\n<p>Le pays n\u2019est cependant pas tir\u00e9 d\u2019affaire. Et pas seulement parce que l\u2019\u00e9pid\u00e9mie est venue brider cet \u00e9lan. Le rapport \u00ab Dynamiser l\u2019investissement priv\u00e9 pour plus de croissance et d\u2019emploi \u00bb, publi\u00e9 le 30 ao\u00fbt dernier par la Banque mondiale, souligne les d\u00e9fis qui attendent le Togo.<\/p>\n<p>Pour devenir le \u00ab hub r\u00e9gional \u00bb qu\u2019il ambitionne d\u2019\u00eatre, la mise \u00e0 niveau du port et de l\u2019a\u00e9roport de Lom\u00e9 ne suffit pas. Encore faut-il moderniser une flotte de camions hors d\u2019\u00e2ge et r\u00e9duire le temps de franchissement des fronti\u00e8res, lequel reste trois fois plus \u00e9lev\u00e9 qu\u2019au Ghana.<\/p>\n<p>Il est extr\u00eamement judicieux de miser sur les agropoles pour acc\u00e9l\u00e9rer la production agricole et sa transformation, comme de vouloir tripler la production de viande de volaille et d\u2019\u0153ufs d\u2019ici \u00e0 2023. Pour y parvenir, il conviendrait que les banques d\u00e9couvrent que l\u2019agriculture vaut la peine d\u2019\u00eatre financ\u00e9e\u2009: en 2017, celle-ci n\u2019obtenait que 0,2 % du total des pr\u00eats bancaires\u2026 C\u2019est l\u00e0 tout l\u2019enjeu du M\u00e9canisme incitatif de financement agricole (Mifa), dont les r\u00e9sultats sont encourageants, mais encore loin de satisfaire les besoins du secteur.<\/p>\n<p>Quant au fameux Plan national de d\u00e9veloppement (PND) 2018-2022, il est en cours d\u2019actualisation pour cause de Covid-19 \u2013 et heureusement, parce qu\u2019avant m\u00eame \u00adl\u2019\u00e9pid\u00e9mie il n\u2019\u00e9tait pas cr\u00e9dible. Le financement par le secteur priv\u00e9 de 65 % de ses 4\u2009622 milliards de F CFA semblait hors de port\u00e9e. Il supposait une \u00adcroissance annuelle de l\u2019investissement priv\u00e9 de 17 % entre 2018 et 2022, alors que son augmentation enregistr\u00e9e entre 2010 et 2018 n\u2019\u00e9tait que de 11 % par an.<\/p>\n<p>Le gouvernement doit aussi s\u2019attaquer \u00e0 d\u2019autres handicaps. L\u2019inad\u00e9quation des comp\u00e9tences de la main-d\u2019\u0153uvre par rapport aux besoins des entreprises figure au premier plan, dans un pays o\u00f9 seulement 60,4 % de la population adulte est alphab\u00e9tis\u00e9e et o\u00f9 3,1 % de la population active est dipl\u00f4m\u00e9e de l\u2019enseignement sup\u00e9rieur.<\/p>\n<p>Le pays est \u00e9galement \u00e0 la tra\u00eene en mati\u00e8re de haut d\u00e9bit mobile. La 3G couvre 65 % de la population, et la 4G, 10 %. Le co\u00fbt d\u2019utilisation des donn\u00e9es num\u00e9riques est trois fois plus \u00e9lev\u00e9 qu\u2019au Rwanda.<\/p>\n<p>Toujours selon les enqu\u00eates de la Banque mondiale, l\u2019innovation n\u2019est pas le fort des entreprises togolaises, dont seulement 1 % investissent dans la recherche et d\u00e9veloppement (R&amp;D). Cela s\u2019est vu durant le confinement, puisqu\u2019elles n\u2019ont pu mettre en t\u00e9l\u00e9travail que 2,7 % de leurs salari\u00e9s et que leurs ventes en ligne n\u2019ont \u00adrepr\u00e9sent\u00e9 durant cette p\u00e9riode que 8,6 % de leurs ventes totales.<\/p>\n<p>Le Togo est au milieu du gu\u00e9. Malgr\u00e9 la d\u00e9gradation de ses comptes due \u00e0 un surcro\u00eet de d\u00e9penses \u00adsanitaires et sociales au moment o\u00f9 ses recettes se tarissent, son assainissement ant\u00e9rieur n\u2019est pas perdu, \u00e0 condition qu\u2019il soit poursuivi. Pour cela, l\u2019aide des bailleurs ne devrait pas lui faire d\u00e9faut.<\/p>\n<div id=\"gtx-trans\">\n<div class=\"gtx-trans-icon\"><\/div>\n<\/div>\n","protected":false},"excerpt":{"rendered":"<p>Africa-Press &#8211; Togo. Les r\u00e9els progr\u00e8s \u00e9conomiques et sociaux enregistr\u00e9s ces derni\u00e8res ann\u00e9es sont quelque peu fragilis\u00e9s par les effets de la pand\u00e9mie de Covid-19. Le Togo fait partie des pays africains qui ont vite r\u00e9agi face au coronavirus. Fermeture des fronti\u00e8res, confinement, mise sous cloche de l\u2019\u00e9conomie, tracking et renforcement du syst\u00e8me hospitalier lui [&hellip;]<\/p>\n","protected":false},"author":82,"featured_media":926,"comment_status":"open","ping_status":"closed","sticky":false,"template":"","format":"standard","meta":{"footnotes":""},"categories":[7,3,11,10],"tags":[36,49,38,73,50],"class_list":["post-927","post","type-post","status-publish","format-standard","has-post-thumbnail","hentry","category-dossiers","category-economie","category-homepage-french","category-toutes-les-actualites","tag-africa-press","tag-africa-press-togo","tag-economie","tag-ouest-africaine","tag-togo"],"yoast_head":"<!-- This site is optimized with the Yoast SEO Premium plugin v26.1 (Yoast SEO v27.0) - https:\/\/yoast.com\/product\/yoast-seo-premium-wordpress\/ -->\n<title>la (petite) locomotive ouest-africaine va-t-elle retrouver son \u00e9lan\u00a0? - Togo<\/title>\n<meta name=\"description\" content=\"Les r\u00e9els progr\u00e8s \u00e9conomiques et sociaux enregistr\u00e9s ces derni\u00e8res ann\u00e9es sont quelque peu fragilis\u00e9s par les effets de ...\" \/>\n<meta name=\"robots\" content=\"index, follow, max-snippet:-1, max-image-preview:large, max-video-preview:-1\" \/>\n<link rel=\"canonical\" href=\"https:\/\/www.africa-press.net\/togo\/economie\/togo-la-petite-locomotive-ouest-africaine-va-t-elle-retrouver-son-elan\" \/>\n<meta property=\"og:locale\" content=\"fr_FR\" \/>\n<meta property=\"og:type\" content=\"article\" \/>\n<meta property=\"og:title\" content=\"la (petite) locomotive ouest-africaine va-t-elle retrouver son \u00e9lan\u00a0?\" \/>\n<meta property=\"og:description\" content=\"Les r\u00e9els progr\u00e8s \u00e9conomiques et sociaux enregistr\u00e9s ces derni\u00e8res ann\u00e9es sont quelque peu fragilis\u00e9s par les effets de ...\" \/>\n<meta property=\"og:url\" content=\"https:\/\/www.africa-press.net\/togo\/economie\/togo-la-petite-locomotive-ouest-africaine-va-t-elle-retrouver-son-elan\" \/>\n<meta property=\"og:site_name\" content=\"Togo\" \/>\n<meta property=\"article:published_time\" content=\"2021-02-25T08:15:25+00:00\" \/>\n<meta property=\"article:modified_time\" content=\"2021-02-25T16:36:21+00:00\" \/>\n<meta property=\"og:image\" content=\"https:\/\/static.africa-press.net\/togo\/sites\/58\/2021\/02\/img-60373d2992772.jpg\" \/>\n\t<meta property=\"og:image:width\" content=\"720\" \/>\n\t<meta property=\"og:image:height\" content=\"360\" \/>\n\t<meta property=\"og:image:type\" content=\"image\/jpeg\" \/>\n<meta name=\"author\" content=\"cfeditorfr\" \/>\n<meta name=\"twitter:card\" content=\"summary_large_image\" \/>\n<meta name=\"twitter:label1\" content=\"\u00c9crit par\" \/>\n\t<meta name=\"twitter:data1\" content=\"cfeditorfr\" \/>\n\t<meta name=\"twitter:label2\" content=\"Dur\u00e9e de lecture estim\u00e9e\" \/>\n\t<meta name=\"twitter:data2\" content=\"5 minutes\" \/>\n<script type=\"application\/ld+json\" class=\"yoast-schema-graph\">{\"@context\":\"https:\/\/schema.org\",\"@graph\":[{\"@type\":\"Article\",\"@id\":\"https:\/\/www.africa-press.net\/togo\/economie\/togo-la-petite-locomotive-ouest-africaine-va-t-elle-retrouver-son-elan#article\",\"isPartOf\":{\"@id\":\"https:\/\/www.africa-press.net\/togo\/economie\/togo-la-petite-locomotive-ouest-africaine-va-t-elle-retrouver-son-elan\"},\"author\":{\"name\":\"cfeditorfr\",\"@id\":\"https:\/\/www.africa-press.net\/togo\/#\/schema\/person\/2b1cf3cd81a31e3cd26889ca66d677f1\"},\"headline\":\"la (petite) locomotive ouest-africaine va-t-elle retrouver son \u00e9lan\u00a0?\",\"datePublished\":\"2021-02-25T08:15:25+00:00\",\"dateModified\":\"2021-02-25T16:36:21+00:00\",\"mainEntityOfPage\":{\"@id\":\"https:\/\/www.africa-press.net\/togo\/economie\/togo-la-petite-locomotive-ouest-africaine-va-t-elle-retrouver-son-elan\"},\"wordCount\":1173,\"commentCount\":0,\"image\":{\"@id\":\"https:\/\/www.africa-press.net\/togo\/economie\/togo-la-petite-locomotive-ouest-africaine-va-t-elle-retrouver-son-elan#primaryimage\"},\"thumbnailUrl\":\"https:\/\/static.africa-press.net\/togo\/sites\/58\/2021\/02\/img-60373d2992772.jpg\",\"keywords\":[\"Africa Press\",\"Africa Press-Togo\",\"Economie\",\"ouest-africaine\",\"Togo\"],\"articleSection\":[\"Dossiers\",\"\u00c9conomie\",\"homepage-french\",\"Toutes les actualit\u00e9s\"],\"inLanguage\":\"fr-FR\",\"potentialAction\":[{\"@type\":\"CommentAction\",\"name\":\"Comment\",\"target\":[\"https:\/\/www.africa-press.net\/togo\/economie\/togo-la-petite-locomotive-ouest-africaine-va-t-elle-retrouver-son-elan#respond\"]}]},{\"@type\":\"WebPage\",\"@id\":\"https:\/\/www.africa-press.net\/togo\/economie\/togo-la-petite-locomotive-ouest-africaine-va-t-elle-retrouver-son-elan\",\"url\":\"https:\/\/www.africa-press.net\/togo\/economie\/togo-la-petite-locomotive-ouest-africaine-va-t-elle-retrouver-son-elan\",\"name\":\"la (petite) locomotive ouest-africaine va-t-elle retrouver son \u00e9lan\u00a0? - Togo\",\"isPartOf\":{\"@id\":\"https:\/\/www.africa-press.net\/togo\/#website\"},\"primaryImageOfPage\":{\"@id\":\"https:\/\/www.africa-press.net\/togo\/economie\/togo-la-petite-locomotive-ouest-africaine-va-t-elle-retrouver-son-elan#primaryimage\"},\"image\":{\"@id\":\"https:\/\/www.africa-press.net\/togo\/economie\/togo-la-petite-locomotive-ouest-africaine-va-t-elle-retrouver-son-elan#primaryimage\"},\"thumbnailUrl\":\"https:\/\/static.africa-press.net\/togo\/sites\/58\/2021\/02\/img-60373d2992772.jpg\",\"datePublished\":\"2021-02-25T08:15:25+00:00\",\"dateModified\":\"2021-02-25T16:36:21+00:00\",\"author\":{\"@id\":\"https:\/\/www.africa-press.net\/togo\/#\/schema\/person\/2b1cf3cd81a31e3cd26889ca66d677f1\"},\"description\":\"Les r\u00e9els progr\u00e8s \u00e9conomiques et sociaux enregistr\u00e9s ces derni\u00e8res ann\u00e9es sont quelque peu fragilis\u00e9s par les effets de ...\",\"breadcrumb\":{\"@id\":\"https:\/\/www.africa-press.net\/togo\/economie\/togo-la-petite-locomotive-ouest-africaine-va-t-elle-retrouver-son-elan#breadcrumb\"},\"inLanguage\":\"fr-FR\",\"potentialAction\":[{\"@type\":\"ReadAction\",\"target\":[\"https:\/\/www.africa-press.net\/togo\/economie\/togo-la-petite-locomotive-ouest-africaine-va-t-elle-retrouver-son-elan\"]}]},{\"@type\":\"ImageObject\",\"inLanguage\":\"fr-FR\",\"@id\":\"https:\/\/www.africa-press.net\/togo\/economie\/togo-la-petite-locomotive-ouest-africaine-va-t-elle-retrouver-son-elan#primaryimage\",\"url\":\"https:\/\/static.africa-press.net\/togo\/sites\/58\/2021\/02\/img-60373d2992772.jpg\",\"contentUrl\":\"https:\/\/static.africa-press.net\/togo\/sites\/58\/2021\/02\/img-60373d2992772.jpg\",\"width\":720,\"height\":360,\"caption\":\"Togo : la (petite) locomotive ouest-africaine va-t-elle retrouver son \u00e9lan\u00a0?\"},{\"@type\":\"BreadcrumbList\",\"@id\":\"https:\/\/www.africa-press.net\/togo\/economie\/togo-la-petite-locomotive-ouest-africaine-va-t-elle-retrouver-son-elan#breadcrumb\",\"itemListElement\":[{\"@type\":\"ListItem\",\"position\":1,\"name\":\"Accueil\",\"item\":\"https:\/\/www.africa-press.net\/togo\/\"},{\"@type\":\"ListItem\",\"position\":2,\"name\":\"la (petite) locomotive ouest-africaine va-t-elle retrouver son \u00e9lan\u00a0?\"}]},{\"@type\":\"WebSite\",\"@id\":\"https:\/\/www.africa-press.net\/togo\/#website\",\"url\":\"https:\/\/www.africa-press.net\/togo\/\",\"name\":\"Togo\",\"description\":\"Just another Africa News Agency Sites site\",\"potentialAction\":[{\"@type\":\"SearchAction\",\"target\":{\"@type\":\"EntryPoint\",\"urlTemplate\":\"https:\/\/www.africa-press.net\/togo\/?s={search_term_string}\"},\"query-input\":{\"@type\":\"PropertyValueSpecification\",\"valueRequired\":true,\"valueName\":\"search_term_string\"}}],\"inLanguage\":\"fr-FR\"},{\"@type\":\"Person\",\"@id\":\"https:\/\/www.africa-press.net\/togo\/#\/schema\/person\/2b1cf3cd81a31e3cd26889ca66d677f1\",\"name\":\"cfeditorfr\"}]}<\/script>\n<!-- \/ Yoast SEO Premium plugin. -->","yoast_head_json":{"title":"la (petite) locomotive ouest-africaine va-t-elle retrouver son \u00e9lan\u00a0? - Togo","description":"Les r\u00e9els progr\u00e8s \u00e9conomiques et sociaux enregistr\u00e9s ces derni\u00e8res ann\u00e9es sont quelque peu fragilis\u00e9s par les effets de ...","robots":{"index":"index","follow":"follow","max-snippet":"max-snippet:-1","max-image-preview":"max-image-preview:large","max-video-preview":"max-video-preview:-1"},"canonical":"https:\/\/www.africa-press.net\/togo\/economie\/togo-la-petite-locomotive-ouest-africaine-va-t-elle-retrouver-son-elan","og_locale":"fr_FR","og_type":"article","og_title":"la (petite) locomotive ouest-africaine va-t-elle retrouver son \u00e9lan\u00a0?","og_description":"Les r\u00e9els progr\u00e8s \u00e9conomiques et sociaux enregistr\u00e9s ces derni\u00e8res ann\u00e9es sont quelque peu fragilis\u00e9s par les effets de ...","og_url":"https:\/\/www.africa-press.net\/togo\/economie\/togo-la-petite-locomotive-ouest-africaine-va-t-elle-retrouver-son-elan","og_site_name":"Togo","article_published_time":"2021-02-25T08:15:25+00:00","article_modified_time":"2021-02-25T16:36:21+00:00","og_image":[{"width":720,"height":360,"url":"https:\/\/static.africa-press.net\/togo\/sites\/58\/2021\/02\/img-60373d2992772.jpg","type":"image\/jpeg"}],"author":"cfeditorfr","twitter_card":"summary_large_image","twitter_misc":{"\u00c9crit par":"cfeditorfr","Dur\u00e9e de lecture estim\u00e9e":"5 minutes"},"schema":{"@context":"https:\/\/schema.org","@graph":[{"@type":"Article","@id":"https:\/\/www.africa-press.net\/togo\/economie\/togo-la-petite-locomotive-ouest-africaine-va-t-elle-retrouver-son-elan#article","isPartOf":{"@id":"https:\/\/www.africa-press.net\/togo\/economie\/togo-la-petite-locomotive-ouest-africaine-va-t-elle-retrouver-son-elan"},"author":{"name":"cfeditorfr","@id":"https:\/\/www.africa-press.net\/togo\/#\/schema\/person\/2b1cf3cd81a31e3cd26889ca66d677f1"},"headline":"la (petite) locomotive ouest-africaine va-t-elle retrouver son \u00e9lan\u00a0?","datePublished":"2021-02-25T08:15:25+00:00","dateModified":"2021-02-25T16:36:21+00:00","mainEntityOfPage":{"@id":"https:\/\/www.africa-press.net\/togo\/economie\/togo-la-petite-locomotive-ouest-africaine-va-t-elle-retrouver-son-elan"},"wordCount":1173,"commentCount":0,"image":{"@id":"https:\/\/www.africa-press.net\/togo\/economie\/togo-la-petite-locomotive-ouest-africaine-va-t-elle-retrouver-son-elan#primaryimage"},"thumbnailUrl":"https:\/\/static.africa-press.net\/togo\/sites\/58\/2021\/02\/img-60373d2992772.jpg","keywords":["Africa Press","Africa Press-Togo","Economie","ouest-africaine","Togo"],"articleSection":["Dossiers","\u00c9conomie","homepage-french","Toutes les actualit\u00e9s"],"inLanguage":"fr-FR","potentialAction":[{"@type":"CommentAction","name":"Comment","target":["https:\/\/www.africa-press.net\/togo\/economie\/togo-la-petite-locomotive-ouest-africaine-va-t-elle-retrouver-son-elan#respond"]}]},{"@type":"WebPage","@id":"https:\/\/www.africa-press.net\/togo\/economie\/togo-la-petite-locomotive-ouest-africaine-va-t-elle-retrouver-son-elan","url":"https:\/\/www.africa-press.net\/togo\/economie\/togo-la-petite-locomotive-ouest-africaine-va-t-elle-retrouver-son-elan","name":"la (petite) locomotive ouest-africaine va-t-elle retrouver son \u00e9lan\u00a0? - Togo","isPartOf":{"@id":"https:\/\/www.africa-press.net\/togo\/#website"},"primaryImageOfPage":{"@id":"https:\/\/www.africa-press.net\/togo\/economie\/togo-la-petite-locomotive-ouest-africaine-va-t-elle-retrouver-son-elan#primaryimage"},"image":{"@id":"https:\/\/www.africa-press.net\/togo\/economie\/togo-la-petite-locomotive-ouest-africaine-va-t-elle-retrouver-son-elan#primaryimage"},"thumbnailUrl":"https:\/\/static.africa-press.net\/togo\/sites\/58\/2021\/02\/img-60373d2992772.jpg","datePublished":"2021-02-25T08:15:25+00:00","dateModified":"2021-02-25T16:36:21+00:00","author":{"@id":"https:\/\/www.africa-press.net\/togo\/#\/schema\/person\/2b1cf3cd81a31e3cd26889ca66d677f1"},"description":"Les r\u00e9els progr\u00e8s \u00e9conomiques et sociaux enregistr\u00e9s ces derni\u00e8res ann\u00e9es sont quelque peu fragilis\u00e9s par les effets de ...","breadcrumb":{"@id":"https:\/\/www.africa-press.net\/togo\/economie\/togo-la-petite-locomotive-ouest-africaine-va-t-elle-retrouver-son-elan#breadcrumb"},"inLanguage":"fr-FR","potentialAction":[{"@type":"ReadAction","target":["https:\/\/www.africa-press.net\/togo\/economie\/togo-la-petite-locomotive-ouest-africaine-va-t-elle-retrouver-son-elan"]}]},{"@type":"ImageObject","inLanguage":"fr-FR","@id":"https:\/\/www.africa-press.net\/togo\/economie\/togo-la-petite-locomotive-ouest-africaine-va-t-elle-retrouver-son-elan#primaryimage","url":"https:\/\/static.africa-press.net\/togo\/sites\/58\/2021\/02\/img-60373d2992772.jpg","contentUrl":"https:\/\/static.africa-press.net\/togo\/sites\/58\/2021\/02\/img-60373d2992772.jpg","width":720,"height":360,"caption":"Togo : la (petite) locomotive ouest-africaine va-t-elle retrouver son \u00e9lan\u00a0?"},{"@type":"BreadcrumbList","@id":"https:\/\/www.africa-press.net\/togo\/economie\/togo-la-petite-locomotive-ouest-africaine-va-t-elle-retrouver-son-elan#breadcrumb","itemListElement":[{"@type":"ListItem","position":1,"name":"Accueil","item":"https:\/\/www.africa-press.net\/togo\/"},{"@type":"ListItem","position":2,"name":"la (petite) locomotive ouest-africaine va-t-elle retrouver son \u00e9lan\u00a0?"}]},{"@type":"WebSite","@id":"https:\/\/www.africa-press.net\/togo\/#website","url":"https:\/\/www.africa-press.net\/togo\/","name":"Togo","description":"Just another Africa News Agency Sites site","potentialAction":[{"@type":"SearchAction","target":{"@type":"EntryPoint","urlTemplate":"https:\/\/www.africa-press.net\/togo\/?s={search_term_string}"},"query-input":{"@type":"PropertyValueSpecification","valueRequired":true,"valueName":"search_term_string"}}],"inLanguage":"fr-FR"},{"@type":"Person","@id":"https:\/\/www.africa-press.net\/togo\/#\/schema\/person\/2b1cf3cd81a31e3cd26889ca66d677f1","name":"cfeditorfr"}]}},"_links":{"self":[{"href":"https:\/\/www.africa-press.net\/togo\/wp-json\/wp\/v2\/posts\/927","targetHints":{"allow":["GET"]}}],"collection":[{"href":"https:\/\/www.africa-press.net\/togo\/wp-json\/wp\/v2\/posts"}],"about":[{"href":"https:\/\/www.africa-press.net\/togo\/wp-json\/wp\/v2\/types\/post"}],"author":[{"embeddable":true,"href":"https:\/\/www.africa-press.net\/togo\/wp-json\/wp\/v2\/users\/82"}],"replies":[{"embeddable":true,"href":"https:\/\/www.africa-press.net\/togo\/wp-json\/wp\/v2\/comments?post=927"}],"version-history":[{"count":0,"href":"https:\/\/www.africa-press.net\/togo\/wp-json\/wp\/v2\/posts\/927\/revisions"}],"wp:featuredmedia":[{"embeddable":true,"href":"https:\/\/www.africa-press.net\/togo\/wp-json\/wp\/v2\/media\/926"}],"wp:attachment":[{"href":"https:\/\/www.africa-press.net\/togo\/wp-json\/wp\/v2\/media?parent=927"}],"wp:term":[{"taxonomy":"category","embeddable":true,"href":"https:\/\/www.africa-press.net\/togo\/wp-json\/wp\/v2\/categories?post=927"},{"taxonomy":"post_tag","embeddable":true,"href":"https:\/\/www.africa-press.net\/togo\/wp-json\/wp\/v2\/tags?post=927"}],"curies":[{"name":"wp","href":"https:\/\/api.w.org\/{rel}","templated":true}]}}